{"id":125261,"date":"2018-04-23T12:26:06","date_gmt":"2018-04-23T10:26:06","guid":{"rendered":"https:\/\/www.iphone-ticker.de\/?p=125261"},"modified":"2018-04-23T12:26:06","modified_gmt":"2018-04-23T10:26:06","slug":"der-letzte-exklusive-apple-watch-store-macht-dicht","status":"publish","type":"post","link":"https:\/\/www.iphone-ticker.de\/der-letzte-exklusive-apple-watch-store-macht-dicht-125261\/","title":{"rendered":"Der letzte exklusive &#8222;Apple Watch Store&#8220; macht dicht"},"content":{"rendered":"<p>Morgen j\u00e4hrt sich der Verkaufsstart der <a href=\"http:\/\/ifun.de\/applestore\/http:\/\/www.apple.com\/de\/shop\/buy-watch\/apple-watch\">Apple Watch<\/a> zum dritten Mal. Am 24. April 2015 brachte Apple die Smart Watch in Australien, China, Deutschland, Frankreich, Gro\u00dfbritannien, Hong Kong, Japan, Kanada und den USA in den Handel.<\/p>\n<p><a href=\"https:\/\/images.iphone-ticker.de\/wp-content\/uploads\/2018\/04\/apple-watch-isetan-.jpg\"><img loading=\"lazy\" decoding=\"async\" src=\"https:\/\/images.iphone-ticker.de\/wp-content\/uploads\/2018\/04\/apple-watch-isetan-.jpg\" alt=\"Apple Watch Isetan \" width=\"500\" height=\"367\" class=\"alignnone size-full wp-image-125262\" srcset=\"https:\/\/images.iphone-ticker.de\/wp-content\/uploads\/2018\/04\/apple-watch-isetan-.jpg 500w, https:\/\/images.iphone-ticker.de\/wp-content\/uploads\/2018\/04\/apple-watch-isetan--300x220.jpg 300w\" sizes=\"auto, (max-width: 500px) 100vw, 500px\" \/><\/a><\/p>\n<h6>Bild: <a href=\"https:\/\/twitter.com\/ShotaroAkiba\/status\/987623875910426625\">Twitter<\/a><\/h6>\n<p>Um der neuen Produktkategorie mehr Pr\u00e4senz zu verschaffen und zugleich wohl auch, um dem von Apple ersonnenen Status der Uhr als Mode- und Luxusgut gerecht zu werden, hat das Unternehmen die Apple Watch auch in exklusivem Umfeld in sogenannten Shop-in-Shop-Stores bei Galeries Lafayette in Paris, Selfridges in London und Isetan in Tokio angeboten. Die beiden europ\u00e4ischen Dependancen haben bereits im vergangenen Jahr wieder geschlossen, mit Isetan in Tokio wird am 13. Mai die letzte dieser exklusiven Ladenfl\u00e4chen ihren Betrieb einstellen.<\/p>\n<p>Apple hat mit Blick auf Funktionsumfang und Vermarktung der Uhr einen bezeichnenden Wandel vollzogen. Die f\u00fcr derartige Accessoires charakteristischen Fitness-Funktionen fristeten zun\u00e4chst eher ein Schattendasein, Apple pr\u00e4sentierte die Uhr als edles Mode-Accessoire und pr\u00e4sentierte mit der Apple Watch Edition voller Stolz eine Variante aus 18 Karat Ros\u00e9gold oder Gelbgold zu Preisen ab 11.000 Euro. Inzwischen nehmen die klassischen Sport- und Gesundheitsfunktionen bei der Vermarktung der Uhr eine wesentliche Rolle ein.<\/p>\n","protected":false},"excerpt":{"rendered":"<a href=\"https:\/\/www.iphone-ticker.de\/der-letzte-exklusive-apple-watch-store-macht-dicht-125261\/\"><img width=\"150\" height=\"150\" src=\"https:\/\/images.iphone-ticker.de\/wp-content\/uploads\/2018\/04\/apple-watch-isetan--150x150.jpg\" class=\"alignright tfe wp-post-image\" alt=\"Apple Watch Isetan\" decoding=\"async\" loading=\"lazy\" \/><\/a><p>Morgen j\u00e4hrt sich der Verkaufsstart der Apple Watch zum dritten Mal. Am 24. April 2015 brachte Apple die Smart Watch in Australien, China, Deutschland, Frankreich, Gro\u00dfbritannien, Hong Kong, Japan, Kanada und den USA in den Handel. Bild: Twitter Um der neuen Produktkategorie mehr Pr\u00e4senz zu verschaffen und zugleich wohl auch, um dem von Apple ersonnenen [&hellip;]<\/p>\n","protected":false},"author":2,"featured_media":125262,"comment_status":"open","ping_status":"closed","sticky":false,"template":"","format":"standard","meta":{"footnotes":""},"categories":[1],"tags":[2759,4312],"class_list":["post-125261","post","type-post","status-publish","format-standard","has-post-thumbnail","hentry","category-news","tag-apple-watch","tag-tokio"],"aioseo_notices":[],"subheadline":["3 Jahre nach dem Start"],"featured_image":["https:\/\/images.iphone-ticker.de\/wp-content\/uploads\/2017\/08\/apple-watch-1.jpg"],"rest_api_enabler":{"subheadline":"3 Jahre nach dem Start","featured_image":"https:\/\/images.iphone-ticker.de\/wp-content\/uploads\/2017\/08\/apple-watch-1.jpg"},"_links":{"self":[{"href":"https:\/\/www.iphone-ticker.de\/apiv2\/wp\/v2\/posts\/125261","targetHints":{"allow":["GET"]}}],"collection":[{"href":"https:\/\/www.iphone-ticker.de\/apiv2\/wp\/v2\/posts"}],"about":[{"href":"https:\/\/www.iphone-ticker.de\/apiv2\/wp\/v2\/types\/post"}],"author":[{"embeddable":true,"href":"https:\/\/www.iphone-ticker.de\/apiv2\/wp\/v2\/users\/2"}],"replies":[{"embeddable":true,"href":"https:\/\/www.iphone-ticker.de\/apiv2\/wp\/v2\/comments?post=125261"}],"version-history":[{"count":3,"href":"https:\/\/www.iphone-ticker.de\/apiv2\/wp\/v2\/posts\/125261\/revisions"}],"predecessor-version":[{"id":125265,"href":"https:\/\/www.iphone-ticker.de\/apiv2\/wp\/v2\/posts\/125261\/revisions\/125265"}],"wp:featuredmedia":[{"embeddable":true,"href":"https:\/\/www.iphone-ticker.de\/apiv2\/wp\/v2\/media\/125262"}],"wp:attachment":[{"href":"https:\/\/www.iphone-ticker.de\/apiv2\/wp\/v2\/media?parent=125261"}],"wp:term":[{"taxonomy":"category","embeddable":true,"href":"https:\/\/www.iphone-ticker.de\/apiv2\/wp\/v2\/categories?post=125261"},{"taxonomy":"post_tag","embeddable":true,"href":"https:\/\/www.iphone-ticker.de\/apiv2\/wp\/v2\/tags?post=125261"}],"curies":[{"name":"wp","href":"https:\/\/api.w.org\/{rel}","templated":true}]}}