{"id":125057,"date":"2018-04-17T14:16:49","date_gmt":"2018-04-17T12:16:49","guid":{"rendered":"https:\/\/www.iphone-ticker.de\/?p=125057"},"modified":"2018-04-17T14:17:51","modified_gmt":"2018-04-17T12:17:51","slug":"cdu-fordert-smartphone-verbot-fuer-klasse-1-bis-4","status":"publish","type":"post","link":"https:\/\/www.iphone-ticker.de\/cdu-fordert-smartphone-verbot-fuer-klasse-1-bis-4-125057\/","title":{"rendered":"CDU fordert &#8222;Smartphone-Verbot f\u00fcr Klasse 1 bis 4&#8220;"},"content":{"rendered":"<p>Im Rahmen ihrer diesj\u00e4hrigen <a href=\"http:\/\/www.cdu-fraktion.berlin.de\/index.php?ka=1&#038;ska=185&#038;idn=255\">Klausurtagung<\/a> hat die CDU-Fraktion Berlin ein Strategie-Papier vorgelegt, das ein Smartphone-Verbot in Schulen vorsieht und stimmt damit in den Chor der Smartphone-Kritiker ein, die sich zuletzt in Frankreich <a href=\"https:\/\/www.iphone-ticker.de\/ab-herbst-frankreich-verbannt-handys-aus-kitas-und-schulen-120275\/\">Geh\u00f6r verschaffen<\/a> konnten. <\/p>\n<p><a href=\"https:\/\/images.iphone-ticker.de\/wp-content\/uploads\/2018\/04\/schule.jpg\"><img decoding=\"async\" src=\"https:\/\/images.iphone-ticker.de\/wp-content\/uploads\/2018\/04\/schule.jpg\" alt=\"Schule\" width=\"500\" class=\"aligncenter size-full wp-image-125059\" srcset=\"https:\/\/images.iphone-ticker.de\/wp-content\/uploads\/2018\/04\/schule.jpg 1000w, https:\/\/images.iphone-ticker.de\/wp-content\/uploads\/2018\/04\/schule-300x200.jpg 300w\" sizes=\"(max-width: 1000px) 100vw, 1000px\" \/><\/a><\/p>\n<p>In ihrem &#8222;Antrag 10&#8220;, der unter der \u00dcberschrift &#8222;Alle Grundsch\u00fcler Erreichen mit dem &#8218;Masterplan Grundschule&#8216; Regelstandards!&#8220; am 15. April beschlossen wurde, fordert die Hauptstadt-CDU den Verzicht auf Smartphones in den unteren Klassenstufen und kann sich vorstellen, diese Idee auch durch eine vor\u00fcbergehende Abgabe mitgef\u00fchrter Ger\u00e4te umzusetzen. <\/p>\n<p>Der entsprechende Grundschul-Absatz im Volltext: <\/p>\n<blockquote><p>Kinder von heute verbringen viel mehr Zeit vor dem Smartphone als mit B\u00fcchern, wobei gerade das Lesen und Vorlesen von B\u00fcchern beim Lese- und Schreiberwerb nachweislich eine wichtige Rolle spielt. Am Bildschirm pr\u00e4gen sich W\u00f6rter und Inhalte weniger gut ein. Studien zeigen \u00fcberdies, dass Kinder aufgrund hohen Medienkonsums schon im Grundschulalter Aufmerksamkeits- und Konzentrationsdefizite haben und mit Gewaltspielen und anderen kindergef\u00e4hrdenden Internetseiten in Ber\u00fchrung kommen und dadurch verrohen. <\/p>\n<p>Eltern m\u00fcssen daher st\u00e4rker als bisher mit Fragen bzgl. ihres Anteils am Bildungserfolg und des Medienkonsums ihrer Kinder konfrontiert werden, hier handelt es sich um klassische erzieherische Aufgaben des Elternhauses. Wir sprechen uns f\u00fcr einen p\u00e4dagogisch sinnvollen Einsatz von der Schule zu stellenden, digitalen Medien in der Grundschule aus, aber gegen die Nutzung von Smartphones zumindest f\u00fcr die Klassen 1-4. Smartphones sind ggf. am Schuleingang abzugeben und bei Schulende wieder abzuholen. <\/p><\/blockquote>\n<p>Auch Apple wurde in den vergangenen Wochen mehrfach auf die negativen Auswirkungen der durch das iPhone mitverursachten Smartphone-Sucht angesprochen. Zuletzt sicherte der Konzern zu sich intensiv mit dem Thema besch\u00e4ftigen zu wollen, startete eine neue Familien-Sonderseite und k\u00fcndigte an die System-Beschr\u00e4nkungen f\u00fcr Kinder weiter ausbauen zu wollen.<\/p>\n<h2>Zum Nachlesen:<\/h2>\n<ul>\n<li><a href=\"https:\/\/www.iphone-ticker.de\/smartphone-sucht-apple-reagiert-auf-kritische-aktionaere-121117\/\">Smartphone-Sucht: Apple reagiert auf kritische Aktion\u00e4re<\/a><\/li>\n<li><a href=\"https:\/\/www.iphone-ticker.de\/apple-du-willst-nur-das-beste-fuer-deine-familie-wir-auch-123773\/\">Apple: \u201eDu willst nur das Beste f\u00fcr deine Familie. Wir auch.\u201c<\/a><\/li>\n<li><a href=\"https:\/\/www.iphone-ticker.de\/studenten-kritisieren-apple-aufgrund-fehlender-massnahmen-gegen-iphone-sucht-123392\/\">Studenten kritisieren Apple aufgrund \u201efehlender Ma\u00dfnahmen gegen iPhone-Sucht\u201c<\/a><\/li>\n<li><a href=\"https:\/\/www.iphone-ticker.de\/iphone-schwarz-weiss-die-times-empfiehlt-das-experiment-123224\/\">iPhone Schwarz-Wei\u00df: Die Times empfiehlt das Experiment<\/a><\/li>\n<li><a href=\"https:\/\/www.iphone-ticker.de\/br-videobeitrag-sklaven-der-smartphones-111912\/\">BR Videobeitrag: Sklaven der Smartphones<\/a><\/li>\n<\/ul>\n","protected":false},"excerpt":{"rendered":"<a href=\"https:\/\/www.iphone-ticker.de\/cdu-fordert-smartphone-verbot-fuer-klasse-1-bis-4-125057\/\"><img width=\"150\" height=\"150\" src=\"https:\/\/images.iphone-ticker.de\/wp-content\/uploads\/2018\/04\/handy-schule-150x150.jpg\" class=\"alignright tfe wp-post-image\" alt=\"Handy Schule\" decoding=\"async\" loading=\"lazy\" \/><\/a><p>Im Rahmen ihrer diesj\u00e4hrigen Klausurtagung hat die CDU-Fraktion Berlin ein Strategie-Papier vorgelegt, das ein Smartphone-Verbot in Schulen vorsieht und stimmt damit in den Chor der Smartphone-Kritiker ein, die sich zuletzt in Frankreich Geh\u00f6r verschaffen konnten. In ihrem &#8222;Antrag 10&#8220;, der unter der \u00dcberschrift &#8222;Alle Grundsch\u00fcler Erreichen mit dem &#8218;Masterplan Grundschule&#8216; Regelstandards!&#8220; am 15. April beschlossen [&hellip;]<\/p>\n","protected":false},"author":1,"featured_media":125060,"comment_status":"open","ping_status":"closed","sticky":false,"template":"","format":"standard","meta":{"footnotes":""},"categories":[749],"tags":[319,4304,61,412,147,456],"class_list":["post-125057","post","type-post","status-publish","format-standard","has-post-thumbnail","hentry","category-iphone-2","tag-berlin","tag-cdu","tag-kinder","tag-politik","tag-recht","tag-schule"],"aioseo_notices":[],"subheadline":["Beschluss der Berliner CDU-Fraktion"],"featured_image":["https:\/\/images.iphone-ticker.de\/wp-content\/uploads\/2018\/04\/handy-schule.jpg"],"rest_api_enabler":{"subheadline":"Beschluss der Berliner CDU-Fraktion","featured_image":"https:\/\/images.iphone-ticker.de\/wp-content\/uploads\/2018\/04\/handy-schule.jpg"},"_links":{"self":[{"href":"https:\/\/www.iphone-ticker.de\/apiv2\/wp\/v2\/posts\/125057","targetHints":{"allow":["GET"]}}],"collection":[{"href":"https:\/\/www.iphone-ticker.de\/apiv2\/wp\/v2\/posts"}],"about":[{"href":"https:\/\/www.iphone-ticker.de\/apiv2\/wp\/v2\/types\/post"}],"author":[{"embeddable":true,"href":"https:\/\/www.iphone-ticker.de\/apiv2\/wp\/v2\/users\/1"}],"replies":[{"embeddable":true,"href":"https:\/\/www.iphone-ticker.de\/apiv2\/wp\/v2\/comments?post=125057"}],"version-history":[{"count":5,"href":"https:\/\/www.iphone-ticker.de\/apiv2\/wp\/v2\/posts\/125057\/revisions"}],"predecessor-version":[{"id":125064,"href":"https:\/\/www.iphone-ticker.de\/apiv2\/wp\/v2\/posts\/125057\/revisions\/125064"}],"wp:featuredmedia":[{"embeddable":true,"href":"https:\/\/www.iphone-ticker.de\/apiv2\/wp\/v2\/media\/125060"}],"wp:attachment":[{"href":"https:\/\/www.iphone-ticker.de\/apiv2\/wp\/v2\/media?parent=125057"}],"wp:term":[{"taxonomy":"category","embeddable":true,"href":"https:\/\/www.iphone-ticker.de\/apiv2\/wp\/v2\/categories?post=125057"},{"taxonomy":"post_tag","embeddable":true,"href":"https:\/\/www.iphone-ticker.de\/apiv2\/wp\/v2\/tags?post=125057"}],"curies":[{"name":"wp","href":"https:\/\/api.w.org\/{rel}","templated":true}]}}