{"id":124908,"date":"2018-04-13T07:03:50","date_gmt":"2018-04-13T05:03:50","guid":{"rendered":"https:\/\/www.iphone-ticker.de\/?p=124908"},"modified":"2018-04-13T07:03:50","modified_gmt":"2018-04-13T05:03:50","slug":"imovie-mit-neuer-grafik-engine-und-iphone-x-anpassung","status":"publish","type":"post","link":"https:\/\/www.iphone-ticker.de\/imovie-mit-neuer-grafik-engine-und-iphone-x-anpassung-124908\/","title":{"rendered":"iMovie mit neuer Grafik-Engine und iPhone-X-Anpassung"},"content":{"rendered":"<p>Das iPhone X ist bald ein halbes Jahr auf dem Markt. Endlich hat es Apple nun geschafft, die Videoschnitt-App <a rel=\"noindex, nofollow\" rel=\"noindex, nofollow\" href=\"http:\/\/www.ifun.de\/app\/377298193\">iMovie<\/a> an den gro\u00dfen Bildschirm seines Flaggschiff-Modells anzupassen.<\/p>\n<p><a href=\"https:\/\/images.iphone-ticker.de\/wp-content\/uploads\/2018\/04\/imovie-iphone.jpg\"><img loading=\"lazy\" decoding=\"async\" src=\"https:\/\/images.iphone-ticker.de\/wp-content\/uploads\/2018\/04\/imovie-iphone.jpg\" alt=\"Imovie Iphone\" width=\"500\" height=\"240\" class=\"alignnone size-full wp-image-124910\" srcset=\"https:\/\/images.iphone-ticker.de\/wp-content\/uploads\/2018\/04\/imovie-iphone.jpg 500w, https:\/\/images.iphone-ticker.de\/wp-content\/uploads\/2018\/04\/imovie-iphone-300x144.jpg 300w\" sizes=\"auto, (max-width: 500px) 100vw, 500px\" \/><\/a><\/p>\n<p>Bereits zu Wochenbeginn hat Apple ja eine <a href=\"https:\/\/www.ifun.de\/neben-den-pro-updates-auch-imovie-in-neuer-version-120892\/\">neue Version von iMovie f\u00fcr Mac<\/a> ver\u00f6ffentlicht, die unter anderem ebenfalls Anpassungen f\u00fcr das iPhone X brachte. Die nun ver\u00f6ffentlichte Version 2.2.5 f\u00fcr iOS wurde auf das \u201eSuper Retina Display\u201c des iPhone X abgestimmt und verwendet nun auch Apples neuen Grafik-Unterbau \u201eMetal\u201c f\u00fcr die Grafikverarbeitung.<\/p>\n<p>iMovie 2.2.5 setzt iOS in Version 11.2 voraus und l\u00e4sst sich f\u00fcr iPhone und iPad optimiert kostenlos laden. Die aktuelle Version bringt Apple zufolge erg\u00e4nzend zu den oben genannten Neuerungen auch allgemeine Stabilit\u00e4tsverbesserungen.<\/p>\n<!-- WP-Appbox (Version: 4.5.12 \/\/ Store: appstore \/\/ ID: 377298193) -->\t<!-- app-link -->\n\t<div id=\"article-single-app-preview\">\n\t\t<div id=\"article-single-app-preview-header\">\n\t\t\t<span class=\"title\">Laden im App Store<\/span>\n\t\t<\/div>\n\t\t<div id=\"article-single-app-preview-content\">\n\t\t\t<div id=\"article-single-app-preview-img\"><img loading=\"lazy\" decoding=\"async\" src=\"\/\/www.iphone-ticker.de\/wp-content\/cache\/wp-appbox\/f581ecbca8ba30ac7eb6f42a94c824a4-deprecated\/ai-4ae2ec534c05dbe1c196ff54342bf737\" alt=\"iMovie\"  height=\"72\" width=\"72\" class=\"asl-icon-img\" \/><\/div>\n\t\t\t<div id=\"article-single-app-preview-desc\">\n\t\t\t\t<span class=\"name\">iMovie<\/span><br \/>\n\t\t\t\t<span class=\"seller\">Entwickler: <a target=\"_blank\" rel=\"nofollow\" href=\"https:\/\/apps.apple.com\/de\/developer\/apple\/id284417353?mt=12\">Apple<\/a><\/span>\n\t\t\t<\/div>\n\t\t\t<a target=\"_blank\" rel=\"nofollow\" href=\"https:\/\/apps.apple.com\/de\/app\/imovie\/id377298193\"><div id=\"article-single-app-preview-download\">Preis: Kostenlos<br \/>\n\t\t\t<span class=\"size\">Laden<\/span><\/div><\/a>\n\t\t<\/div>\n\t\t<!-- <div id=\"article-single-app-preview-footer\"><\/div>\t-->\n\t<\/div>\n\t<!-- app-link\/ende --><!-- \/WP-Appbox -->\n","protected":false},"excerpt":{"rendered":"<a href=\"https:\/\/www.iphone-ticker.de\/imovie-mit-neuer-grafik-engine-und-iphone-x-anpassung-124908\/\"><img width=\"150\" height=\"150\" src=\"https:\/\/images.iphone-ticker.de\/wp-content\/uploads\/2018\/04\/imovie-headr-150x150.jpg\" class=\"alignright tfe wp-post-image\" alt=\"Imovie Headr\" decoding=\"async\" loading=\"lazy\" \/><\/a><p>Das iPhone X ist bald ein halbes Jahr auf dem Markt. Endlich hat es Apple nun geschafft, die Videoschnitt-App iMovie an den gro\u00dfen Bildschirm seines Flaggschiff-Modells anzupassen. Bereits zu Wochenbeginn hat Apple ja eine neue Version von iMovie f\u00fcr Mac ver\u00f6ffentlicht, die unter anderem ebenfalls Anpassungen f\u00fcr das iPhone X brachte. Die nun ver\u00f6ffentlichte Version [&hellip;]<\/p>\n","protected":false},"author":2,"featured_media":124911,"comment_status":"open","ping_status":"closed","sticky":false,"template":"","format":"standard","meta":{"footnotes":""},"categories":[39],"tags":[3912,643,4052,8],"class_list":["post-124908","post","type-post","status-publish","format-standard","has-post-thumbnail","hentry","category-apps","tag-apple","tag-imovie","tag-iphone-x","tag-video"],"aioseo_notices":[],"subheadline":["Update auf Version 2.2.5"],"featured_image":["https:\/\/images.iphone-ticker.de\/wp-content\/uploads\/2018\/04\/imovie-headr.jpg"],"rest_api_enabler":{"subheadline":"Update auf Version 2.2.5","featured_image":"https:\/\/images.iphone-ticker.de\/wp-content\/uploads\/2018\/04\/imovie-headr.jpg"},"_links":{"self":[{"href":"https:\/\/www.iphone-ticker.de\/apiv2\/wp\/v2\/posts\/124908","targetHints":{"allow":["GET"]}}],"collection":[{"href":"https:\/\/www.iphone-ticker.de\/apiv2\/wp\/v2\/posts"}],"about":[{"href":"https:\/\/www.iphone-ticker.de\/apiv2\/wp\/v2\/types\/post"}],"author":[{"embeddable":true,"href":"https:\/\/www.iphone-ticker.de\/apiv2\/wp\/v2\/users\/2"}],"replies":[{"embeddable":true,"href":"https:\/\/www.iphone-ticker.de\/apiv2\/wp\/v2\/comments?post=124908"}],"version-history":[{"count":2,"href":"https:\/\/www.iphone-ticker.de\/apiv2\/wp\/v2\/posts\/124908\/revisions"}],"predecessor-version":[{"id":124912,"href":"https:\/\/www.iphone-ticker.de\/apiv2\/wp\/v2\/posts\/124908\/revisions\/124912"}],"wp:featuredmedia":[{"embeddable":true,"href":"https:\/\/www.iphone-ticker.de\/apiv2\/wp\/v2\/media\/124911"}],"wp:attachment":[{"href":"https:\/\/www.iphone-ticker.de\/apiv2\/wp\/v2\/media?parent=124908"}],"wp:term":[{"taxonomy":"category","embeddable":true,"href":"https:\/\/www.iphone-ticker.de\/apiv2\/wp\/v2\/categories?post=124908"},{"taxonomy":"post_tag","embeddable":true,"href":"https:\/\/www.iphone-ticker.de\/apiv2\/wp\/v2\/tags?post=124908"}],"curies":[{"name":"wp","href":"https:\/\/api.w.org\/{rel}","templated":true}]}}