{"id":12469,"date":"2010-07-16T13:24:13","date_gmt":"2010-07-16T11:24:13","guid":{"rendered":"http:\/\/www.iphone-ticker.de\/?p=12469"},"modified":"2010-07-16T13:24:13","modified_gmt":"2010-07-16T11:24:13","slug":"auf-eis-iphone-4%e2%80%93vorverkauft-in-osterreich-vorlaufig-gestoppt","status":"publish","type":"post","link":"https:\/\/www.iphone-ticker.de\/auf-eis-iphone-4%e2%80%93vorverkauft-in-osterreich-vorlaufig-gestoppt-12469\/","title":{"rendered":"Auf Eis: iPhone 4\u2013Vorverkauft in \u00d6sterreich vorl\u00e4ufig gestoppt"},"content":{"rendered":"<p>Nicht nur die Deutsche Telekom hat <a href=\"http:\/\/www.iphone-ticker.de\/2010\/07\/14\/iphone-4-telekom-rechnet-jetzt-mit-mehr-als-zwei-monaten-lieferverzogerung\/\">momentan mit  den erheblichen Lieferverz\u00f6gerungen<\/a> des iPhone 4 zu k\u00e4mpfen, auch unsere Nachbarn in \u00d6sterreich scheinen die Nachfrage nach Apples vierter iPhone-Generation nicht im Ansatz bedienen zu k\u00f6nnen.<\/p>\n<p>So stoppt Apples Mobilfunkpartner Orange.at den Vorverkauf des iPhone 4 nun g\u00e4nzlich. <a href=\"http:\/\/derstandard.at\/1277338247649\/Orange-stoppt-iPhone-4-Vorverkauf\">Der Standard<\/a> zitiert Orange-Chef Michael Krammer:<\/p>\n<blockquote><p><em>&#8222;Apple war offenbar auf den weltweiten Ansturm nicht vorbereitet und k\u00e4mpft jetzt mit Lieferschwierigkeiten. [&#8230;] Apple kann die zugesagten St\u00fcckzahlen f\u00fcr den Start des iPhone 4 in \u00d6sterreich Ende Juli nicht liefern&#8220;. Der Vorbverkauf, so Krammer, wird &#8222;bis auf weiteres&#8220; gestoppt. <\/em><\/p><\/blockquote>\n<p>Auch T-Mobile.at, der zweitgr\u00f6\u00dfte \u00d6sterreichische Mobilfunkanbieter sieht sich nicht in der Lage den &#8222;Run&#8220; auf das iPhone 4 zu befriedigen und hat zwischenzeitlich den hauseigenen Online-Shop geschlossen.<\/p>\n<blockquote><p><em>\u201eAufgrund dieses Ansturmes muss ab sofort der Online-Shop geschlossen  werden&#8220;, so T-Mobile in einer Stellungnahme. Allerdings sind  Reservierungen \u00fcber die Servicehotline und in den Shops weiterhin  m\u00f6glich.<\/em><\/p><\/blockquote>\n","protected":false},"excerpt":{"rendered":"<p>Nicht nur die Deutsche Telekom hat momentan mit den erheblichen Lieferverz\u00f6gerungen des iPhone 4 zu k\u00e4mpfen, auch unsere Nachbarn in \u00d6sterreich scheinen die Nachfrage nach Apples vierter iPhone-Generation nicht im Ansatz bedienen zu k\u00f6nnen. So stoppt Apples Mobilfunkpartner Orange.at den Vorverkauf des iPhone 4 nun g\u00e4nzlich. Der Standard zitiert Orange-Chef Michael Krammer: &#8222;Apple war offenbar [&hellip;]<\/p>\n","protected":false},"author":1,"featured_media":0,"comment_status":"open","ping_status":"closed","sticky":false,"template":"","format":"standard","meta":{"footnotes":""},"categories":[1],"tags":[635,32,155,124,12],"class_list":["post-12469","post","type-post","status-publish","format-standard","hentry","category-news","tag-iphone-4","tag-kritik","tag-osterreich","tag-tarif","tag-vertrag"],"aioseo_notices":[],"rest_api_enabler":[],"_links":{"self":[{"href":"https:\/\/www.iphone-ticker.de\/apiv2\/wp\/v2\/posts\/12469","targetHints":{"allow":["GET"]}}],"collection":[{"href":"https:\/\/www.iphone-ticker.de\/apiv2\/wp\/v2\/posts"}],"about":[{"href":"https:\/\/www.iphone-ticker.de\/apiv2\/wp\/v2\/types\/post"}],"author":[{"embeddable":true,"href":"https:\/\/www.iphone-ticker.de\/apiv2\/wp\/v2\/users\/1"}],"replies":[{"embeddable":true,"href":"https:\/\/www.iphone-ticker.de\/apiv2\/wp\/v2\/comments?post=12469"}],"version-history":[{"count":2,"href":"https:\/\/www.iphone-ticker.de\/apiv2\/wp\/v2\/posts\/12469\/revisions"}],"predecessor-version":[{"id":12471,"href":"https:\/\/www.iphone-ticker.de\/apiv2\/wp\/v2\/posts\/12469\/revisions\/12471"}],"wp:attachment":[{"href":"https:\/\/www.iphone-ticker.de\/apiv2\/wp\/v2\/media?parent=12469"}],"wp:term":[{"taxonomy":"category","embeddable":true,"href":"https:\/\/www.iphone-ticker.de\/apiv2\/wp\/v2\/categories?post=12469"},{"taxonomy":"post_tag","embeddable":true,"href":"https:\/\/www.iphone-ticker.de\/apiv2\/wp\/v2\/tags?post=12469"}],"curies":[{"name":"wp","href":"https:\/\/api.w.org\/{rel}","templated":true}]}}