{"id":124136,"date":"2018-03-23T09:36:48","date_gmt":"2018-03-23T08:36:48","guid":{"rendered":"https:\/\/www.iphone-ticker.de\/?p=124136"},"modified":"2018-03-23T09:38:43","modified_gmt":"2018-03-23T08:38:43","slug":"green-weekend-cyberport-bietet-specials-fuer-airpods-iphone-und-mac","status":"publish","type":"post","link":"https:\/\/www.iphone-ticker.de\/green-weekend-cyberport-bietet-specials-fuer-airpods-iphone-und-mac-124136\/","title":{"rendered":"Green Weekend: Cyberport bietet Specials f\u00fcr AirPods, iPhone und Mac"},"content":{"rendered":"<p>Der auf den Vertrieb von Apple-Produkten spezialisierte Einzelh\u00e4ndler Cyberport flankiert die <a href=\"http:\/\/amzn.to\/2pyxJEf\">Oster-Angebote-Woche<\/a> Amazons von heute an mit dem sogenannten <a href=\"https:\/\/www.awin1.com\/cread.php?s=2130125&#038;v=11657&#038;q=333392&#038;r=399545\">Green Weekend<\/a> und bietet im Rahmen der drei Tage aktiven Aktion unter ander die drahtlosen AirPods-Kopfh\u00f6rer mit einem ordentlichen Preisnachlass an. <\/p>\n<p><a href=\"https:\/\/www.awin1.com\/cread.php?s=2130125&#038;v=11657&#038;q=333392&#038;r=399545\"><img decoding=\"async\" src=\"https:\/\/images.iphone-ticker.de\/wp-content\/uploads\/2018\/03\/airpods.jpg\" alt=\"Airpods\" width=\"500\" class=\"aligncenter size-full wp-image-124139\" srcset=\"https:\/\/images.iphone-ticker.de\/wp-content\/uploads\/2018\/03\/airpods.jpg 1070w, https:\/\/images.iphone-ticker.de\/wp-content\/uploads\/2018\/03\/airpods-300x199.jpg 300w, https:\/\/images.iphone-ticker.de\/wp-content\/uploads\/2018\/03\/airpods-1024x679.jpg 1024w\" sizes=\"(max-width: 1070px) 100vw, 1070px\" \/><\/a><\/p>\n<p>Noch mal 20 Euro g\u00fcnstiger als w\u00e4hrend der <a href=\"https:\/\/www.iphone-ticker.de\/metro-iphone-x-und-airpods-zum-sonderpreis-123533\/\">METRO-Aktion<\/a>, k\u00f6nnen diese nun zum St\u00fcckpreis von 139 Euro und damit 40 Euro billiger als bei Apple mitgenommen werden. <\/p>\n<p>Dar\u00fcber hinaus bietet Cyberport das iPhone SE, das iPhone 6 und das iPad Pro 10,5&#8243; mit Preisreduzierungen an, hat iMac- und MacBook Air-Modelle im Lineup und verlangt f\u00fcr die Apple Watch Series 3 LTE in 42mm mit dem spacegrauen Sportarmband 419 statt 479 Euro. <\/p>\n<p>Alle Angebote des &#8222;Green Weekend&#8220; listet Cyberport <a href=\"https:\/\/www.awin1.com\/cread.php?s=2130125&#038;v=11657&#038;q=333392&#038;r=399545\">auf dieser Sonderseite<\/a>. <\/p>\n<blockquote><p>Aktionsbedingungen: Preise gelten vom 23.\u2009bis\u200926. M\u00e4rz 2018. Preisangaben in Euro inkl. gesetzlicher Mehrwertsteuer. Streichpreise beziehen sich auf die unverbindliche Preisempfehlung (UVP). Irrt\u00fcmer, Satz-\u2009\/\u2009Schreibfehler vorbehalten. Die Abgabe erfolgt nur an private Haushalte und nur in haushalts\u00fcblichen Mengen (max. 3 St\u00fcck) bzw. solange der Vorrat reicht.<\/p><\/blockquote>\n<p><a href=\"https:\/\/images.iphone-ticker.de\/wp-content\/uploads\/2018\/03\/rechner.jpg\"><img loading=\"lazy\" decoding=\"async\" src=\"https:\/\/images.iphone-ticker.de\/wp-content\/uploads\/2018\/03\/rechner.jpg\" alt=\"Rechner\" width=\"1500\" height=\"658\" class=\"aligncenter size-full wp-image-124142\" srcset=\"https:\/\/images.iphone-ticker.de\/wp-content\/uploads\/2018\/03\/rechner.jpg 1500w, https:\/\/images.iphone-ticker.de\/wp-content\/uploads\/2018\/03\/rechner-300x132.jpg 300w, https:\/\/images.iphone-ticker.de\/wp-content\/uploads\/2018\/03\/rechner-1024x449.jpg 1024w\" sizes=\"auto, (max-width: 1500px) 100vw, 1500px\" \/><\/a><br \/>\n<h8>Danke Werner<\/h8><\/p>\n","protected":false},"excerpt":{"rendered":"<a href=\"https:\/\/www.iphone-ticker.de\/green-weekend-cyberport-bietet-specials-fuer-airpods-iphone-und-mac-124136\/\"><img width=\"150\" height=\"150\" src=\"https:\/\/images.iphone-ticker.de\/wp-content\/uploads\/2018\/03\/airpods-150x150.jpg\" class=\"alignright tfe wp-post-image\" alt=\"Airpods\" decoding=\"async\" loading=\"lazy\" \/><\/a><p>Der auf den Vertrieb von Apple-Produkten spezialisierte Einzelh\u00e4ndler Cyberport flankiert die Oster-Angebote-Woche Amazons von heute an mit dem sogenannten Green Weekend und bietet im Rahmen der drei Tage aktiven Aktion unter ander die drahtlosen AirPods-Kopfh\u00f6rer mit einem ordentlichen Preisnachlass an. Noch mal 20 Euro g\u00fcnstiger als w\u00e4hrend der METRO-Aktion, k\u00f6nnen diese nun zum St\u00fcckpreis von [&hellip;]<\/p>\n","protected":false},"author":1,"featured_media":124139,"comment_status":"open","ping_status":"closed","sticky":false,"template":"","format":"standard","meta":{"footnotes":""},"categories":[24],"tags":[3567,5239],"class_list":["post-124136","post","type-post","status-publish","format-standard","has-post-thumbnail","hentry","category-zubehor","tag-airpods","tag-zubehoer"],"aioseo_notices":[],"subheadline":["139 Euro statt 179 Euro"],"featured_image":["https:\/\/images.iphone-ticker.de\/wp-content\/uploads\/2018\/03\/green-week.jpg"],"rest_api_enabler":{"subheadline":"139 Euro statt 179 Euro","featured_image":"https:\/\/images.iphone-ticker.de\/wp-content\/uploads\/2018\/03\/green-week.jpg"},"_links":{"self":[{"href":"https:\/\/www.iphone-ticker.de\/apiv2\/wp\/v2\/posts\/124136","targetHints":{"allow":["GET"]}}],"collection":[{"href":"https:\/\/www.iphone-ticker.de\/apiv2\/wp\/v2\/posts"}],"about":[{"href":"https:\/\/www.iphone-ticker.de\/apiv2\/wp\/v2\/types\/post"}],"author":[{"embeddable":true,"href":"https:\/\/www.iphone-ticker.de\/apiv2\/wp\/v2\/users\/1"}],"replies":[{"embeddable":true,"href":"https:\/\/www.iphone-ticker.de\/apiv2\/wp\/v2\/comments?post=124136"}],"version-history":[{"count":4,"href":"https:\/\/www.iphone-ticker.de\/apiv2\/wp\/v2\/posts\/124136\/revisions"}],"predecessor-version":[{"id":124143,"href":"https:\/\/www.iphone-ticker.de\/apiv2\/wp\/v2\/posts\/124136\/revisions\/124143"}],"wp:featuredmedia":[{"embeddable":true,"href":"https:\/\/www.iphone-ticker.de\/apiv2\/wp\/v2\/media\/124139"}],"wp:attachment":[{"href":"https:\/\/www.iphone-ticker.de\/apiv2\/wp\/v2\/media?parent=124136"}],"wp:term":[{"taxonomy":"category","embeddable":true,"href":"https:\/\/www.iphone-ticker.de\/apiv2\/wp\/v2\/categories?post=124136"},{"taxonomy":"post_tag","embeddable":true,"href":"https:\/\/www.iphone-ticker.de\/apiv2\/wp\/v2\/tags?post=124136"}],"curies":[{"name":"wp","href":"https:\/\/api.w.org\/{rel}","templated":true}]}}