{"id":123852,"date":"2018-03-16T19:10:37","date_gmt":"2018-03-16T18:10:37","guid":{"rendered":"https:\/\/www.iphone-ticker.de\/?p=123852"},"modified":"2018-03-16T19:10:37","modified_gmt":"2018-03-16T18:10:37","slug":"apple-eu-kommission-prueft-shazam-uebernahme-frankreich-kritisiert-app-store-vertraege","status":"publish","type":"post","link":"https:\/\/www.iphone-ticker.de\/apple-eu-kommission-prueft-shazam-uebernahme-frankreich-kritisiert-app-store-vertraege-123852\/","title":{"rendered":"Apple: EU-Kommission pr\u00fcft Shazam-\u00dcbernahme, Frankreich kritisiert App-Store-Vertr\u00e4ge"},"content":{"rendered":"<p>Mit Blick auf die <a href=\"https:\/\/www.iphone-ticker.de\/apple-uebernimmt-den-musik-identifikationsdienst-shazam-120171\/\" title=\"Mitte Dezember angek\u00fcndigte\">geplante<\/a> \u00dcbernahme von Shazam muss sich Apple noch gedulden. Die Europ\u00e4ische Kommission wird voraussichtlich erst Ende April \u00fcber die Rechtm\u00e4\u00dfigkeit des Vorgangs entscheiden.<\/p>\n<p><a href=\"https:\/\/images.iphone-ticker.de\/wp-content\/uploads\/2018\/03\/shazam-iphone-und-android.jpg\"><img loading=\"lazy\" decoding=\"async\" src=\"https:\/\/images.iphone-ticker.de\/wp-content\/uploads\/2018\/03\/shazam-iphone-und-android.jpg\" alt=\"Shazam Iphone Und Android\" width=\"500\" height=\"491\" class=\"alignnone size-full wp-image-123854\" srcset=\"https:\/\/images.iphone-ticker.de\/wp-content\/uploads\/2018\/03\/shazam-iphone-und-android.jpg 500w, https:\/\/images.iphone-ticker.de\/wp-content\/uploads\/2018\/03\/shazam-iphone-und-android-300x295.jpg 300w\" sizes=\"auto, (max-width: 500px) 100vw, 500px\" \/><\/a><\/p>\n<p>Bez\u00fcglich der anstehenden Fusion haben mehrere europ\u00e4ische Staaten <a href=\"https:\/\/www.ifun.de\/shazam-uebernahme-durch-apple-eu-kommission-ermittelt-118507\/\">wettbewerbsrechtliche Bedenken angemeldet<\/a> und eine Pr\u00fcfung durch die Kommission gefordert. Hintergrund ist der enorme Datenreichtum, der Apple mit einer \u00dcbernahme von Shazam beschert w\u00fcrde.<\/p>\n<p>Shazam besitzt umfangreiche Statistiken \u00fcber die Musiknutzung rund um den Globus. Wettbewerbsh\u00fcter bef\u00fcrchten nun, dass sich Apple mithilfe dieses Datenpools einen unlauteren Vorteil gegen\u00fcber der Konkurrenz verschaffen k\u00f6nnte. Neben den Nutzungsdaten von Apple-Kunden h\u00e4tte Apple \u00fcber Shazam auch Zugriff auf die digitalen Nutzungsprotokolle der Android-Nutzer. <a href=\"https:\/\/www.reuters.com\/article\/us-shazam-m-a-apple-eu\/eu-antitrust-regulators-to-decide-on-apple-shazam-deal-by-april-23-idUSKCN1GR1C4\">Sp\u00e4testens am 23. April<\/a> will die EU-Kommission ihre Entscheidung kundtun.<\/p>\n<h2>Frankreich kritisiert Apples Umgang mit Entwicklern<\/h2>\n<p>In Frankreich sehen sich Apple und Google gerade Vorw\u00fcrfen ausgesetzt, sie w\u00fcrden App-Entwickler g\u00e4ngeln. Der franz\u00f6sische Finanzminister Bruno Le Maire st\u00f6rt sich daran, dass die Preisstufen f\u00fcr Apps in den App Stores vorgegeben sind, die Unternehmen umfangreiche Daten der Entwickler erheben und ihre Vertr\u00e4ge einseitig gestalten.<\/p>\n<p>Apple weist dies von sich und erw\u00e4hnt in einer <a href=\"http:\/\/www.lefigaro.fr\/secteur\/high-tech\/2018\/03\/14\/32001-20180314ARTFIG00094-bruno-le-maire-veut-attaquer-google-et-apple-en-justice-pour-pratiques-commerciales-abusives.php\">Stellungnahme<\/a> nicht nur die guten Gesch\u00e4ftsbeziehungen zu den Entwicklern, sondern wirft auch ein, dass franz\u00f6sischen Entwickler bereits eine Milliarde Euro im App Store verdient h\u00e4tten.<\/p>\n<p><a href=\"https:\/\/images.iphone-ticker.de\/wp-content\/uploads\/2018\/03\/app-store-frankreich.jpg\"><img loading=\"lazy\" decoding=\"async\" src=\"https:\/\/images.iphone-ticker.de\/wp-content\/uploads\/2018\/03\/app-store-frankreich.jpg\" alt=\"App Store Frankreich\" width=\"700\" height=\"489\" class=\"alignnone size-full wp-image-123855\" srcset=\"https:\/\/images.iphone-ticker.de\/wp-content\/uploads\/2018\/03\/app-store-frankreich.jpg 700w, https:\/\/images.iphone-ticker.de\/wp-content\/uploads\/2018\/03\/app-store-frankreich-300x210.jpg 300w\" sizes=\"auto, (max-width: 700px) 100vw, 700px\" \/><\/a><\/p>\n<p>Die Vorw\u00fcrfe des franz\u00f6sischen Ministers klingen in der Tat etwas planlos, gefallen sind die S\u00e4tze in einem <a href=\"http:\/\/www.rtl.fr\/actu\/politique\/bruno-le-maire-sur-rtl-je-vais-assigner-google-et-apple-au-tribunal-7792617670\" title=\"a-t-il affirm\u00e9 au micro de RTL\">Rundfunkinterview<\/a> und bislang ist nicht klar, ob die angedrohten Ermittlungen tats\u00e4chlich auch eingeleitet werden.<\/p>\n","protected":false},"excerpt":{"rendered":"<a href=\"https:\/\/www.iphone-ticker.de\/apple-eu-kommission-prueft-shazam-uebernahme-frankreich-kritisiert-app-store-vertraege-123852\/\"><img width=\"150\" height=\"150\" src=\"https:\/\/images.iphone-ticker.de\/wp-content\/uploads\/2018\/03\/app-store-frankreich-150x150.jpg\" class=\"alignright tfe wp-post-image\" alt=\"App Store Frankreich\" decoding=\"async\" loading=\"lazy\" \/><\/a><p>Mit Blick auf die geplante \u00dcbernahme von Shazam muss sich Apple noch gedulden. Die Europ\u00e4ische Kommission wird voraussichtlich erst Ende April \u00fcber die Rechtm\u00e4\u00dfigkeit des Vorgangs entscheiden. Bez\u00fcglich der anstehenden Fusion haben mehrere europ\u00e4ische Staaten wettbewerbsrechtliche Bedenken angemeldet und eine Pr\u00fcfung durch die Kommission gefordert. Hintergrund ist der enorme Datenreichtum, der Apple mit einer \u00dcbernahme [&hellip;]<\/p>\n","protected":false},"author":2,"featured_media":123855,"comment_status":"open","ping_status":"closed","sticky":false,"template":"","format":"standard","meta":{"footnotes":""},"categories":[39],"tags":[3912,3914,158,2430],"class_list":["post-123852","post","type-post","status-publish","format-standard","has-post-thumbnail","hentry","category-apps","tag-apple","tag-apps","tag-frankreich","tag-shazam"],"aioseo_notices":[],"featured_image":["https:\/\/images.iphone-ticker.de\/wp-content\/uploads\/2017\/05\/shazam-iphone.jpg"],"subheadline":["Europa beschert Tim Cook \u00c4rger"],"rest_api_enabler":{"featured_image":"https:\/\/images.iphone-ticker.de\/wp-content\/uploads\/2017\/05\/shazam-iphone.jpg","subheadline":"Europa beschert Tim Cook \u00c4rger"},"_links":{"self":[{"href":"https:\/\/www.iphone-ticker.de\/apiv2\/wp\/v2\/posts\/123852","targetHints":{"allow":["GET"]}}],"collection":[{"href":"https:\/\/www.iphone-ticker.de\/apiv2\/wp\/v2\/posts"}],"about":[{"href":"https:\/\/www.iphone-ticker.de\/apiv2\/wp\/v2\/types\/post"}],"author":[{"embeddable":true,"href":"https:\/\/www.iphone-ticker.de\/apiv2\/wp\/v2\/users\/2"}],"replies":[{"embeddable":true,"href":"https:\/\/www.iphone-ticker.de\/apiv2\/wp\/v2\/comments?post=123852"}],"version-history":[{"count":3,"href":"https:\/\/www.iphone-ticker.de\/apiv2\/wp\/v2\/posts\/123852\/revisions"}],"predecessor-version":[{"id":123857,"href":"https:\/\/www.iphone-ticker.de\/apiv2\/wp\/v2\/posts\/123852\/revisions\/123857"}],"wp:featuredmedia":[{"embeddable":true,"href":"https:\/\/www.iphone-ticker.de\/apiv2\/wp\/v2\/media\/123855"}],"wp:attachment":[{"href":"https:\/\/www.iphone-ticker.de\/apiv2\/wp\/v2\/media?parent=123852"}],"wp:term":[{"taxonomy":"category","embeddable":true,"href":"https:\/\/www.iphone-ticker.de\/apiv2\/wp\/v2\/categories?post=123852"},{"taxonomy":"post_tag","embeddable":true,"href":"https:\/\/www.iphone-ticker.de\/apiv2\/wp\/v2\/tags?post=123852"}],"curies":[{"name":"wp","href":"https:\/\/api.w.org\/{rel}","templated":true}]}}