{"id":122802,"date":"2018-02-19T07:51:55","date_gmt":"2018-02-19T06:51:55","guid":{"rendered":"https:\/\/www.iphone-ticker.de\/?p=122802"},"modified":"2018-02-19T07:52:31","modified_gmt":"2018-02-19T06:52:31","slug":"fritzapp-fon-avm-implementiert-apples-callkit","status":"publish","type":"post","link":"https:\/\/www.iphone-ticker.de\/fritzapp-fon-avm-implementiert-apples-callkit-122802\/","title":{"rendered":"FRITZ!App Fon: AVM implementiert Apples CallKit"},"content":{"rendered":"<p>Der Berliner Netzwerk-Ausstatter AVM, hierzulande vor allem f\u00fcr seine FRITZ!Box-Router bekannt, hat sich zur Zukunft seiner iOS-Anwendung <a rel=\"noindex, nofollow\" href=\"http:\/\/www.ifun.de\/app\/372184475\">FRITZ!App Fon<\/a> ge\u00e4u\u00dfert, mit deren Hilfe Besitzer einer FRITZ!Box zu Hause \u00fcber Festnetz und Internet telefonieren k\u00f6nnen. <\/p>\n<p><a href=\"https:\/\/images.iphone-ticker.de\/wp-content\/uploads\/2018\/02\/callkit-schaubild.jpg\"><img decoding=\"async\" src=\"https:\/\/images.iphone-ticker.de\/wp-content\/uploads\/2018\/02\/callkit-schaubild.jpg\" alt=\"Callkit Schaubild\" width=\"500\" class=\"aligncenter size-full wp-image-122803\" srcset=\"https:\/\/images.iphone-ticker.de\/wp-content\/uploads\/2018\/02\/callkit-schaubild.jpg 1000w, https:\/\/images.iphone-ticker.de\/wp-content\/uploads\/2018\/02\/callkit-schaubild-300x170.jpg 300w\" sizes=\"(max-width: 1000px) 100vw, 1000px\" \/><\/a><\/p>\n<p>Noch im laufenden Jahr, dies teilte das Unternehmen auf dem Kurznachrichten-Portal Twitter <a href=\"https:\/\/twitter.com\/AVM_DE\/status\/964492916692578304\">mit<\/a>, soll die Gratis-Applikation um die volle Kompatibilit\u00e4t zu Apples <a href=\"https:\/\/developer.apple.com\/documentation\/callkit\">CallKit-Framework<\/a> erg\u00e4nzt werden. <\/p>\n<p>Bei CallKit handelt es sich um eine von Apple bereitgestellte System-Schnittstelle, die Drittanbieter-Applikationen mit VoIP-Funktionalit\u00e4t auf Augenh\u00f6he mit der Standard-Telefon-Funktion des iPhones hebt und diese zu vollwertigen Telefon-Alternativen macht. <\/p>\n<p>Anwender von CallKit-Applikationen m\u00fcssen nicht mehr sicherstellen, dass sie ihre VoIP-App nach einem Ger\u00e4te-Neustart oder l\u00e4ngerer Nicht-Benutzung manuell \u00f6ffnen, sondern k\u00f6nnen sich auf Apples Mobil-Betriebssystem verlassen, dass die Zuordnung von Anrufen, das Aufwecken der App bei eingehenden Anrufen und die Kompatibilit\u00e4t mit Siri und Carplay sicherstellt. <\/p>\n<p>W\u00e4hrend AVM der CallKit-Integration erst Anfang Dezember eine Absage erteilte, teilt das Unternehmen jetzt mit:<\/p>\n<blockquote><p>Wir arbeiten an der Implementierung von CallKit in die FRITZ!App Fon. Einen Termin k\u00f6nnen wir aber derzeit nicht nennen. [&#8230; Es wird in diesem Jahr kommen.<\/p><\/blockquote>\n<!-- WP-Appbox (Version: 4.5.12 \/\/ Store: appstore \/\/ ID: 372184475) -->\t<!-- app-link -->\n\t<div id=\"article-single-app-preview\">\n\t\t<div id=\"article-single-app-preview-header\">\n\t\t\t<span class=\"title\">Laden im App Store<\/span>\n\t\t<\/div>\n\t\t<div id=\"article-single-app-preview-content\">\n\t\t\t<div id=\"article-single-app-preview-img\"><img loading=\"lazy\" decoding=\"async\" src=\"\/\/www.iphone-ticker.de\/wp-content\/cache\/wp-appbox\/9f5e821823e5d2b4d166a2e1ac00354d\/ai-fbf4eb2f1e14a7c802b1b89e14f06e06\" alt=\"FRITZ!App Fon\"  height=\"72\" width=\"72\" class=\"asl-icon-img\" \/><\/div>\n\t\t\t<div id=\"article-single-app-preview-desc\">\n\t\t\t\t<span class=\"name\">FRITZ!App Fon<\/span><br \/>\n\t\t\t\t<span class=\"seller\">Entwickler: <a target=\"_blank\" rel=\"nofollow\" href=\"https:\/\/apps.apple.com\/de\/developer\/avm-gmbh\/id372184478\">AVM GmbH<\/a><\/span>\n\t\t\t<\/div>\n\t\t\t<a target=\"_blank\" rel=\"nofollow\" href=\"https:\/\/apps.apple.com\/de\/app\/fritz-app-fon\/id372184475\"><div id=\"article-single-app-preview-download\">Preis: Kostenlos<br \/>\n\t\t\t<span class=\"size\">Laden<\/span><\/div><\/a>\n\t\t<\/div>\n\t\t<!-- <div id=\"article-single-app-preview-footer\"><\/div>\t-->\n\t<\/div>\n\t<!-- app-link\/ende --><!-- \/WP-Appbox -->\n<p><video width=\"700\" height=\"390\" controls  poster=\"http:\/\/devstreaming.apple.com\/videos\/wwdc\/2016\/230b83wfxc7m69dm90q\/230\/images\/230_734x413.jpg\"><source src=\"http:\/\/devstreaming.apple.com\/videos\/wwdc\/2016\/230b83wfxc7m69dm90q\/230\/230_sd_enhancing_voip_apps_with_callkit.mp4?dl=1\" type=\"video\/mp4\"><\/video><\/p>\n","protected":false},"excerpt":{"rendered":"<a href=\"https:\/\/www.iphone-ticker.de\/fritzapp-fon-avm-implementiert-apples-callkit-122802\/\"><img width=\"150\" height=\"150\" src=\"https:\/\/images.iphone-ticker.de\/wp-content\/uploads\/2018\/02\/callkit-150x150.jpg\" class=\"alignright tfe wp-post-image\" alt=\"Callkit\" decoding=\"async\" loading=\"lazy\" \/><\/a><p>Der Berliner Netzwerk-Ausstatter AVM, hierzulande vor allem f\u00fcr seine FRITZ!Box-Router bekannt, hat sich zur Zukunft seiner iOS-Anwendung FRITZ!App Fon ge\u00e4u\u00dfert, mit deren Hilfe Besitzer einer FRITZ!Box zu Hause \u00fcber Festnetz und Internet telefonieren k\u00f6nnen. Noch im laufenden Jahr, dies teilte das Unternehmen auf dem Kurznachrichten-Portal Twitter mit, soll die Gratis-Applikation um die volle Kompatibilit\u00e4t zu [&hellip;]<\/p>\n","protected":false},"author":1,"featured_media":122804,"comment_status":"open","ping_status":"closed","sticky":false,"template":"","format":"standard","meta":{"footnotes":""},"categories":[39],"tags":[3912,529,3636,1354],"class_list":["post-122802","post","type-post","status-publish","format-standard","has-post-thumbnail","hentry","category-apps","tag-apple","tag-avm","tag-callkit","tag-fritzbox"],"aioseo_notices":[],"featured_image":["https:\/\/images.iphone-ticker.de\/wp-content\/uploads\/2018\/02\/callkit.jpg"],"subheadline":["Bald eine \"echte\" VoIP-App"],"rest_api_enabler":{"featured_image":"https:\/\/images.iphone-ticker.de\/wp-content\/uploads\/2018\/02\/callkit.jpg","subheadline":"Bald eine \"echte\" VoIP-App"},"_links":{"self":[{"href":"https:\/\/www.iphone-ticker.de\/apiv2\/wp\/v2\/posts\/122802","targetHints":{"allow":["GET"]}}],"collection":[{"href":"https:\/\/www.iphone-ticker.de\/apiv2\/wp\/v2\/posts"}],"about":[{"href":"https:\/\/www.iphone-ticker.de\/apiv2\/wp\/v2\/types\/post"}],"author":[{"embeddable":true,"href":"https:\/\/www.iphone-ticker.de\/apiv2\/wp\/v2\/users\/1"}],"replies":[{"embeddable":true,"href":"https:\/\/www.iphone-ticker.de\/apiv2\/wp\/v2\/comments?post=122802"}],"version-history":[{"count":3,"href":"https:\/\/www.iphone-ticker.de\/apiv2\/wp\/v2\/posts\/122802\/revisions"}],"predecessor-version":[{"id":122807,"href":"https:\/\/www.iphone-ticker.de\/apiv2\/wp\/v2\/posts\/122802\/revisions\/122807"}],"wp:featuredmedia":[{"embeddable":true,"href":"https:\/\/www.iphone-ticker.de\/apiv2\/wp\/v2\/media\/122804"}],"wp:attachment":[{"href":"https:\/\/www.iphone-ticker.de\/apiv2\/wp\/v2\/media?parent=122802"}],"wp:term":[{"taxonomy":"category","embeddable":true,"href":"https:\/\/www.iphone-ticker.de\/apiv2\/wp\/v2\/categories?post=122802"},{"taxonomy":"post_tag","embeddable":true,"href":"https:\/\/www.iphone-ticker.de\/apiv2\/wp\/v2\/tags?post=122802"}],"curies":[{"name":"wp","href":"https:\/\/api.w.org\/{rel}","templated":true}]}}