{"id":122478,"date":"2018-02-09T09:55:53","date_gmt":"2018-02-09T08:55:53","guid":{"rendered":"https:\/\/www.iphone-ticker.de\/?p=122478"},"modified":"2018-02-09T13:26:03","modified_gmt":"2018-02-09T12:26:03","slug":"airpod-hoerer-platzt-auf-apple-untersucht-nachrichtenbericht","status":"publish","type":"post","link":"https:\/\/www.iphone-ticker.de\/airpod-hoerer-platzt-auf-apple-untersucht-nachrichtenbericht-122478\/","title":{"rendered":"AirPod-H\u00f6rer platzt auf: Apple untersucht Nachrichtenbericht"},"content":{"rendered":"<p>Der amerikanische Nachrichtensender <a href=\"http:\/\/wfla.com\/2018\/02\/08\/tampa-man-says-apple-airpods-blew-up\/\">News Channel 8<\/a> leitet seinen Beitrag mit einem Verbraucher-Hinweis ein: &#8222;Seien Sie vorsichtig, wenn sie Apples AirPods besitzen.&#8220; <\/p>\n<p><a href=\"https:\/\/images.iphone-ticker.de\/wp-content\/uploads\/2018\/02\/kopfhoerer.jpg\"><img decoding=\"async\" src=\"https:\/\/images.iphone-ticker.de\/wp-content\/uploads\/2018\/02\/kopfhoerer.jpg\" alt=\"Kopfhoerer\" width=\"500\"  class=\"aligncenter size-full wp-image-122479\" srcset=\"https:\/\/images.iphone-ticker.de\/wp-content\/uploads\/2018\/02\/kopfhoerer.jpg 1000w, https:\/\/images.iphone-ticker.de\/wp-content\/uploads\/2018\/02\/kopfhoerer-300x156.jpg 300w\" sizes=\"(max-width: 1000px) 100vw, 1000px\" \/><\/a><\/p>\n<p>Was folgt, ist der erste bislang bekannte Bericht \u00fcber eine Akku-Fehlfunktion der drahtlosen Kopfh\u00f6rer, die f\u00fcr die erste &#8222;Explosion&#8220; der 179 Euro teuren Stecker gesorgt haben soll. <\/p>\n<p>Nach Angaben des betroffenen Anwenders, Jason Colon, soll sein rechte AirPod-Stecker beim Besuch eines Fitness-Studios damit begonnen haben wei\u00dfen Rauch abzusondern und seien anschlie\u00dfend geschmolzen. <\/p>\n<p>Zwar sei es Colon gegl\u00fcckt, den Stecker aus dem Ohr zu entfernen, das Ausma\u00df der anschlie\u00dfend sichtbaren Besch\u00e4digung h\u00e4tte den Nutzer jedoch schockiert: <\/p>\n<blockquote><p>Er war schon aufgeplatzt. Ich habe es nicht gesehen, aber er war ordentlich angekokelt. Sogar Brandsch\u00e4den sind sichtbar. Ich wei\u00df nicht, was mit meinem Ohr passiert w\u00e4re. Aber ich bin mir sicher, dass er mein Ohrl\u00e4ppchen verbrennen h\u00e4tte k\u00f6nnen.<\/p><\/blockquote>\n<p>Nach Angaben des Nachrichtensenders soll Apple nun eine Untersuchung des Vorfalls eingeleitet haben. <\/p>\n<p><div class=\"responsive-video\"><iframe loading=\"lazy\" width=\"700\" height=\"371\" src=\"https:\/\/www.youtube-nocookie.com\/embed\/PCo_0cdX3Sk\" frameborder=\"0\" allowfullscreen><\/iframe><\/div><\/p>\n","protected":false},"excerpt":{"rendered":"<a href=\"https:\/\/www.iphone-ticker.de\/airpod-hoerer-platzt-auf-apple-untersucht-nachrichtenbericht-122478\/\"><img width=\"150\" height=\"150\" src=\"https:\/\/images.iphone-ticker.de\/wp-content\/uploads\/2018\/02\/airpods-platz-auf-150x150.jpg\" class=\"alignright tfe wp-post-image\" alt=\"Airpods Platz Auf\" decoding=\"async\" loading=\"lazy\" \/><\/a><p>Der amerikanische Nachrichtensender News Channel 8 leitet seinen Beitrag mit einem Verbraucher-Hinweis ein: &#8222;Seien Sie vorsichtig, wenn sie Apples AirPods besitzen.&#8220; Was folgt, ist der erste bislang bekannte Bericht \u00fcber eine Akku-Fehlfunktion der drahtlosen Kopfh\u00f6rer, die f\u00fcr die erste &#8222;Explosion&#8220; der 179 Euro teuren Stecker gesorgt haben soll. Nach Angaben des betroffenen Anwenders, Jason Colon, [&hellip;]<\/p>\n","protected":false},"author":1,"featured_media":122480,"comment_status":"open","ping_status":"closed","sticky":false,"template":"","format":"standard","meta":{"footnotes":""},"categories":[24],"tags":[3567,27,3912,618,8],"class_list":["post-122478","post","type-post","status-publish","format-standard","has-post-thumbnail","hentry","category-zubehor","tag-airpods","tag-akku","tag-apple","tag-defekt","tag-video"],"aioseo_notices":[],"featured_image":["https:\/\/images.iphone-ticker.de\/wp-content\/uploads\/2018\/02\/airpods-platz-auf.jpg"],"subheadline":["Video zeigt defekten Stecker"],"rest_api_enabler":{"featured_image":"https:\/\/images.iphone-ticker.de\/wp-content\/uploads\/2018\/02\/airpods-platz-auf.jpg","subheadline":"Video zeigt defekten Stecker"},"_links":{"self":[{"href":"https:\/\/www.iphone-ticker.de\/apiv2\/wp\/v2\/posts\/122478","targetHints":{"allow":["GET"]}}],"collection":[{"href":"https:\/\/www.iphone-ticker.de\/apiv2\/wp\/v2\/posts"}],"about":[{"href":"https:\/\/www.iphone-ticker.de\/apiv2\/wp\/v2\/types\/post"}],"author":[{"embeddable":true,"href":"https:\/\/www.iphone-ticker.de\/apiv2\/wp\/v2\/users\/1"}],"replies":[{"embeddable":true,"href":"https:\/\/www.iphone-ticker.de\/apiv2\/wp\/v2\/comments?post=122478"}],"version-history":[{"count":4,"href":"https:\/\/www.iphone-ticker.de\/apiv2\/wp\/v2\/posts\/122478\/revisions"}],"predecessor-version":[{"id":122494,"href":"https:\/\/www.iphone-ticker.de\/apiv2\/wp\/v2\/posts\/122478\/revisions\/122494"}],"wp:featuredmedia":[{"embeddable":true,"href":"https:\/\/www.iphone-ticker.de\/apiv2\/wp\/v2\/media\/122480"}],"wp:attachment":[{"href":"https:\/\/www.iphone-ticker.de\/apiv2\/wp\/v2\/media?parent=122478"}],"wp:term":[{"taxonomy":"category","embeddable":true,"href":"https:\/\/www.iphone-ticker.de\/apiv2\/wp\/v2\/categories?post=122478"},{"taxonomy":"post_tag","embeddable":true,"href":"https:\/\/www.iphone-ticker.de\/apiv2\/wp\/v2\/tags?post=122478"}],"curies":[{"name":"wp","href":"https:\/\/api.w.org\/{rel}","templated":true}]}}