{"id":122430,"date":"2018-02-08T12:34:05","date_gmt":"2018-02-08T11:34:05","guid":{"rendered":"https:\/\/www.iphone-ticker.de\/?p=122430"},"modified":"2018-02-09T19:11:56","modified_gmt":"2018-02-09T18:11:56","slug":"airpower-apples-3-in-1-qi-ladegeraet-soll-im-maerz-kommen","status":"publish","type":"post","link":"https:\/\/www.iphone-ticker.de\/airpower-apples-3-in-1-qi-ladegeraet-soll-im-maerz-kommen-122430\/","title":{"rendered":"AirPower: Apples 3-in-1-Qi-Ladeger\u00e4t soll im M\u00e4rz kommen"},"content":{"rendered":"<p>Um die im September von Apple angek\u00fcndigte Qi-Ladematte <a href=\"https:\/\/www.iphone-ticker.de\/apple-stellt-das-iphone-x-vor-116535#AirPower\" title=\"AirPower\">AirPower<\/a> und auch die damit kompatible Ladeh\u00fclle f\u00fcr die <a href=\"http:\/\/ifun.de\/applestore\/http:\/\/store.apple.com\/de\/go\/product\/MMEF2\" title=\"AirPods\">AirPods<\/a> ist es in den vergangenen Wochen still geworden. Nun hei\u00dft es, dass Apple die Markteinf\u00fchrung der beiden Produktneuheiten f\u00fcr M\u00e4rz plant.<\/p>\n<p>Die Webseite <a href=\"https:\/\/www.theapplepost.com\/apple-reportedly-launching-airpower-in-march\/\">ApplePost<\/a> will entsprechende Informationen aus H\u00e4ndlerkreisen haben. Demnach rechnet der amerikanische Elektronikh\u00e4ndler BestBuy damit, die Produkte Ende M\u00e4rz anbieten zu k\u00f6nnen. Apple selbst soll ebenfalls in diesem Zeitraum mit dem Vertrieb beginnen.<\/p>\n<p><a href=\"https:\/\/images.iphone-ticker.de\/wp-content\/uploads\/2017\/11\/airpower-apple-qi-ladegeraet.jpg\"><img loading=\"lazy\" decoding=\"async\" src=\"https:\/\/images.iphone-ticker.de\/wp-content\/uploads\/2017\/11\/airpower-apple-qi-ladegeraet.jpg\" alt=\"Airpower Apple Qi Ladegeraet\" width=\"700\" height=\"390\" class=\"alignnone size-full wp-image-118503\" srcset=\"https:\/\/images.iphone-ticker.de\/wp-content\/uploads\/2017\/11\/airpower-apple-qi-ladegeraet.jpg 700w, https:\/\/images.iphone-ticker.de\/wp-content\/uploads\/2017\/11\/airpower-apple-qi-ladegeraet-300x167.jpg 300w\" sizes=\"auto, (max-width: 700px) 100vw, 700px\" \/><\/a><\/p>\n<p>Mit AirPower werden sich bis zu drei Ger\u00e4te gleichzeitig induktiv laden lassen, insbesondere nennt Apple hier auch Kompatibilit\u00e4t mit der Apple Watch. F\u00fcr die drahtlosen Ohrh\u00f6rer AirPods soll parallel dazu eine mit dem Ladepad kompatible Akku-H\u00fclle angeboten werden, in der Standardversion muss diese noch mit einem Lightning-Kabel aufgeladen werden.<\/p>\n<p>Apple verspricht uns mit AirPower nicht nur die M\u00f6glichkeit, iPhone, Apple Watch und AirPods auch gleichzeitig nebeneinander aufzuladen, sondern dies auch mit maximaler Geschwindigkeit. Als weiteren Vorteil gegen\u00fcber herk\u00f6mmlichen Qi-Ger\u00e4ten sollen sich die zu ladenden Ger\u00e4te recht freiz\u00fcgig platzieren lassen, einfache Ladeger\u00e4te erfordern oft eine exakte Platzierung, um ausreichend Kontakt herzustellen.<\/p>\n<p>Spannend wird es mit Blick auf den Preis des Zubeh\u00f6rs. Apple hat hierzu bislang noch keinerlei Angaben gemacht. Die Ger\u00fcchtek\u00fcche spekuliert bereits in Gr\u00f6\u00dfenordnungen um die <a href=\"https:\/\/www.iphone-ticker.de\/kostet-apples-qi-ladegeraet-airpower-200-euro-118499\/\" title=\"Kostet Apples Qi-Ladeger\u00e4t AirPower 200 Euro?\">200 Dollar<\/a>, f\u00fcr die optionale Qi-Ladeh\u00fclle f\u00fcr die AirPods sind 69 Dollar im Gespr\u00e4ch.<\/p>\n","protected":false},"excerpt":{"rendered":"<a href=\"https:\/\/www.iphone-ticker.de\/airpower-apples-3-in-1-qi-ladegeraet-soll-im-maerz-kommen-122430\/\"><img decoding=\"async\" width=\"150\" src=\"https:\/\/images.iphone-ticker.de\/wp-content\/uploads\/2017\/11\/airpower-apple-qi-ladegeraet.jpg\" class=\"alignright wp-post-image tfe\" alt=\"Airpower Apple Qi Ladegeraet\" title=\"\" \/><\/a><p>Um die im September von Apple angek\u00fcndigte Qi-Ladematte AirPower und auch die damit kompatible Ladeh\u00fclle f\u00fcr die AirPods ist es in den vergangenen Wochen still geworden. Nun hei\u00dft es, dass Apple die Markteinf\u00fchrung der beiden Produktneuheiten f\u00fcr M\u00e4rz plant. Die Webseite ApplePost will entsprechende Informationen aus H\u00e4ndlerkreisen haben. Demnach rechnet der amerikanische Elektronikh\u00e4ndler BestBuy damit, [&hellip;]<\/p>\n","protected":false},"author":2,"featured_media":0,"comment_status":"open","ping_status":"closed","sticky":false,"template":"","format":"standard","meta":{"footnotes":""},"categories":[24,1975],"tags":[3567,4058,45],"class_list":["post-122430","post","type-post","status-publish","format-standard","hentry","category-zubehor","category-feature","tag-airpods","tag-airpower","tag-ladegerat"],"aioseo_notices":[],"subheadline":["Gemeinsam mit neuer AirPods-H\u00fclle?"],"featured_image":["https:\/\/images.iphone-ticker.de\/wp-content\/uploads\/2017\/11\/apple-airpower-ladematte.jpg"],"rest_api_enabler":{"subheadline":"Gemeinsam mit neuer AirPods-H\u00fclle?","featured_image":"https:\/\/images.iphone-ticker.de\/wp-content\/uploads\/2017\/11\/apple-airpower-ladematte.jpg"},"_links":{"self":[{"href":"https:\/\/www.iphone-ticker.de\/apiv2\/wp\/v2\/posts\/122430","targetHints":{"allow":["GET"]}}],"collection":[{"href":"https:\/\/www.iphone-ticker.de\/apiv2\/wp\/v2\/posts"}],"about":[{"href":"https:\/\/www.iphone-ticker.de\/apiv2\/wp\/v2\/types\/post"}],"author":[{"embeddable":true,"href":"https:\/\/www.iphone-ticker.de\/apiv2\/wp\/v2\/users\/2"}],"replies":[{"embeddable":true,"href":"https:\/\/www.iphone-ticker.de\/apiv2\/wp\/v2\/comments?post=122430"}],"version-history":[{"count":3,"href":"https:\/\/www.iphone-ticker.de\/apiv2\/wp\/v2\/posts\/122430\/revisions"}],"predecessor-version":[{"id":122433,"href":"https:\/\/www.iphone-ticker.de\/apiv2\/wp\/v2\/posts\/122430\/revisions\/122433"}],"wp:attachment":[{"href":"https:\/\/www.iphone-ticker.de\/apiv2\/wp\/v2\/media?parent=122430"}],"wp:term":[{"taxonomy":"category","embeddable":true,"href":"https:\/\/www.iphone-ticker.de\/apiv2\/wp\/v2\/categories?post=122430"},{"taxonomy":"post_tag","embeddable":true,"href":"https:\/\/www.iphone-ticker.de\/apiv2\/wp\/v2\/tags?post=122430"}],"curies":[{"name":"wp","href":"https:\/\/api.w.org\/{rel}","templated":true}]}}