{"id":122181,"date":"2018-02-02T07:48:40","date_gmt":"2018-02-02T06:48:40","guid":{"rendered":"https:\/\/www.iphone-ticker.de\/?p=122181"},"modified":"2018-02-02T08:21:09","modified_gmt":"2018-02-02T07:21:09","slug":"quartalszahlen-nachschlag-viele-uhren-und-kein-apple-pay","status":"publish","type":"post","link":"https:\/\/www.iphone-ticker.de\/quartalszahlen-nachschlag-viele-uhren-und-kein-apple-pay-122181\/","title":{"rendered":"Quartalszahlen-Nachschlag: Viele Uhren und kein Apple-Pay"},"content":{"rendered":"<p>Im Anschluss an die <a href=\"https:\/\/www.iphone-ticker.de\/apples-q1-2018-cupertino-verkauft-77-millionen-iphones-122166\/\">Bekanntgabe<\/a> der hervorragenden Verkaufszahlen im Weihnachtsquartal 2017 &#8211; Apple vermeldete das st\u00e4rkste Quartal in der Geschichte des Unternehmens &#8211; haben sich Tim Cook und Apples Finanzchef Luca Maestri den Fragen von Journalisten und Investoren gestellt. Die Telefonkonferenz f\u00f6rderte mehrere erw\u00e4hnenswerte Details zutage.<\/p>\n<p><img loading=\"lazy\" decoding=\"async\" src=\"https:\/\/images.ifun.de\/wp-content\/uploads\/2016\/02\/tim-cook-500.jpg\" width=\"500\" height=\"324\" class=\"alignnone size-full\" \/><\/p>\n<h2>Apple Watch mit Rekordzahlen<\/h2>\n<p>Die Apple Watch hat im vergangenen Quartal die besten Zahlen seit ihrem Verkaufsstart eingefahren. Apple verzeichnete zum vierten Mal in Folge einen Anstieg bei den Verkaufszahlen um 50 Prozent. Mit exakten St\u00fcckzahlen h\u00e4lt Apple hier allerdings weiter hinterm Berg.<\/p>\n<h2>Akku-Programm und Auswirkungen auf Verkaufszahlen<\/h2>\n<p>Auf die Frage, wie Apple die Auswirkungen des Preisnachlasses f\u00fcr den Akku-Tausch auf die Verkaufszahlen neuer Ger\u00e4te einsch\u00e4tze, gab Tim Cook eine \u00fcberraschende Antwort. Man habe sich damit nicht befasst. Apple h\u00e4tte das Angebot zum Wohle seiner Kunden ins Leben gerufen und sich in diesem Zusammenhang keine Gedanken \u00fcber weitere Auswirkungen gemacht.<\/p>\n<h2>Apple Pay f\u00fcr Brasilien<\/h2>\n<p>Mit dem Thema Apple Pay kam die gro\u00dfe Entt\u00e4uschung f\u00fcr deutsche Apple-Kunden. Tim Cook zufolge soll das Bezahlsystem schon bald in Brasilien eingef\u00fchrt werden. Von weiteren L\u00e4ndern war nicht die Rede. Die Erwartungen mit Blick auf eine Ank\u00fcndigung f\u00fcr Deutschland waren im Zusammenhang mit der gestrigen Apple-Veranstaltung einmal mehr <a href=\"https:\/\/www.iphone-ticker.de\/geruecht-apple-pay-fuer-deutschland-soll-in-kuerze-angekuendigt-werden-122044\/\">sehr hoch<\/a>.<\/p>\n<h2>1,3 Milliarden Apple-Ger\u00e4te<\/h2>\n<p>Lassen wir diese Zahl nochmal auf uns wirken: Im vergangenen Monat waren weltweit 1,3 Milliarden Apple-Ger\u00e4te im Einsatz. Innerhalb von zwei Jahren hat Apple hier um 30 Prozent zugelegt. Zum Vergleich: Die Weltbev\u00f6lkerung wird derzeit auf rund 7,5 Milliarden Menschen gesch\u00e4tzt.<\/p>\n","protected":false},"excerpt":{"rendered":"<a href=\"https:\/\/www.iphone-ticker.de\/quartalszahlen-nachschlag-viele-uhren-und-kein-apple-pay-122181\/\"><img decoding=\"async\" width=\"150\" src=\"https:\/\/images.ifun.de\/wp-content\/uploads\/2016\/02\/tim-cook-500.jpg\" class=\"alignright wp-post-image tfe\" alt=\"\" title=\"\" \/><\/a><p>Im Anschluss an die Bekanntgabe der hervorragenden Verkaufszahlen im Weihnachtsquartal 2017 &#8211; Apple vermeldete das st\u00e4rkste Quartal in der Geschichte des Unternehmens &#8211; haben sich Tim Cook und Apples Finanzchef Luca Maestri den Fragen von Journalisten und Investoren gestellt. Die Telefonkonferenz f\u00f6rderte mehrere erw\u00e4hnenswerte Details zutage. Apple Watch mit Rekordzahlen Die Apple Watch hat im [&hellip;]<\/p>\n","protected":false},"author":2,"featured_media":0,"comment_status":"open","ping_status":"closed","sticky":false,"template":"","format":"standard","meta":{"footnotes":""},"categories":[14],"tags":[],"class_list":["post-122181","post","type-post","status-publish","format-standard","hentry","category-apple"],"aioseo_notices":[],"subheadline":["Aus der Telefonkonferenz"],"featured_image":["https:\/\/images.ifun.de\/wp-content\/uploads\/2016\/04\/apple-logo-header-1.jpg"],"rest_api_enabler":{"subheadline":"Aus der Telefonkonferenz","featured_image":"https:\/\/images.ifun.de\/wp-content\/uploads\/2016\/04\/apple-logo-header-1.jpg"},"_links":{"self":[{"href":"https:\/\/www.iphone-ticker.de\/apiv2\/wp\/v2\/posts\/122181","targetHints":{"allow":["GET"]}}],"collection":[{"href":"https:\/\/www.iphone-ticker.de\/apiv2\/wp\/v2\/posts"}],"about":[{"href":"https:\/\/www.iphone-ticker.de\/apiv2\/wp\/v2\/types\/post"}],"author":[{"embeddable":true,"href":"https:\/\/www.iphone-ticker.de\/apiv2\/wp\/v2\/users\/2"}],"replies":[{"embeddable":true,"href":"https:\/\/www.iphone-ticker.de\/apiv2\/wp\/v2\/comments?post=122181"}],"version-history":[{"count":3,"href":"https:\/\/www.iphone-ticker.de\/apiv2\/wp\/v2\/posts\/122181\/revisions"}],"predecessor-version":[{"id":122184,"href":"https:\/\/www.iphone-ticker.de\/apiv2\/wp\/v2\/posts\/122181\/revisions\/122184"}],"wp:attachment":[{"href":"https:\/\/www.iphone-ticker.de\/apiv2\/wp\/v2\/media?parent=122181"}],"wp:term":[{"taxonomy":"category","embeddable":true,"href":"https:\/\/www.iphone-ticker.de\/apiv2\/wp\/v2\/categories?post=122181"},{"taxonomy":"post_tag","embeddable":true,"href":"https:\/\/www.iphone-ticker.de\/apiv2\/wp\/v2\/tags?post=122181"}],"curies":[{"name":"wp","href":"https:\/\/api.w.org\/{rel}","templated":true}]}}