{"id":122101,"date":"2018-01-31T17:57:04","date_gmt":"2018-01-31T16:57:04","guid":{"rendered":"https:\/\/www.iphone-ticker.de\/?p=122101"},"modified":"2018-02-01T12:55:33","modified_gmt":"2018-02-01T11:55:33","slug":"eine-handvoll-gedanken-zu-ios-snow-leopard-12","status":"publish","type":"post","link":"https:\/\/www.iphone-ticker.de\/eine-handvoll-gedanken-zu-ios-snow-leopard-12-122101\/","title":{"rendered":"iOS &#8222;Snow Leopard&#8220; 12: Eine Handvoll Gedanken"},"content":{"rendered":"<p>Seit gestern Abend <a href=\"https:\/\/www.ifun.de\/ios-und-macos-neue-funktionen-teils-zurueckgestellt-fokus-auf-mehr-qualitaet-118230\/\">steht fest<\/a>: iOS 12 wir im kommenden Herbst wohl auf die Pr\u00e4sentation gr\u00f6\u00dferer Features verzichten und sich, ganz in der Tradition von Mac OS X 10.6 Snow Leopard, um die Zuverl\u00e4ssigkeit, die Fehleranf\u00e4lligkeit und die Performance des iPhone-Betriebssystems k\u00fcmmern.<\/p>\n<p><a href=\"https:\/\/images.iphone-ticker.de\/wp-content\/uploads\/2018\/01\/techcrunch.jpg\"><img loading=\"lazy\" decoding=\"async\" class=\"aligncenter size-full wp-image-122103\" src=\"https:\/\/images.iphone-ticker.de\/wp-content\/uploads\/2018\/01\/techcrunch.jpg\" alt=\"Techcrunch\" width=\"500\" height=\"333\" srcset=\"https:\/\/images.iphone-ticker.de\/wp-content\/uploads\/2018\/01\/techcrunch.jpg 500w, https:\/\/images.iphone-ticker.de\/wp-content\/uploads\/2018\/01\/techcrunch-300x200.jpg 300w\" sizes=\"auto, (max-width: 500px) 100vw, 500px\" \/><\/a><\/p>\n<h6><a href=\"https:\/\/techcrunch.com\/2017\/04\/06\/transcript-phil-schiller-craig-federighi-and-john-ternus-on-the-state-of-apples-pro-macs\/\">Schiller und Federighi im Gespr\u00e4ch | Bild: Techcrunch<\/a><\/h6>\n<p>Erstmals in der Geschichte des iPhones w\u00fcrde Apple damit auf die Bereitstellung seines j\u00e4hrlichen Major-Updates verzichten und im September lediglich ein schlankes iOS 12 anbieten, dem die Versionsnummer iOS 11.6 wahrscheinlich besser zu Gesicht stehen w\u00fcrde.<\/p>\n<p>Zwar sollen bereits angegangene System-Verbesserungen wie etwa die \u00fcberarbeitete <a href=\"https:\/\/www.iphone-ticker.de\/smartphone-sucht-apple-reagiert-auf-kritische-aktionaere-121117\/\">Einschr\u00e4nkungs-Optionen f\u00fcr Eltern<\/a>, die Konsolidierung von <a href=\"https:\/\/www.ifun.de\/bericht-macos-10-14-bringt-ios-anwendungen-auf-den-mac-116788\/\">iOS- und macOS-Frameworks<\/a> und der Ausbau von &#8222;Messages in iCloud&#8220; nach wie vor im Pflichtenheft der Apple-Entwickler stehen, die eigentlich geplante <a href=\"https:\/\/www.bloomberg.com\/news\/articles\/2018-01-30\/apple-is-said-to-push-back-some-key-iphone-software-features\">Auffrischung des Homebildschirms<\/a>, eine gr\u00fcndliche Erweiterung der Fotos-App und eine Multiplayer-Modus f\u00fcr Augmented Reality-Spiele werden der Qualit\u00e4ts-Offensive jedoch zum Opfer fallen.<\/p>\n<h3>Eine Handvoll Gedanken:<\/h3>\n<ul>\n<li><a href=\"https:\/\/www.axios.com\/scoop-apple-delays-ios-features-to-focus-on-reliability-performance-1517278421-d7722a3b-402e-4804-8f24-719154bf2a8e.html\">Auf Axios<\/a> hat Ina Frieds den Scoop zu iOS Snow Leopard exklusiv ver\u00f6ffentlicht. Die Journalistin hat davor nicht nur bei Re\/Code geschrieben, sondern war als Senior Editor auch auf der von Apple bevorzugt behandelte Webseite &#8222;All Things Digital&#8220; des The Wall Street Journal aktiv. Wer ein &#8222;kontrolliertes Leak&#8220; Apples vermutet, d\u00fcrfte wohl nicht ganz falsch liegen.<\/li>\n<li>Das iPhone X hat so viele neue Gesten, UI-Paradigmen und Interface-Ver\u00e4nderungen eingef\u00fchrt, dass sich iOS 11 auf dem iPhone X nicht nur ganz anders anf\u00fchlt als iOS 11 auf dem iPhone 8 sondern in weiten Teilen auch auf einen komplett eigenen Code setzen d\u00fcrfte. Die Frage liegt damit auf der Hand: Wie viel schuld tr\u00e4gt das iPhone X an der &#8222;vernachl\u00e4ssigten Qualit\u00e4t&#8220; des mobilen Betriebssystems.<\/li>\n<li>Im Dezember 2016 soll Apple die bis dato getrennt von einandern gemanagten Software-Teams f\u00fcr iOS und macOS <a href=\"https:\/\/www.bloomberg.com\/news\/articles\/2016-12-20\/how-apple-alienated-mac-loyalists\">miteinander verschmolzen<\/a> und anschlie\u00dfend stets iOS priorisiert haben. Hat die <a href=\"https:\/\/www.ifun.de\/apples-mac-pro-beichte-die-produktankuendigung-zum-nachlesen-106128\/\">R\u00fcckbesinnung auf den Mac<\/a> (neuer iMac Pro im Handel, neuer Mac Pro soll kommen, Mac mini ist noch nicht abgeschrieben, eigene Monitore stehen auch wieder auf dem Programm) hier einen erneuten Team-Wechsel angesto\u00dfen? Werden iOS und macOS nun wieder von eigenen Mannschaften entwickelt?<\/li>\n<li>Auch macOS 10.13 High Sierra wurde als reines Wartungsupdate mit &#8222;Snow Leopard&#8220;-Charakter <a href=\"https:\/\/www.ifun.de\/macos-high-sierra-apple-kuendigt-wartungsupdate-an-108219\/\">angek\u00fcndigt<\/a> &#8211; was daraus geworden ist <a href=\"https:\/\/www.ifun.de\/macos-10-13-3-ein-groesseres-update-als-gedacht-118095\/\">haben wir gesehen<\/a>. Mittlerweile sind so viele Fehler aufgelaufen, dass High Sierra so schnell aktualisiert wurde wie kein anderen Mac-Betriebssystem. \u00c4hnlich wie bei iOS 11 ist Apple kontinuierlich damit besch\u00e4ftigt fehlerbehebende Updates auszuliefern. Kauft sich Apple mit dem Qualit\u00e4tsversprechen f\u00fcr iOS 12 nur Zeit, oder meint es Cupertino ernst?<\/li>\n<li>Ist es nicht vielleicht an der Zeit, dass Apple von seinem starren 1-Jahres-Rhythmus abr\u00fcckt und neue iOS-Versionen, abgekoppelt von den Hardware-Vorstellungen, ausliefert wenn diese fertig sind und nicht wenn der Kalender das Release diktiert?<\/li>\n<li>Was haben Entwickler zur diesj\u00e4hrigen WWDC zu erwarten, wenn Apple weitgehend auf die Vorstellung gro\u00dfer iOS-Feature verzichtet?<\/li>\n<li>Zwischen der Ver\u00f6ffentlichung neuer iPhone-Generationen und der Vorstellung neuer iPads l\u00e4sst sich Apple h\u00e4ufig mehrere Monate Zeit. W\u00e4re Apple gut damit beraten, Ger\u00e4te-spezifische iOS-Erweiterungen nicht im Paket zum Wechsel der Versionsnummer, sondern erst mit Ausgabe der neuen Ger\u00e4te anzubieten? Das iPad-Team k\u00f6nnte sich so noch etwas Zeit lassen bzw. iPhone-Programmierern unter die Arme greifen. Gleiches gilt dann auch f\u00fcr Apple TV, Apple Watch und HomePod.<\/li>\n<\/ul>\n<p>Fragen \u00fcber Fragen.<\/p>\n<h2>Zur Erinnerung: Die wenig glorreichen Updates von iOS 11<\/h2>\n<ul>\n<li>iOS 11.0.1 enthielt Fehlerbehebungen f\u00fcr iPhone und iPad.<\/li>\n<li>iOS 11.0.2 k\u00fcmmerte sich um knisternde Ger\u00e4usche beim Telefonieren.<\/li>\n<li>iOS 11.0.3 nahm sich den Ausf\u00e4llen des akustischen und haptischen Feedbacks auf dem iPhone an.<\/li>\n<li>iOS 11.1 f\u00fchrte verschwundenen den App-Umschalter wieder ein.<\/li>\n<li>iOS 11.1.1 behob ein Problem mit der automatischen Korrektur bei der Tastatureingabe.<\/li>\n<li>iOS 11.1.2 behob ein Problem, bei dem der Bildschirm des iPhone X nach einer pl\u00f6tzlichen Abk\u00fchlung der Umgebungstemperatur zeitweilig nicht mehr auf Ber\u00fchrung reagiert.<\/li>\n<li>iOS 11.2 wurde hektisch ausgerollt, da zahlreiche Ger\u00e4te aufgrund eines fehlerhaft berechneten Datums von Dauerabst\u00fcrzen geplagt werden.<\/li>\n<li>iOS 11.2.1 stopft eine Sicherheitsl\u00fccke die den HomeKit-Zugriff nicht autorisierter Personen gestattete.<\/li>\n<li>iOS 11.2.2 mildert das Angriffsrisiko \u00fcber die Spectre-Sicherheitsl\u00fccke.<\/li>\n<li>iOS 11.2.5 korrigiert die Anzeigereihenfolge von Nachrichten-Konversationen.<\/li>\n<\/ul>\n","protected":false},"excerpt":{"rendered":"<a href=\"https:\/\/www.iphone-ticker.de\/eine-handvoll-gedanken-zu-ios-snow-leopard-12-122101\/\"><img width=\"150\" height=\"150\" src=\"https:\/\/images.iphone-ticker.de\/wp-content\/uploads\/2018\/01\/techcrunch-150x150.jpg\" class=\"alignright tfe wp-post-image\" alt=\"Techcrunch\" decoding=\"async\" loading=\"lazy\" \/><\/a><p>Seit gestern Abend steht fest: iOS 12 wir im kommenden Herbst wohl auf die Pr\u00e4sentation gr\u00f6\u00dferer Features verzichten und sich, ganz in der Tradition von Mac OS X 10.6 Snow Leopard, um die Zuverl\u00e4ssigkeit, die Fehleranf\u00e4lligkeit und die Performance des iPhone-Betriebssystems k\u00fcmmern. Schiller und Federighi im Gespr\u00e4ch | Bild: Techcrunch Erstmals in der Geschichte des [&hellip;]<\/p>\n","protected":false},"author":1,"featured_media":122103,"comment_status":"open","ping_status":"closed","sticky":false,"template":"","format":"standard","meta":{"footnotes":""},"categories":[639,1975],"tags":[3912,5661,32],"class_list":["post-122101","post","type-post","status-publish","format-standard","has-post-thumbnail","hentry","category-ios","category-feature","tag-apple","tag-ios","tag-kritik"],"aioseo_notices":[],"featured_image":["https:\/\/images.iphone-ticker.de\/wp-content\/uploads\/2018\/01\/apple-talk.jpg"],"subheadline":["Ein Jahr ohne neue Features"],"rest_api_enabler":{"featured_image":"https:\/\/images.iphone-ticker.de\/wp-content\/uploads\/2018\/01\/apple-talk.jpg","subheadline":"Ein Jahr ohne neue Features"},"_links":{"self":[{"href":"https:\/\/www.iphone-ticker.de\/apiv2\/wp\/v2\/posts\/122101","targetHints":{"allow":["GET"]}}],"collection":[{"href":"https:\/\/www.iphone-ticker.de\/apiv2\/wp\/v2\/posts"}],"about":[{"href":"https:\/\/www.iphone-ticker.de\/apiv2\/wp\/v2\/types\/post"}],"author":[{"embeddable":true,"href":"https:\/\/www.iphone-ticker.de\/apiv2\/wp\/v2\/users\/1"}],"replies":[{"embeddable":true,"href":"https:\/\/www.iphone-ticker.de\/apiv2\/wp\/v2\/comments?post=122101"}],"version-history":[{"count":2,"href":"https:\/\/www.iphone-ticker.de\/apiv2\/wp\/v2\/posts\/122101\/revisions"}],"predecessor-version":[{"id":122105,"href":"https:\/\/www.iphone-ticker.de\/apiv2\/wp\/v2\/posts\/122101\/revisions\/122105"}],"wp:featuredmedia":[{"embeddable":true,"href":"https:\/\/www.iphone-ticker.de\/apiv2\/wp\/v2\/media\/122103"}],"wp:attachment":[{"href":"https:\/\/www.iphone-ticker.de\/apiv2\/wp\/v2\/media?parent=122101"}],"wp:term":[{"taxonomy":"category","embeddable":true,"href":"https:\/\/www.iphone-ticker.de\/apiv2\/wp\/v2\/categories?post=122101"},{"taxonomy":"post_tag","embeddable":true,"href":"https:\/\/www.iphone-ticker.de\/apiv2\/wp\/v2\/tags?post=122101"}],"curies":[{"name":"wp","href":"https:\/\/api.w.org\/{rel}","templated":true}]}}