{"id":122044,"date":"2018-01-30T18:35:11","date_gmt":"2018-01-30T17:35:11","guid":{"rendered":"https:\/\/www.iphone-ticker.de\/?p=122044"},"modified":"2018-01-31T13:23:36","modified_gmt":"2018-01-31T12:23:36","slug":"geruecht-apple-pay-fuer-deutschland-soll-in-kuerze-angekuendigt-werden","status":"publish","type":"post","link":"https:\/\/www.iphone-ticker.de\/geruecht-apple-pay-fuer-deutschland-soll-in-kuerze-angekuendigt-werden-122044\/","title":{"rendered":"Ger\u00fccht: Apple Pay f\u00fcr Deutschland soll in K\u00fcrze angek\u00fcndigt werden"},"content":{"rendered":"<p>In Sachen Apple Pay f\u00fcr Deutschland ist es in den vergangenen Wochen ruhig geworden. Nun machen neue Ger\u00fcchte Hoffnung auf einen bevorstehenden Start. M\u00f6glicherweise sei noch in dieser Woche mit einer entsprechenden Ank\u00fcndigung zu rechnen.<\/p>\n<p>Im <a href=\"https:\/\/forums.macrumors.com\/threads\/apple-pay-could-launch-in-germany-as-early-as-next-month.2061150\/page-4\">Diskussionsforum<\/a> der amerikanischen Webseite MacRumors gibt ein Nutzer vor, \u00fcber Insiderwissen diesbez\u00fcglich zu verf\u00fcgen und untermauert seine Aussagen mit einigerma\u00dfen plausibel klingenden Detailinfos aus dem Branchenumfeld.<\/p>\n<p><a href=\"https:\/\/images.iphone-ticker.de\/wp-content\/uploads\/2017\/03\/apple-pay-kleber.jpg\"><img loading=\"lazy\" decoding=\"async\" src=\"https:\/\/images.iphone-ticker.de\/wp-content\/uploads\/2017\/03\/apple-pay-kleber.jpg\" alt=\"Apple Pay Kleber\" width=\"500\" height=\"291\" class=\"alignnone size-full wp-image-109515\" srcset=\"https:\/\/images.iphone-ticker.de\/wp-content\/uploads\/2017\/03\/apple-pay-kleber.jpg 500w, https:\/\/images.iphone-ticker.de\/wp-content\/uploads\/2017\/03\/apple-pay-kleber-300x175.jpg 300w\" sizes=\"auto, (max-width: 500px) 100vw, 500px\" \/><\/a><\/p>\n<p>Konkret soll Apple den Start von Apple Pay in Deutschland noch in dieser Woche ank\u00fcndigen. M\u00f6glicherweise geschieht dies im Rahmen der <a href=\"http:\/\/investor.apple.com\">f\u00fcr Donnerstag Abend<\/a> unserer Zeit angesetzten Bekanntgabe der Finanzergebnisse f\u00fcr das erste Quartal in Apples Gesch\u00e4ftsjahr 2018.<\/p>\n<p>Dem Ger\u00fccht zufolge soll Apple die Einf\u00fchrung von Apple Pay in diesem Zuge auch in weiteren europ\u00e4ischen L\u00e4ndern planen, hier sei unter anderem \u00d6sterreich im Gespr\u00e4ch, auf Deutschland l\u00e4ge als wichtigster noch nicht versorgter europ\u00e4ischer Markt allerdings der Fokus.<\/p>\n<p>Als einer von mehreren potenziellen Partnern zum Start wird die Deutsche Bank gennant. Apple wolle hier mit einem namhaften Institut im Boot gro\u00df in den Markt starten und entsprechend Pr\u00e4senz zeigen. Unabh\u00e4ngig davon kann man davon ausgehen, dass Boon bei einem Deutschlandstart sicher dabei ist, N26 gilt als wahrscheinlich.<\/p>\n<p>Wenngleich das alles ganz nett klingt, gesunde Skepsis ist mit Blick auf diese Aussagen sicher kein Fehler. Insbesondere wenn man das folgende Detail in Betracht zieht: Apple soll in Deutschland angeblich nicht prozentual an den Ums\u00e4tzen beteiligt, sondern pauschal pro aktivierter Kreditkarte entlohnt werden. Eine solche Regelung w\u00e4re soweit wir dies beurteilen k\u00f6nnen mehr als verwunderlich, Apple kassiert bislang einen Prozentsatz jeder Transaktion und d\u00fcrfte, wenngleich dies in der Tat ein Streitpunkt bei Verhandlungen mit den Finanzinstituten ist, kaum von dieser Regel ablassen.<img loading=\"lazy\" decoding=\"async\" src=\"http:\/\/vg06.met.vgwort.de\/na\/0e9e9029cf1e4961aacc4302624e522a\" width=\"1\" height=\"1\" class=\"tracking\"><\/p>\n<p><h8>Danke Pat<\/h8><\/p>\n","protected":false},"excerpt":{"rendered":"<a href=\"https:\/\/www.iphone-ticker.de\/geruecht-apple-pay-fuer-deutschland-soll-in-kuerze-angekuendigt-werden-122044\/\"><img decoding=\"async\" width=\"150\" src=\"https:\/\/images.iphone-ticker.de\/wp-content\/uploads\/2017\/03\/apple-pay-kleber.jpg\" class=\"alignright wp-post-image tfe\" alt=\"Apple Pay Kleber\" title=\"\" \/><\/a><p>In Sachen Apple Pay f\u00fcr Deutschland ist es in den vergangenen Wochen ruhig geworden. Nun machen neue Ger\u00fcchte Hoffnung auf einen bevorstehenden Start. M\u00f6glicherweise sei noch in dieser Woche mit einer entsprechenden Ank\u00fcndigung zu rechnen. Im Diskussionsforum der amerikanischen Webseite MacRumors gibt ein Nutzer vor, \u00fcber Insiderwissen diesbez\u00fcglich zu verf\u00fcgen und untermauert seine Aussagen mit [&hellip;]<\/p>\n","protected":false},"author":2,"featured_media":0,"comment_status":"open","ping_status":"closed","sticky":false,"template":"","format":"standard","meta":{"footnotes":""},"categories":[1,1975],"tags":[2758,64],"class_list":["post-122044","post","type-post","status-publish","format-standard","hentry","category-news","category-feature","tag-apple-pay","tag-deutschland"],"aioseo_notices":[],"subheadline":["Deutsche Bank im Gespr\u00e4ch"],"featured_image":["https:\/\/images.iphone-ticker.de\/wp-content\/uploads\/2017\/03\/apple-pay-deutschland.jpg"],"rest_api_enabler":{"subheadline":"Deutsche Bank im Gespr\u00e4ch","featured_image":"https:\/\/images.iphone-ticker.de\/wp-content\/uploads\/2017\/03\/apple-pay-deutschland.jpg"},"_links":{"self":[{"href":"https:\/\/www.iphone-ticker.de\/apiv2\/wp\/v2\/posts\/122044","targetHints":{"allow":["GET"]}}],"collection":[{"href":"https:\/\/www.iphone-ticker.de\/apiv2\/wp\/v2\/posts"}],"about":[{"href":"https:\/\/www.iphone-ticker.de\/apiv2\/wp\/v2\/types\/post"}],"author":[{"embeddable":true,"href":"https:\/\/www.iphone-ticker.de\/apiv2\/wp\/v2\/users\/2"}],"replies":[{"embeddable":true,"href":"https:\/\/www.iphone-ticker.de\/apiv2\/wp\/v2\/comments?post=122044"}],"version-history":[{"count":5,"href":"https:\/\/www.iphone-ticker.de\/apiv2\/wp\/v2\/posts\/122044\/revisions"}],"predecessor-version":[{"id":122049,"href":"https:\/\/www.iphone-ticker.de\/apiv2\/wp\/v2\/posts\/122044\/revisions\/122049"}],"wp:attachment":[{"href":"https:\/\/www.iphone-ticker.de\/apiv2\/wp\/v2\/media?parent=122044"}],"wp:term":[{"taxonomy":"category","embeddable":true,"href":"https:\/\/www.iphone-ticker.de\/apiv2\/wp\/v2\/categories?post=122044"},{"taxonomy":"post_tag","embeddable":true,"href":"https:\/\/www.iphone-ticker.de\/apiv2\/wp\/v2\/tags?post=122044"}],"curies":[{"name":"wp","href":"https:\/\/api.w.org\/{rel}","templated":true}]}}