{"id":121880,"date":"2018-01-25T16:04:10","date_gmt":"2018-01-25T15:04:10","guid":{"rendered":"https:\/\/www.iphone-ticker.de\/?p=121880"},"modified":"2019-10-11T07:12:58","modified_gmt":"2019-10-11T05:12:58","slug":"ausprobiert-vier-gedanken-zu-ikeas-qi-ladestation-raellen","status":"publish","type":"post","link":"https:\/\/www.iphone-ticker.de\/ausprobiert-vier-gedanken-zu-ikeas-qi-ladestation-raellen-121880\/","title":{"rendered":"Ausprobiert: Vier Gedanken zu IKEAs QI-Ladestation R\u00c4LLEN"},"content":{"rendered":"<p>Gestern Abend auf der linken und der rechten Seite im Fichtenholz-Headboard des Schlafzimmer-Bettes im Ferienhaus installiert, wollen wir den Donnerstag-Nachmittag nutzen, um kurz ein paar Notizen zu den von IKEA angebotenen QI-Ladestation der Produktfamilie <a href=\"https:\/\/www.ikea.com\/de\/\n<a href=\"https:\/\/images.iphone-ticker.de\/wp-content\/uploads\/2018\/01\/raellen-pad.jpg\"><img decoding=\"async\" src=\"https:\/\/images.iphone-ticker.de\/wp-content\/uploads\/2018\/01\/raellen-pad.jpg\" class=\"wp-image-121881 size-full\" alt=\"Raellen Pad\" width=\"500\" srcset=\"https:\/\/images.iphone-ticker.de\/wp-content\/uploads\/2018\/01\/raellen-pad.jpg 1000w, https:\/\/images.iphone-ticker.de\/wp-content\/uploads\/2018\/01\/raellen-pad-150x150.jpg 150w, https:\/\/images.iphone-ticker.de\/wp-content\/uploads\/2018\/01\/raellen-pad-300x300.jpg 300w\" sizes=\"(max-width: 1000px) 100vw, 1000px\" \/><\/a><\/p>\n<p>Wir starten mit den Eckdaten: R\u00c4LLEN ist eine in schwarz und wei\u00df verf\u00fcgbare QI-Ladestation, die sich in ein beliebiges M\u00f6belst\u00fcck einbauen l\u00e4sst. Ausgezeichnet mit einem Verkaufspreis von unschlagbaren 12,99 Euro ist R\u00c4LLEN zwar immer mal wieder vergriffen, hat sich in Berlin-Tempelhof aber noch mit einem Restbestand angeboten und uns zum Spontankauf \u00fcberredet.<\/p>\n<h2>Laden mit 5 Watt<\/h2>\n<p>Was man vor der Installation wissen sollte: R\u00c4LLEN selbst wird seinem Netzteil zwar mit 10W Leistung versorgt, beschr\u00e4nkt sich bei allen aufgelegten Mobilger\u00e4ten &#8211; entsprechend auch beim iPhone X, dem iPhone 8 und dem iPhone 8 Plus &#8211; aber auf den QI-Standard von 5W und unterst\u00fctzt Apples schnelle QI-Ladefunktion mit 7,5W nicht. Kein Beinbruch, da die Ger\u00e4te hier ja eine ganze Nacht Zeit zum Laden haben, aber ein Punkt, den man beim Kauf ruhig im Hinterkopf haben darf.<\/p>\n<h2>Keine USB-Kabel<\/h2>\n<p>Den QI-Ladepads liegt nicht nur ein Kunststoff-Ring zum Einlassen in die M\u00f6bel bei, sondern auch ein eigenes Netzteil. Am Einsatz des IKEA-Steckers f\u00fchrt hier leider kein Weg vorbei. IKEA setzt nicht auf einen konventionellen USB-Stecker, sondern auf eine Verbindung die an alte Koaxialkabel erinnert.<\/p>\n<p><a href=\"https:\/\/images.iphone-ticker.de\/wp-content\/uploads\/2018\/01\/stecker.jpg\"><img loading=\"lazy\" decoding=\"async\" src=\"https:\/\/images.iphone-ticker.de\/wp-content\/uploads\/2018\/01\/stecker.jpg\" class=\"size-full wp-image-121884\" height=\"663\" alt=\"Stecker\" width=\"1400\" srcset=\"https:\/\/images.iphone-ticker.de\/wp-content\/uploads\/2018\/01\/stecker.jpg 1400w, https:\/\/images.iphone-ticker.de\/wp-content\/uploads\/2018\/01\/stecker-300x142.jpg 300w, https:\/\/images.iphone-ticker.de\/wp-content\/uploads\/2018\/01\/stecker-1024x485.jpg 1024w\" sizes=\"auto, (max-width: 1400px) 100vw, 1400px\" \/><\/a><\/p>\n<h2>Gef\u00e4llige Installation<\/h2>\n<p>Was die Installation angeht zeigt sich R\u00c4LLEN gef\u00e4llig und kommt sowohl mit 56mm gro\u00dfen L\u00f6chern zurecht, als auch mit 64mm und 78mm gro\u00dfen. Je nach gew\u00e4hltem Durchmesser setzt man R\u00c4LLEN entweder komplett mit begleitendem Kunststoff-Ring ein (78mm), verzichtet auf diesen (64mm) oder trennt sich zudem noch von der Gummi-Lippe (56mm), die R\u00c4LLEN ab Werk umschlie\u00dft. IKEA selbst bietet \u00fcbrigens gleich einen <a href=\"https:\/\/www.ikea.com\/de\/\">passenden Lochbohrer<\/a> f\u00fcr 4,99 Euro an.<\/p>\n<p><a href=\"https:\/\/images.iphone-ticker.de\/wp-content\/uploads\/2018\/01\/ringe.jpg\"><img loading=\"lazy\" decoding=\"async\" src=\"https:\/\/images.iphone-ticker.de\/wp-content\/uploads\/2018\/01\/ringe.jpg\" class=\"size-full wp-image-121882\" height=\"619\" alt=\"Ringe\" width=\"1400\" srcset=\"https:\/\/images.iphone-ticker.de\/wp-content\/uploads\/2018\/01\/ringe.jpg 1400w, https:\/\/images.iphone-ticker.de\/wp-content\/uploads\/2018\/01\/ringe-300x133.jpg 300w, https:\/\/images.iphone-ticker.de\/wp-content\/uploads\/2018\/01\/ringe-1024x453.jpg 1024w\" sizes=\"auto, (max-width: 1400px) 100vw, 1400px\" \/><\/a><\/p>\n<h2>Minimales LED-Licht<\/h2>\n<p>Zu helle LEDs sind ein Ausschlusskriterium bei vielen QI-Ladeschalen. IKEA hat seine Integration der Status-Anzeige ganz gut gel\u00f6st. Die LED befindet sich direkt auf der R\u00c4LLEN-Oberseite, wird also vom aufgelegten Handy verdeckt und leuchtet ohnehin erst wenn der Ladevorgang beginnt. Da der Ladepuck ein Kreuz aus Gummi als Rutschschutz einsetzt, liegt das iPhone nicht komplett plan auf der Oberfl\u00e4che sondern vielleicht einen Millimeter dar\u00fcber &#8211; hier l\u00e4sst lediglich ein leichter Lichtschimmer erahnen, dass R\u00c4LLEN aktiv l\u00e4dt, st\u00f6rt in der Nacht (im komplett dunklen Zimmer) aber \u00fcberhaupt nicht.<\/p>\n<p>Kurz: 13 Euro ist fast geschenkt. Die Ladepads summen nicht. Wir w\u00fcrden R\u00c4LLEN noch mal einbauen.<\/p>\n","protected":false},"excerpt":{"rendered":"<a href=\"https:\/\/www.iphone-ticker.de\/ausprobiert-vier-gedanken-zu-ikeas-qi-ladestation-raellen-121880\/\"><img width=\"150\" height=\"150\" src=\"https:\/\/images.iphone-ticker.de\/wp-content\/uploads\/2018\/01\/stecker-150x150.jpg\" class=\"alignright tfe wp-post-image\" alt=\"Stecker\" decoding=\"async\" loading=\"lazy\" \/><\/a><p>Gestern Abend auf der linken und der rechten Seite im Fichtenholz-Headboard des Schlafzimmer-Bettes im Ferienhaus installiert, wollen wir den Donnerstag-Nachmittag nutzen, um kurz ein paar Notizen zu den von IKEA angebotenen QI-Ladestation der Produktfamilie<\/p>\n","protected":false},"author":1,"featured_media":121884,"comment_status":"open","ping_status":"closed","sticky":false,"template":"","format":"standard","meta":{"footnotes":""},"categories":[749],"tags":[341,4052,45,2997],"class_list":["post-121880","post","type-post","status-publish","format-standard","has-post-thumbnail","hentry","category-iphone-2","tag-ikea","tag-iphone-x","tag-ladegerat","tag-qi"],"aioseo_notices":[],"featured_image":["https:\/\/images.iphone-ticker.de\/wp-content\/uploads\/2018\/01\/raellen.jpg"],"subheadline":["LED-Licht, Einbau, Kabel"],"rest_api_enabler":{"featured_image":"https:\/\/images.iphone-ticker.de\/wp-content\/uploads\/2018\/01\/raellen.jpg","subheadline":"LED-Licht, Einbau, Kabel"},"_links":{"self":[{"href":"https:\/\/www.iphone-ticker.de\/apiv2\/wp\/v2\/posts\/121880","targetHints":{"allow":["GET"]}}],"collection":[{"href":"https:\/\/www.iphone-ticker.de\/apiv2\/wp\/v2\/posts"}],"about":[{"href":"https:\/\/www.iphone-ticker.de\/apiv2\/wp\/v2\/types\/post"}],"author":[{"embeddable":true,"href":"https:\/\/www.iphone-ticker.de\/apiv2\/wp\/v2\/users\/1"}],"replies":[{"embeddable":true,"href":"https:\/\/www.iphone-ticker.de\/apiv2\/wp\/v2\/comments?post=121880"}],"version-history":[{"count":7,"href":"https:\/\/www.iphone-ticker.de\/apiv2\/wp\/v2\/posts\/121880\/revisions"}],"predecessor-version":[{"id":148128,"href":"https:\/\/www.iphone-ticker.de\/apiv2\/wp\/v2\/posts\/121880\/revisions\/148128"}],"wp:featuredmedia":[{"embeddable":true,"href":"https:\/\/www.iphone-ticker.de\/apiv2\/wp\/v2\/media\/121884"}],"wp:attachment":[{"href":"https:\/\/www.iphone-ticker.de\/apiv2\/wp\/v2\/media?parent=121880"}],"wp:term":[{"taxonomy":"category","embeddable":true,"href":"https:\/\/www.iphone-ticker.de\/apiv2\/wp\/v2\/categories?post=121880"},{"taxonomy":"post_tag","embeddable":true,"href":"https:\/\/www.iphone-ticker.de\/apiv2\/wp\/v2\/tags?post=121880"}],"curies":[{"name":"wp","href":"https:\/\/api.w.org\/{rel}","templated":true}]}}