{"id":120275,"date":"2017-12-13T12:52:47","date_gmt":"2017-12-13T11:52:47","guid":{"rendered":"https:\/\/www.iphone-ticker.de\/?p=120275"},"modified":"2017-12-13T12:53:23","modified_gmt":"2017-12-13T11:53:23","slug":"ab-herbst-frankreich-verbannt-handys-aus-kitas-und-schulen","status":"publish","type":"post","link":"https:\/\/www.iphone-ticker.de\/ab-herbst-frankreich-verbannt-handys-aus-kitas-und-schulen-120275\/","title":{"rendered":"Ab Herbst: Frankreich verbannt Handys aus Kitas und Schulen"},"content":{"rendered":"<p>Die franz\u00f6sische Regierung wird bereits im kommenden Herbst ein Wahlversprechen <a href=\"http:\/\/www.france24.com\/en\/20171211-france-schools-mobile-phones-ban-education-macron-blanquet\">umsetzen<\/a>, mit dem die von Emmanuel Macron mitgegr\u00fcndete Partei &#8222;En Marche&#8220; w\u00e4hrend der Pr\u00e4sidentschaftswahl 2017 um Stimmen warb. <\/p>\n<p><a href=\"https:\/\/images.iphone-ticker.de\/wp-content\/uploads\/2017\/12\/handyverbot.jpg\"><img decoding=\"async\" src=\"https:\/\/images.iphone-ticker.de\/wp-content\/uploads\/2017\/12\/handyverbot.jpg\" alt=\"Handyverbot\" width=\"500\"  class=\"aligncenter size-full wp-image-120277\" srcset=\"https:\/\/images.iphone-ticker.de\/wp-content\/uploads\/2017\/12\/handyverbot.jpg 1000w, https:\/\/images.iphone-ticker.de\/wp-content\/uploads\/2017\/12\/handyverbot-300x200.jpg 300w\" sizes=\"(max-width: 1000px) 100vw, 1000px\" \/><\/a><\/p>\n<p>Zuk\u00fcnftig soll in Kitas und Grundschulen ein striktes Handy-Verbot herrschen. Nach Angaben des franz\u00f6sischen Bildungsministers Jean-Michel Blanquer soll die neue Regelung nun schon zum n\u00e4chsten Schuljahr durchgesetzt werden. Dieses startet in Frankreich im September 2018. <\/p>\n<p>Betroffen vom landesweiten Handy-Verbot sind dann alle Sch\u00fcler und Vorsch\u00fcler im Alter von 6 bis 15 Jahre. Erst in den weiterf\u00fchrenden Schulen soll das kategorische Handy-Verbot nicht mehr greifen. <\/p>\n<p>Unter der neuen Regelung k\u00f6nnen Mobilger\u00e4te zwar weiter mitgef\u00fchrt werden, die Kinder d\u00fcrfen die Ger\u00e4te jedoch nicht mehr aus den Taschen nehmen und nutzen &#8211; selbst in den Pausen ist der Blick auf den Touchscreen tabu. <\/p>\n<p>Wie sich das totale Verbot von Mobilger\u00e4ten umsetzen lassen wird, muss sich erst noch herausstellen. Die Lehrergewerkschaften, dies berichtet der <a href=\"https:\/\/www.theguardian.com\/world\/2017\/dec\/11\/france-to-ban-mobile-phones-in-schools-from-september\">englische Guardian<\/a>, kommentieren den Zeitplan jedenfalls kritisch. Vor allem die Fragen, wie Verst\u00f6\u00dfe gegen das Verbot zu ahnden und die Pausen-Regelung durchzusetzen seien, sorgen f\u00fcr Stirnrunzeln unter den Lehrern. Philippe Vincent, Generalsekret\u00e4r der franz\u00f6sischen Lehrergewerkschaft kommentiert:<\/p>\n<blockquote><p>This new announcement from the [education] ministry leaves us dubious because we\u2019re having trouble understanding what is the real issue here. In general, we\u2019re used to them being logical and pragmatic about things, and here, we can\u2019t find the logic or the pragmatism in the announcements,\u201d said Philippe Vincent, the union\u2019s deputy general secretary.\n<\/p><\/blockquote>\n","protected":false},"excerpt":{"rendered":"<a href=\"https:\/\/www.iphone-ticker.de\/ab-herbst-frankreich-verbannt-handys-aus-kitas-und-schulen-120275\/\"><img width=\"150\" height=\"150\" src=\"https:\/\/images.iphone-ticker.de\/wp-content\/uploads\/2017\/12\/handyverbot-150x150.jpg\" class=\"alignright tfe wp-post-image\" alt=\"Handyverbot\" decoding=\"async\" loading=\"lazy\" \/><\/a><p>Die franz\u00f6sische Regierung wird bereits im kommenden Herbst ein Wahlversprechen umsetzen, mit dem die von Emmanuel Macron mitgegr\u00fcndete Partei &#8222;En Marche&#8220; w\u00e4hrend der Pr\u00e4sidentschaftswahl 2017 um Stimmen warb. Zuk\u00fcnftig soll in Kitas und Grundschulen ein striktes Handy-Verbot herrschen. Nach Angaben des franz\u00f6sischen Bildungsministers Jean-Michel Blanquer soll die neue Regelung nun schon zum n\u00e4chsten Schuljahr durchgesetzt [&hellip;]<\/p>\n","protected":false},"author":1,"featured_media":120277,"comment_status":"open","ping_status":"closed","sticky":false,"template":"","format":"standard","meta":{"footnotes":""},"categories":[1],"tags":[158,61,32,147,456],"class_list":["post-120275","post","type-post","status-publish","format-standard","has-post-thumbnail","hentry","category-news","tag-frankreich","tag-kinder","tag-kritik","tag-recht","tag-schule"],"aioseo_notices":[],"featured_image":["https:\/\/images.iphone-ticker.de\/wp-content\/uploads\/2017\/12\/kinder-handy.jpg"],"subheadline":["Kinder zwischen 6 und 15 Jahren betroffen"],"rest_api_enabler":{"featured_image":"https:\/\/images.iphone-ticker.de\/wp-content\/uploads\/2017\/12\/kinder-handy.jpg","subheadline":"Kinder zwischen 6 und 15 Jahren betroffen"},"_links":{"self":[{"href":"https:\/\/www.iphone-ticker.de\/apiv2\/wp\/v2\/posts\/120275","targetHints":{"allow":["GET"]}}],"collection":[{"href":"https:\/\/www.iphone-ticker.de\/apiv2\/wp\/v2\/posts"}],"about":[{"href":"https:\/\/www.iphone-ticker.de\/apiv2\/wp\/v2\/types\/post"}],"author":[{"embeddable":true,"href":"https:\/\/www.iphone-ticker.de\/apiv2\/wp\/v2\/users\/1"}],"replies":[{"embeddable":true,"href":"https:\/\/www.iphone-ticker.de\/apiv2\/wp\/v2\/comments?post=120275"}],"version-history":[{"count":1,"href":"https:\/\/www.iphone-ticker.de\/apiv2\/wp\/v2\/posts\/120275\/revisions"}],"predecessor-version":[{"id":120278,"href":"https:\/\/www.iphone-ticker.de\/apiv2\/wp\/v2\/posts\/120275\/revisions\/120278"}],"wp:featuredmedia":[{"embeddable":true,"href":"https:\/\/www.iphone-ticker.de\/apiv2\/wp\/v2\/media\/120277"}],"wp:attachment":[{"href":"https:\/\/www.iphone-ticker.de\/apiv2\/wp\/v2\/media?parent=120275"}],"wp:term":[{"taxonomy":"category","embeddable":true,"href":"https:\/\/www.iphone-ticker.de\/apiv2\/wp\/v2\/categories?post=120275"},{"taxonomy":"post_tag","embeddable":true,"href":"https:\/\/www.iphone-ticker.de\/apiv2\/wp\/v2\/tags?post=120275"}],"curies":[{"name":"wp","href":"https:\/\/api.w.org\/{rel}","templated":true}]}}