{"id":119102,"date":"2017-11-14T13:14:01","date_gmt":"2017-11-14T12:14:01","guid":{"rendered":"https:\/\/www.iphone-ticker.de\/?p=119102"},"modified":"2017-11-14T14:49:17","modified_gmt":"2017-11-14T13:49:17","slug":"mein-fotostream-mit-synchronisierungsproblemen","status":"publish","type":"post","link":"https:\/\/www.iphone-ticker.de\/mein-fotostream-mit-synchronisierungsproblemen-119102\/","title":{"rendered":"Apples &#8222;Mein Fotostream&#8220; mit Synchronisierungsproblemen"},"content":{"rendered":"<p>Auch wenn Apples <a href=\"https:\/\/www.apple.com\/de\/support\/systemstatus\/\">Systemstatus-Anzeige<\/a> Gegenteiliges behauptet, die Synchronisierung von Fotos zwischen iPhone und einem Mac \u00fcber die iCloud-Funktion \u201e<a href=\"https:\/\/support.apple.com\/kb\/PH13693?locale=de_DE&amp;viewlocale=de_DE\">Mein Fotostream<\/a>\u201c l\u00e4uft gerade nicht rund.<\/p>\n<p>Uns liegen nicht nur mehrere Leserhinweise zu diesem Thema vor, sondern wir k\u00f6nnen die Problematik mit einer Apple-ID auch selbst nachvollziehen. Mit dem iPhone geknipste Bilder werden teils gar nicht, teils nur mit starker Verz\u00f6gerung und unvollst\u00e4ndig auf den Mac \u00fcbertragen.<\/p>\n<p><a href=\"https:\/\/images.iphone-ticker.de\/wp-content\/uploads\/2017\/11\/mein-fotostream.jpg\"><img loading=\"lazy\" decoding=\"async\" src=\"https:\/\/images.iphone-ticker.de\/wp-content\/uploads\/2017\/11\/mein-fotostream.jpg\" alt=\"Mein Fotostream\" width=\"500\" height=\"297\" class=\"alignnone size-full wp-image-119104\" srcset=\"https:\/\/images.iphone-ticker.de\/wp-content\/uploads\/2017\/11\/mein-fotostream.jpg 500w, https:\/\/images.iphone-ticker.de\/wp-content\/uploads\/2017\/11\/mein-fotostream-300x178.jpg 300w\" sizes=\"auto, (max-width: 500px) 100vw, 500px\" \/><\/a><\/p>\n<p>Eine Option w\u00e4re es, die Funktion auf allen beteiligten Ger\u00e4ten vor\u00fcbergehend zu deaktivieren und dann wieder anzuschalten. Ein solcher Reset hat in der Vergangenheit bei vergleichbaren Problemen f\u00fcr Abhilfe gesorgt, scheint aber im aktuellen Fall zumindest nicht bei allen Nutzern die erhoffte Wirkung zu haben.<\/p>\n","protected":false},"excerpt":{"rendered":"<a href=\"https:\/\/www.iphone-ticker.de\/mein-fotostream-mit-synchronisierungsproblemen-119102\/\"><img width=\"150\" height=\"150\" src=\"https:\/\/images.iphone-ticker.de\/wp-content\/uploads\/2017\/11\/mein-fotostream-150x150.jpg\" class=\"alignright tfe wp-post-image\" alt=\"Mein Fotostream\" decoding=\"async\" loading=\"lazy\" \/><\/a><p>Auch wenn Apples Systemstatus-Anzeige Gegenteiliges behauptet, die Synchronisierung von Fotos zwischen iPhone und einem Mac \u00fcber die iCloud-Funktion \u201eMein Fotostream\u201c l\u00e4uft gerade nicht rund. Uns liegen nicht nur mehrere Leserhinweise zu diesem Thema vor, sondern wir k\u00f6nnen die Problematik mit einer Apple-ID auch selbst nachvollziehen. Mit dem iPhone geknipste Bilder werden teils gar nicht, teils [&hellip;]<\/p>\n","protected":false},"author":2,"featured_media":119104,"comment_status":"open","ping_status":"closed","sticky":false,"template":"","format":"standard","meta":{"footnotes":""},"categories":[1],"tags":[703,986,846],"class_list":["post-119102","post","type-post","status-publish","format-standard","has-post-thumbnail","hentry","category-news","tag-fotos","tag-fotostream","tag-icloud"],"aioseo_notices":[],"subheadline":["Bilder werden nicht \u00fcbertragen"],"featured_image":["https:\/\/images.iphone-ticker.de\/wp-content\/uploads\/2017\/11\/icloud-fotomediathek.jpg"],"rest_api_enabler":{"subheadline":"Bilder werden nicht \u00fcbertragen","featured_image":"https:\/\/images.iphone-ticker.de\/wp-content\/uploads\/2017\/11\/icloud-fotomediathek.jpg"},"_links":{"self":[{"href":"https:\/\/www.iphone-ticker.de\/apiv2\/wp\/v2\/posts\/119102","targetHints":{"allow":["GET"]}}],"collection":[{"href":"https:\/\/www.iphone-ticker.de\/apiv2\/wp\/v2\/posts"}],"about":[{"href":"https:\/\/www.iphone-ticker.de\/apiv2\/wp\/v2\/types\/post"}],"author":[{"embeddable":true,"href":"https:\/\/www.iphone-ticker.de\/apiv2\/wp\/v2\/users\/2"}],"replies":[{"embeddable":true,"href":"https:\/\/www.iphone-ticker.de\/apiv2\/wp\/v2\/comments?post=119102"}],"version-history":[{"count":4,"href":"https:\/\/www.iphone-ticker.de\/apiv2\/wp\/v2\/posts\/119102\/revisions"}],"predecessor-version":[{"id":119107,"href":"https:\/\/www.iphone-ticker.de\/apiv2\/wp\/v2\/posts\/119102\/revisions\/119107"}],"wp:featuredmedia":[{"embeddable":true,"href":"https:\/\/www.iphone-ticker.de\/apiv2\/wp\/v2\/media\/119104"}],"wp:attachment":[{"href":"https:\/\/www.iphone-ticker.de\/apiv2\/wp\/v2\/media?parent=119102"}],"wp:term":[{"taxonomy":"category","embeddable":true,"href":"https:\/\/www.iphone-ticker.de\/apiv2\/wp\/v2\/categories?post=119102"},{"taxonomy":"post_tag","embeddable":true,"href":"https:\/\/www.iphone-ticker.de\/apiv2\/wp\/v2\/tags?post=119102"}],"curies":[{"name":"wp","href":"https:\/\/api.w.org\/{rel}","templated":true}]}}