{"id":118954,"date":"2017-11-09T20:30:33","date_gmt":"2017-11-09T19:30:33","guid":{"rendered":"https:\/\/www.iphone-ticker.de\/?p=118954"},"modified":"2017-11-10T09:50:44","modified_gmt":"2017-11-10T08:50:44","slug":"heute-vor-10-jahren-das-iphone-startet-in-deutschland-2","status":"publish","type":"post","link":"https:\/\/www.iphone-ticker.de\/heute-vor-10-jahren-das-iphone-startet-in-deutschland-2-118954\/","title":{"rendered":"Heute vor 10 Jahren: Das iPhone startet in Deutschland"},"content":{"rendered":"<p>Mit einem Mitternachtsverkauf im K\u00f6lner Telekom-Shop Schildergasse wurde heute vor zehn Jahren der Verkauf des iPhone in Deutschland eingel\u00e4utet. Die Telekom war damals noch Exklusiv-Partner von Apple und das Ger\u00e4t war hierzulande mit SIM-Lock zun\u00e4chst ausschlie\u00dflich \u00fcber den Mobilfunkanbieter erh\u00e4ltlich.<\/p>\n<p><a href=\"https:\/\/images.iphone-ticker.de\/wp-content\/uploads\/2016\/11\/iphone-verkaufsstart-koeln.jpg\"><img loading=\"lazy\" decoding=\"async\" src=\"https:\/\/images.iphone-ticker.de\/wp-content\/uploads\/2016\/11\/iphone-verkaufsstart-koeln.jpg\" alt=\"Iphone Verkaufsstart Koeln\" width=\"500\" height=\"323\" class=\"alignnone size-full wp-image-104286\" srcset=\"https:\/\/images.iphone-ticker.de\/wp-content\/uploads\/2016\/11\/iphone-verkaufsstart-koeln.jpg 500w, https:\/\/images.iphone-ticker.de\/wp-content\/uploads\/2016\/11\/iphone-verkaufsstart-koeln-300x194.jpg 300w\" sizes=\"auto, (max-width: 500px) 100vw, 500px\" \/><\/a><\/p>\n<p>In K\u00f6ln warteten am Abend des 8. November 2007 bei nasskaltem Wetter rund 400 Menschen darauf, dass sich um Mitternacht die T\u00fcren des Telekom-Shops \u00f6ffneten. Wir waren nat\u00fcrlich vor Ort, unsere Fotos vom damaligen Nachtverkauf findet ihr <a href=\"https:\/\/www.flickr.com\/photos\/ifun\/sets\/72157603019097572\/\" title=\"hier auf Flickr\">hier auf Flickr<\/a>. Vom fr\u00fchen Morgen an war das Ger\u00e4t dann bundesweit in den Ladengesch\u00e4ften der Telekom sowie online erh\u00e4ltlich.<\/p>\n<p>In den USA konnte man das im Januar 2007 vorgestellte Ger\u00e4t bereits vom 29. Juni 2007 an kaufen. Der Starttermin f\u00fcr Deutschland wurde gemeinsam mit der Tatsache, dass Apple das iPhone zun\u00e4chst exklusiv \u00fcber die Telekom vertreibt, am 19. September 2007 im Rahmen einer gemeinsamen <a href=\"https:\/\/www.flickr.com\/photos\/hieber\/albums\/72157603553173653\">Pressekonferenz von Apple und Telekom in Berlin<\/a> angek\u00fcndigt, Steve Jobs pers\u00f6nlich war damals nach Berlin gereist, um die Details zum Verkaufsstart in Deutschland zu verk\u00fcnden.<\/p>\n<p><a href=\"https:\/\/images.iphone-ticker.de\/wp-content\/uploads\/2016\/11\/steve-jobs-iphone-deutschland-verkaufsstart.jpg\"><img loading=\"lazy\" decoding=\"async\" src=\"https:\/\/images.iphone-ticker.de\/wp-content\/uploads\/2016\/11\/steve-jobs-iphone-deutschland-verkaufsstart.jpg\" alt=\"Steve Jobs Iphone Deutschland Verkaufsstart\" width=\"700\" height=\"404\" class=\"alignnone size-full wp-image-104287\" srcset=\"https:\/\/images.iphone-ticker.de\/wp-content\/uploads\/2016\/11\/steve-jobs-iphone-deutschland-verkaufsstart.jpg 700w, https:\/\/images.iphone-ticker.de\/wp-content\/uploads\/2016\/11\/steve-jobs-iphone-deutschland-verkaufsstart-300x173.jpg 300w\" sizes=\"auto, (max-width: 700px) 100vw, 700px\" \/><\/a><\/p>\n<h2>Video: Alle iPhone-Modelle seit 2007 im Vergleich<\/h2>\n<p><div class=\"responsive-video\"><iframe loading=\"lazy\" width=\"700\" height=\"394\" src=\"https:\/\/www.youtube-nocookie.com\/embed\/9PkTLesrqG4?showinfo=0?ecver=1\" frameborder=\"0\" gesture=\"media\" allowfullscreen><\/iframe><\/div><\/p>\n","protected":false},"excerpt":{"rendered":"<a href=\"https:\/\/www.iphone-ticker.de\/heute-vor-10-jahren-das-iphone-startet-in-deutschland-2-118954\/\"><img decoding=\"async\" width=\"150\" src=\"https:\/\/images.iphone-ticker.de\/wp-content\/uploads\/2016\/11\/iphone-verkaufsstart-koeln.jpg\" class=\"alignright wp-post-image tfe\" alt=\"Iphone Verkaufsstart Koeln\" title=\"\" \/><\/a><p>Mit einem Mitternachtsverkauf im K\u00f6lner Telekom-Shop Schildergasse wurde heute vor zehn Jahren der Verkauf des iPhone in Deutschland eingel\u00e4utet. Die Telekom war damals noch Exklusiv-Partner von Apple und das Ger\u00e4t war hierzulande mit SIM-Lock zun\u00e4chst ausschlie\u00dflich \u00fcber den Mobilfunkanbieter erh\u00e4ltlich. In K\u00f6ln warteten am Abend des 8. November 2007 bei nasskaltem Wetter rund 400 Menschen [&hellip;]<\/p>\n","protected":false},"author":2,"featured_media":0,"comment_status":"open","ping_status":"closed","sticky":false,"template":"","format":"standard","meta":{"footnotes":""},"categories":[749,1975],"tags":[64,344],"class_list":["post-118954","post","type-post","status-publish","format-standard","hentry","category-iphone-2","category-feature","tag-deutschland","tag-iphone"],"aioseo_notices":[],"featured_image":["https:\/\/images.iphone-ticker.de\/wp-content\/uploads\/2016\/11\/iphone-verkaufsstart-deutschland.jpg"],"subheadline":["Exklusiv bei der Telekom"],"rest_api_enabler":{"featured_image":"https:\/\/images.iphone-ticker.de\/wp-content\/uploads\/2016\/11\/iphone-verkaufsstart-deutschland.jpg","subheadline":"Exklusiv bei der Telekom"},"_links":{"self":[{"href":"https:\/\/www.iphone-ticker.de\/apiv2\/wp\/v2\/posts\/118954","targetHints":{"allow":["GET"]}}],"collection":[{"href":"https:\/\/www.iphone-ticker.de\/apiv2\/wp\/v2\/posts"}],"about":[{"href":"https:\/\/www.iphone-ticker.de\/apiv2\/wp\/v2\/types\/post"}],"author":[{"embeddable":true,"href":"https:\/\/www.iphone-ticker.de\/apiv2\/wp\/v2\/users\/2"}],"replies":[{"embeddable":true,"href":"https:\/\/www.iphone-ticker.de\/apiv2\/wp\/v2\/comments?post=118954"}],"version-history":[{"count":3,"href":"https:\/\/www.iphone-ticker.de\/apiv2\/wp\/v2\/posts\/118954\/revisions"}],"predecessor-version":[{"id":118957,"href":"https:\/\/www.iphone-ticker.de\/apiv2\/wp\/v2\/posts\/118954\/revisions\/118957"}],"wp:attachment":[{"href":"https:\/\/www.iphone-ticker.de\/apiv2\/wp\/v2\/media?parent=118954"}],"wp:term":[{"taxonomy":"category","embeddable":true,"href":"https:\/\/www.iphone-ticker.de\/apiv2\/wp\/v2\/categories?post=118954"},{"taxonomy":"post_tag","embeddable":true,"href":"https:\/\/www.iphone-ticker.de\/apiv2\/wp\/v2\/tags?post=118954"}],"curies":[{"name":"wp","href":"https:\/\/api.w.org\/{rel}","templated":true}]}}