{"id":117715,"date":"2017-10-12T12:57:21","date_gmt":"2017-10-12T10:57:21","guid":{"rendered":"https:\/\/www.iphone-ticker.de\/?p=117715"},"modified":"2017-10-12T12:57:27","modified_gmt":"2017-10-12T10:57:27","slug":"2gbit-pro-sekunde-telekom-stellt-erste-5g-masten-auf","status":"publish","type":"post","link":"https:\/\/www.iphone-ticker.de\/2gbit-pro-sekunde-telekom-stellt-erste-5g-masten-auf-117715\/","title":{"rendered":"2Gbit pro Sekunde: Telekom stellt erste 5G-Masten auf"},"content":{"rendered":"<p>Etwas mehr als zwei Jahre vor dem weltweiten Start des <a href=\"https:\/\/de.wikipedia.org\/wiki\/Next_Generation_Mobile_Networks\">Mobilfunkstandards 5G<\/a>, der f\u00fcr 2020 geplant ist, hat die Deutsche Telekom jetzt die ersten 5G-Masten in Betrieb genommen. Die Antennen in Berlin &#8211; insgesamt wurden vier Funkzellen ins Netz eingegliedert &#8211; sind nach Angaben des Netzbetreibers die ersten in Europa, die &#8222;live und in realer Umgebung \u00fcber 5G funken&#8220;. <\/p>\n<p><a href=\"https:\/\/images.iphone-ticker.de\/wp-content\/uploads\/2017\/10\/telekom-g5.jpg\"><img decoding=\"async\" src=\"https:\/\/images.iphone-ticker.de\/wp-content\/uploads\/2017\/10\/telekom-g5.jpg\" alt=\"Telekom G5\" width=\"500\"  class=\"aligncenter size-full wp-image-117717\" srcset=\"https:\/\/images.iphone-ticker.de\/wp-content\/uploads\/2017\/10\/telekom-g5.jpg 1000w, https:\/\/images.iphone-ticker.de\/wp-content\/uploads\/2017\/10\/telekom-g5-300x225.jpg 300w\" sizes=\"(max-width: 1000px) 100vw, 1000px\" \/><\/a><\/p>\n<p>Beim Livebetrieb in Berlin nutzt die Telekom das Frequenzspektrum bei 3.7 Gigahertz und setzt auf die Ausr\u00fcstung von Huawei. <\/p>\n<p>Mit einem Vorstandard von 5G New Radio (5G NR), der zuk\u00fcnftigen Mobilfunkkomponente von 5G, schafft das Netz in Berlin Sch\u00f6neberg Rekord-\u00dcbertragungsraten von zwei Gigabit pro Sekunde auf einem einzelnen Endger\u00e4t und eine Latenz von drei Millisekunden. Der Bonner Netzbetreiber unterstreicht: Extrem hohe Bandbreiten und eine superkurze Reaktionszeit des Netzes sind wesentliche Vorteile von 5G.<\/p>\n<blockquote><p>&#8222;Die Telekom demonstriert die Leistungsf\u00e4higkeit des Netzes mit ersten 5G-Anwendungsideen und zeigt, wie durch den Einsatz von 5G New Radio Augmented Reality (AR) und Virtual Reality (VR) Anwendungen besser und leistungsst\u00e4rker werden. M\u00f6glich machen das der Transport gro\u00dfer Datenmengen, der Austausch von Infos in Echtzeit und die hohe Zuverl\u00e4ssigkeit, die 5G bietet. Ein weiteres Highlight: Die Live-\u00dcbertragung von ultrahochaufl\u00f6senden Videodaten \u00fcber 5G NR.&#8220;<\/p><\/blockquote>\n<p>Weitere Infos zum neuen Standard hat die Telekom auf ihrer <a href=\"https:\/\/www.telekom.com\/de\/konzern\/special-5g\">5G-Sonderseite<\/a> zusammengefasst und k\u00fcndigt einen Live-Stream an: Heute ab 14 Uhr soll sich der YouTube-Kanal <a href=\"https:\/\/www.youtube.com\/watch?v=uq15MayUXpc\">Netzgeschichten<\/a> detailliert mit dem 4G-Nachfolger befassen. <\/p>\n<h2>Was ist 5G?<\/h2>\n<p><div class=\"responsive-video\"><iframe loading=\"lazy\" width=\"700\" height=\"371\" src=\"https:\/\/www.youtube-nocookie.com\/embed\/c3bkMfYM9rQ?start=38\" frameborder=\"0\" allowfullscreen><\/iframe><\/div><\/p>\n<h2>Live-Stream ab 14 Uhr<\/h2>\n<p><div class=\"responsive-video\"><iframe loading=\"lazy\" width=\"700\" height=\"371\" src=\"https:\/\/www.youtube-nocookie.com\/embed\/uq15MayUXpc\" frameborder=\"0\" allowfullscreen><\/iframe><\/div><\/p>\n","protected":false},"excerpt":{"rendered":"<a href=\"https:\/\/www.iphone-ticker.de\/2gbit-pro-sekunde-telekom-stellt-erste-5g-masten-auf-117715\/\"><img width=\"150\" height=\"150\" src=\"https:\/\/images.iphone-ticker.de\/wp-content\/uploads\/2017\/10\/5g-telekom-150x150.jpg\" class=\"alignright tfe wp-post-image\" alt=\"5g Telekom\" decoding=\"async\" loading=\"lazy\" \/><\/a><p>Etwas mehr als zwei Jahre vor dem weltweiten Start des Mobilfunkstandards 5G, der f\u00fcr 2020 geplant ist, hat die Deutsche Telekom jetzt die ersten 5G-Masten in Betrieb genommen. Die Antennen in Berlin &#8211; insgesamt wurden vier Funkzellen ins Netz eingegliedert &#8211; sind nach Angaben des Netzbetreibers die ersten in Europa, die &#8222;live und in realer [&hellip;]<\/p>\n","protected":false},"author":1,"featured_media":117718,"comment_status":"open","ping_status":"closed","sticky":false,"template":"","format":"standard","meta":{"footnotes":""},"categories":[1],"tags":[2938,319,363],"class_list":["post-117715","post","type-post","status-publish","format-standard","has-post-thumbnail","hentry","category-news","tag-5g","tag-berlin","tag-telekom"],"aioseo_notices":[],"subheadline":["Live-Stream ab 14 Uhr"],"featured_image":["https:\/\/images.iphone-ticker.de\/wp-content\/uploads\/2017\/10\/5g-telekom.jpg"],"rest_api_enabler":{"subheadline":"Live-Stream ab 14 Uhr","featured_image":"https:\/\/images.iphone-ticker.de\/wp-content\/uploads\/2017\/10\/5g-telekom.jpg"},"_links":{"self":[{"href":"https:\/\/www.iphone-ticker.de\/apiv2\/wp\/v2\/posts\/117715","targetHints":{"allow":["GET"]}}],"collection":[{"href":"https:\/\/www.iphone-ticker.de\/apiv2\/wp\/v2\/posts"}],"about":[{"href":"https:\/\/www.iphone-ticker.de\/apiv2\/wp\/v2\/types\/post"}],"author":[{"embeddable":true,"href":"https:\/\/www.iphone-ticker.de\/apiv2\/wp\/v2\/users\/1"}],"replies":[{"embeddable":true,"href":"https:\/\/www.iphone-ticker.de\/apiv2\/wp\/v2\/comments?post=117715"}],"version-history":[{"count":2,"href":"https:\/\/www.iphone-ticker.de\/apiv2\/wp\/v2\/posts\/117715\/revisions"}],"predecessor-version":[{"id":117719,"href":"https:\/\/www.iphone-ticker.de\/apiv2\/wp\/v2\/posts\/117715\/revisions\/117719"}],"wp:featuredmedia":[{"embeddable":true,"href":"https:\/\/www.iphone-ticker.de\/apiv2\/wp\/v2\/media\/117718"}],"wp:attachment":[{"href":"https:\/\/www.iphone-ticker.de\/apiv2\/wp\/v2\/media?parent=117715"}],"wp:term":[{"taxonomy":"category","embeddable":true,"href":"https:\/\/www.iphone-ticker.de\/apiv2\/wp\/v2\/categories?post=117715"},{"taxonomy":"post_tag","embeddable":true,"href":"https:\/\/www.iphone-ticker.de\/apiv2\/wp\/v2\/tags?post=117715"}],"curies":[{"name":"wp","href":"https:\/\/api.w.org\/{rel}","templated":true}]}}