{"id":117547,"date":"2017-10-09T09:36:22","date_gmt":"2017-10-09T07:36:22","guid":{"rendered":"https:\/\/www.iphone-ticker.de\/?p=117547"},"modified":"2017-10-09T09:36:22","modified_gmt":"2017-10-09T07:36:22","slug":"personalwechsel-neuer-manager-soll-icloud-zuverlaessiger-machen","status":"publish","type":"post","link":"https:\/\/www.iphone-ticker.de\/personalwechsel-neuer-manager-soll-icloud-zuverlaessiger-machen-117547\/","title":{"rendered":"Personalwechsel: Neuer Manager soll iCloud zuverl\u00e4ssiger machen"},"content":{"rendered":"<p>Apple hat offenbar einen neuen Verantwortlichen f\u00fcr die iCloud-Infrastruktur eingesetzt. Einem <a href=\"https:\/\/www.cnbc.com\/2017\/10\/06\/apple-services-operations-director-eric-billingsley-leaves.html\">Medienbericht<\/a> zufolge hat der bislang als \u201eDirector of Internet Services\u201c t\u00e4tige Eric Billingsley das Unternehmen verlassen, als Nachfolger wird der bislang vorrangig f\u00fcr die Siri-Infrastruktur verantwortliche Patrick Gates gehandelt.<\/p>\n<p><a href=\"http:\/\/images.ifun.de\/wp-content\/uploads\/2016\/03\/maiden.jpg\" rel=\"attachment wp-att-89900\"><img loading=\"lazy\" decoding=\"async\" src=\"http:\/\/images.ifun.de\/wp-content\/uploads\/2016\/03\/maiden.jpg\" alt=\"maiden\" width=\"500\" height=\"266\" class=\"alignnone size-full wp-image-89900\" \/><\/a><\/p>\n<h6>Solarstrom f\u00fcr Apples Datencenter in North Carolina<\/h6>\n<p>Apples Cloud-Dienste sind seit Jahren ein heikles Thema. Wenngleich sich die Zuverl\u00e4ssigkeit im Vergleich zu iCloud-Vorg\u00e4ngern wie MobileMe eklatant verbessert hat, stellt das System bis heute nicht alle Kunden zufrieden. Unzuverl\u00e4ssigkeiten bei der Synchronisierung von Fotos etwa oder verz\u00f6gert zugestellte iMessage-Nachrichten sind immer wieder Thema von Problemberichten. Letzteres will Apple in den kommenden Wochen mit der Einf\u00fchrung der <a href=\"https:\/\/www.iphone-ticker.de\/apple-verschiebt-messages-in-icloud-auf-spaetere-ios-11-version-115095\/\">iCloud-Synchronisierung von iMessages<\/a> in den Griff bekommen.<\/p>\n<p>Unter anderem soll eine eigene Server-Infrastruktur die Zuverl\u00e4ssigkeit von iCloud erh\u00f6hen. Apple ist bislang auch auf externe Dienstleister wie Amazon Web Services und Microsoft Azure angewiesen. <a href=\"https:\/\/www.ifun.de\/etliche-icloud-dienste-machen-probleme-104504\/\">Im Februar<\/a> sorgte ein Ausfall bei Amazon beispielsweise f\u00fcr massive iCloud-Probleme. Um dergleichen k\u00fcnftig zu verhindern, will Apple diese Abh\u00e4ngigkeiten auf lange Sicht <a href=\"https:\/\/www.ifun.de\/cloud-infrastruktur-apple-will-externe-anbieter-durch-eigene-server-ersetzen-89898\/\">offenbar<\/a> durch eigene Cloud-Systeme ersetzen. Der Management-Wechsel k\u00f6nnte darauf hindeuten, dass diese Anstrengungen nun verst\u00e4rkt werden. Der zuvor verantwortliche Billingsley favorisierte wohl noch die Nutzung externer Angebote. Dem Medienbericht zufolge wurde iCloud unter Billingsley als &#8222;Problemkind&#8220; gehandelt, der neue Mann bringe das Schiff nun &#8222;auf Kurs&#8220;.<\/p>\n","protected":false},"excerpt":{"rendered":"<a href=\"https:\/\/www.iphone-ticker.de\/personalwechsel-neuer-manager-soll-icloud-zuverlaessiger-machen-117547\/\"><img decoding=\"async\" width=\"150\" src=\"http:\/\/images.ifun.de\/wp-content\/uploads\/2016\/03\/maiden.jpg\" class=\"alignright wp-post-image tfe\" alt=\"maiden\" title=\"\" \/><\/a><p>Apple hat offenbar einen neuen Verantwortlichen f\u00fcr die iCloud-Infrastruktur eingesetzt. Einem Medienbericht zufolge hat der bislang als \u201eDirector of Internet Services\u201c t\u00e4tige Eric Billingsley das Unternehmen verlassen, als Nachfolger wird der bislang vorrangig f\u00fcr die Siri-Infrastruktur verantwortliche Patrick Gates gehandelt. Solarstrom f\u00fcr Apples Datencenter in North Carolina Apples Cloud-Dienste sind seit Jahren ein heikles Thema. [&hellip;]<\/p>\n","protected":false},"author":2,"featured_media":0,"comment_status":"open","ping_status":"closed","sticky":false,"template":"","format":"standard","meta":{"footnotes":""},"categories":[14],"tags":[3912,846],"class_list":["post-117547","post","type-post","status-publish","format-standard","hentry","category-apple","tag-apple","tag-icloud"],"aioseo_notices":[],"subheadline":["Setzt Apple auf eigene Hardware?"],"featured_image":["https:\/\/images.ifun.de\/wp-content\/uploads\/2017\/06\/serverraum.jpg"],"rest_api_enabler":{"subheadline":"Setzt Apple auf eigene Hardware?","featured_image":"https:\/\/images.ifun.de\/wp-content\/uploads\/2017\/06\/serverraum.jpg"},"_links":{"self":[{"href":"https:\/\/www.iphone-ticker.de\/apiv2\/wp\/v2\/posts\/117547","targetHints":{"allow":["GET"]}}],"collection":[{"href":"https:\/\/www.iphone-ticker.de\/apiv2\/wp\/v2\/posts"}],"about":[{"href":"https:\/\/www.iphone-ticker.de\/apiv2\/wp\/v2\/types\/post"}],"author":[{"embeddable":true,"href":"https:\/\/www.iphone-ticker.de\/apiv2\/wp\/v2\/users\/2"}],"replies":[{"embeddable":true,"href":"https:\/\/www.iphone-ticker.de\/apiv2\/wp\/v2\/comments?post=117547"}],"version-history":[{"count":3,"href":"https:\/\/www.iphone-ticker.de\/apiv2\/wp\/v2\/posts\/117547\/revisions"}],"predecessor-version":[{"id":117550,"href":"https:\/\/www.iphone-ticker.de\/apiv2\/wp\/v2\/posts\/117547\/revisions\/117550"}],"wp:attachment":[{"href":"https:\/\/www.iphone-ticker.de\/apiv2\/wp\/v2\/media?parent=117547"}],"wp:term":[{"taxonomy":"category","embeddable":true,"href":"https:\/\/www.iphone-ticker.de\/apiv2\/wp\/v2\/categories?post=117547"},{"taxonomy":"post_tag","embeddable":true,"href":"https:\/\/www.iphone-ticker.de\/apiv2\/wp\/v2\/tags?post=117547"}],"curies":[{"name":"wp","href":"https:\/\/api.w.org\/{rel}","templated":true}]}}