{"id":117227,"date":"2017-09-29T08:38:55","date_gmt":"2017-09-29T06:38:55","guid":{"rendered":"https:\/\/www.iphone-ticker.de\/?p=117227"},"modified":"2017-09-29T08:38:55","modified_gmt":"2017-09-29T06:38:55","slug":"apple-im-iphone-ist-keine-ukw-empfangstechnik-verbaut","status":"publish","type":"post","link":"https:\/\/www.iphone-ticker.de\/apple-im-iphone-ist-keine-ukw-empfangstechnik-verbaut-117227\/","title":{"rendered":"Apple: &#8222;Im iPhone ist keine UKW-Empfangstechnik verbaut&#8220;"},"content":{"rendered":"<p>Die Diskussionen um die Aktivierung eines im iPhone vorhandenen Radioempf\u00e4ngers sind nicht neu. Bereits im Fr\u00fchjahr <a href=\"https:\/\/www.iphone-ticker.de\/rundfunkverband-fordert-aktivierung-des-ukw-empfaengers-im-iphone-111098\/\">forderte<\/a> der amerikanische Rundfunkverband National Association of Broadcasters Apple und andere Smartphone-Hersteller dazu auf, in den Ger\u00e4ten verbaute UKW-Empfangsmodule freizuschalten, um den Radioempfang mit diesen zu erm\u00f6glichen. Die Diskussion kam dieser Tage erneut auf. Mit Blick auf die Sturmsch\u00e4den im S\u00fcden der USA hat sich auch der Vorsitzende der Zulassungsbeh\u00f6rde FCC mit einer entsprechenden Bitte an Apple gewandt. Der klassische Radioempfang sei f\u00fcr Gesch\u00e4digte oft die einzige M\u00f6glichkeit, mit der Au\u00dfenwelt in Kontakt zu bleiben.<\/p>\n<p>In einer Stellungnahme teilt Apple nun mit, dass dies technisch nicht m\u00f6glich sei. Das iPhone 7 und das iPhone 8 (und vermutlich auch kommende iPhone-Generationen) haben laut Apple weder die daf\u00fcr ben\u00f6tigten Prozessoren noch die passenden Antennen an Bord. <\/p>\n<blockquote>\n<p>Apple cares deeply about the safety of our users, especially during times of crisis and that\u2019s why we have engineered modern safety solutions into our products. Users can dial emergency services and access Medical ID card information directly from the Lock Screen, and we enable government emergency notifications, ranging from Weather Advisories to AMBER alerts. iPhone 7 and iPhone 8 models do not have FM radio chips in them nor do they have antennas designed to support FM signals, so it is not possible to enable FM reception in these products.<\/p>\n<\/blockquote>\n<p>In diesem Zusammenhang ist anzumerken, dass die UKW-Empfangsm\u00f6glichkeit auch bei \u00e4lteren iPhone-Modellen nicht zwangsl\u00e4ufig gegeben sein muss. Selbst wenn beispielsweise aus Kostengr\u00fcnden noch ein Standardbauteil mit integriertem UKW-Modul verbaut wurde, k\u00f6nnten fehlende Anschl\u00fcsse und Antennen dessen Funktion verhindern.<\/p>\n<p>Mit Blick auf diesen Sachverhalt kommt in den USA berechtigte Kritik an der Zulassungsbeh\u00f6rde FCC auf. Diese verf\u00fcgt \u00fcber detaillierte technische Unterlagen zu allen iPhone-Modellen, muss sie diese doch insbesondere mit Blick auf die verbauten Sende- und Empfangsmodule genehmigen. Somit ist eine entsprechende Forderung des FCC-Vorsitzenden vor dem Hintergrund, dass dieser \u00fcber die fehlenden technischen M\u00f6glichkeiten wissen sollte, nicht nachvollziehbar.<img loading=\"lazy\" decoding=\"async\" src=\"http:\/\/vg01.met.vgwort.de\/na\/40fe880c738443ce950cca0492d09955\" width=\"1\" height=\"1\" class=\"tracking\"><\/p>\n<p><h8>Via <a href=\"https:\/\/techcrunch.com\/2017\/09\/28\/whose-fcc-is-this\/\">TechCrunch<\/a><\/h8><\/p>\n","protected":false},"excerpt":{"rendered":"<a href=\"https:\/\/www.iphone-ticker.de\/apple-im-iphone-ist-keine-ukw-empfangstechnik-verbaut-117227\/\"><img decoding=\"async\" width=\"150\" src=\"http:\/\/vg01.met.vgwort.de\/na\/40fe880c738443ce950cca0492d09955\" class=\"alignright wp-post-image tfe\" alt=\"\" title=\"\" \/><\/a><p>Die Diskussionen um die Aktivierung eines im iPhone vorhandenen Radioempf\u00e4ngers sind nicht neu. Bereits im Fr\u00fchjahr forderte der amerikanische Rundfunkverband National Association of Broadcasters Apple und andere Smartphone-Hersteller dazu auf, in den Ger\u00e4ten verbaute UKW-Empfangsmodule freizuschalten, um den Radioempfang mit diesen zu erm\u00f6glichen. Die Diskussion kam dieser Tage erneut auf. Mit Blick auf die Sturmsch\u00e4den [&hellip;]<\/p>\n","protected":false},"author":2,"featured_media":0,"comment_status":"open","ping_status":"closed","sticky":false,"template":"","format":"standard","meta":{"footnotes":""},"categories":[749],"tags":[4069,344,101,3895],"class_list":["post-117227","post","type-post","status-publish","format-standard","hentry","category-iphone-2","tag-fcc","tag-iphone","tag-radio","tag-ukw"],"aioseo_notices":[],"subheadline":["Diskussion um Radioempf\u00e4nger in Smartphones"],"featured_image":["https:\/\/images.iphone-ticker.de\/wp-content\/uploads\/2017\/04\/kopfhoerer.jpg"],"rest_api_enabler":{"subheadline":"Diskussion um Radioempf\u00e4nger in Smartphones","featured_image":"https:\/\/images.iphone-ticker.de\/wp-content\/uploads\/2017\/04\/kopfhoerer.jpg"},"_links":{"self":[{"href":"https:\/\/www.iphone-ticker.de\/apiv2\/wp\/v2\/posts\/117227","targetHints":{"allow":["GET"]}}],"collection":[{"href":"https:\/\/www.iphone-ticker.de\/apiv2\/wp\/v2\/posts"}],"about":[{"href":"https:\/\/www.iphone-ticker.de\/apiv2\/wp\/v2\/types\/post"}],"author":[{"embeddable":true,"href":"https:\/\/www.iphone-ticker.de\/apiv2\/wp\/v2\/users\/2"}],"replies":[{"embeddable":true,"href":"https:\/\/www.iphone-ticker.de\/apiv2\/wp\/v2\/comments?post=117227"}],"version-history":[{"count":4,"href":"https:\/\/www.iphone-ticker.de\/apiv2\/wp\/v2\/posts\/117227\/revisions"}],"predecessor-version":[{"id":117231,"href":"https:\/\/www.iphone-ticker.de\/apiv2\/wp\/v2\/posts\/117227\/revisions\/117231"}],"wp:attachment":[{"href":"https:\/\/www.iphone-ticker.de\/apiv2\/wp\/v2\/media?parent=117227"}],"wp:term":[{"taxonomy":"category","embeddable":true,"href":"https:\/\/www.iphone-ticker.de\/apiv2\/wp\/v2\/categories?post=117227"},{"taxonomy":"post_tag","embeddable":true,"href":"https:\/\/www.iphone-ticker.de\/apiv2\/wp\/v2\/tags?post=117227"}],"curies":[{"name":"wp","href":"https:\/\/api.w.org\/{rel}","templated":true}]}}