{"id":1170,"date":"2007-11-06T19:47:06","date_gmt":"2007-11-06T17:47:06","guid":{"rendered":"http:\/\/www.iphone-ticker.de\/2007\/11\/06\/deutsches-apple-video-zur-iphone-aktivierung\/"},"modified":"2007-11-06T20:21:49","modified_gmt":"2007-11-06T18:21:49","slug":"deutsches-apple-video-zur-iphone-aktivierung","status":"publish","type":"post","link":"https:\/\/www.iphone-ticker.de\/deutsches-apple-video-zur-iphone-aktivierung-1170\/","title":{"rendered":"Deutsches Apple-Video zur iPhone-Aktivierung"},"content":{"rendered":"<p><img src='http:\/\/www.iphone-ticker.de\/wp-content\/uploads\/2007\/11\/iphonactiv.jpg' alt='iphonactiv.jpg' align=\"right\" \/>Das n\u00e4chste St\u00fcck Vorbereitung auf den deutschen iPhone-Start steht bei Apple in Videoform bereit. Der deutsche iPhone-Bob (aka iTunes Europachef Oliver Schusser) zeigt in einem <a href=\"http:\/\/www.apple.com\/de\/iphone\/gettingstarted\/activation.html\" target=\"_blank\">achtmin\u00fctigen Film<\/a>, wie das iPhone in iTunes aktiviert und erstbef\u00fcllt wird.<br \/>\nSchluss also mit den Ger\u00fcchten um die direkte Aktivierung im Telekom-Laden, das gekaufte oder online bestellte iPhone wird \u00fcber iTunes bei T-Mobile aktiviert, erst dabei muss man sich auch f\u00fcr einen der angebotenen Vertr\u00e4ge entscheiden. <i>(via <a href=\"http:\/\/www.fscklog.com\" target=\"_blank\">fscklog<\/a>)<\/i><\/p>\n<p><i>Erg\u00e4nzung:<\/i> Nach den Kommentaren zu urteilen wurde der Text oben leicht missversteanden. Es geht um die Tatsache, dass die Aktivierung weiterhin am eigenen Rechner \u00fcber iTunes erfolgt und dort auch der gew\u00fcnschte Vertrag gew\u00e4hlt wird. Man schlie\u00dft selbstverst\u00e4ndlich einen Vorvertrag im Laden ab, wie schon mehrfach erw\u00e4hnt gibt es das iPhone in Deutschland nicht ohne Vertrag und nur bei der Telekom!<\/p>\n","protected":false},"excerpt":{"rendered":"<a href=\"https:\/\/www.iphone-ticker.de\/deutsches-apple-video-zur-iphone-aktivierung-1170\/\"><img decoding=\"async\" width=\"150\" src=\"http:\/\/www.iphone-ticker.de\/wp-content\/uploads\/2007\/11\/iphonactiv.jpg\" class=\"alignright wp-post-image tfe\" alt=\"iphonactiv.jpg\" title=\"\" \/><\/a><p>Das n\u00e4chste St\u00fcck Vorbereitung auf den deutschen iPhone-Start steht bei Apple in Videoform bereit. Der deutsche iPhone-Bob (aka iTunes Europachef Oliver Schusser) zeigt in einem achtmin\u00fctigen Film, wie das iPhone in iTunes aktiviert und erstbef\u00fcllt wird. Schluss also mit den Ger\u00fcchten um die direkte Aktivierung im Telekom-Laden, das gekaufte oder online bestellte iPhone wird \u00fcber [&hellip;]<\/p>\n","protected":false},"author":2,"featured_media":0,"comment_status":"open","ping_status":"open","sticky":false,"template":"","format":"standard","meta":{"footnotes":""},"categories":[1],"tags":[71,37,12,8],"class_list":["post-1170","post","type-post","status-publish","format-standard","hentry","category-news","tag-aktivierung","tag-t-mobile","tag-vertrag","tag-video"],"aioseo_notices":[],"rest_api_enabler":[],"_links":{"self":[{"href":"https:\/\/www.iphone-ticker.de\/apiv2\/wp\/v2\/posts\/1170","targetHints":{"allow":["GET"]}}],"collection":[{"href":"https:\/\/www.iphone-ticker.de\/apiv2\/wp\/v2\/posts"}],"about":[{"href":"https:\/\/www.iphone-ticker.de\/apiv2\/wp\/v2\/types\/post"}],"author":[{"embeddable":true,"href":"https:\/\/www.iphone-ticker.de\/apiv2\/wp\/v2\/users\/2"}],"replies":[{"embeddable":true,"href":"https:\/\/www.iphone-ticker.de\/apiv2\/wp\/v2\/comments?post=1170"}],"version-history":[{"count":0,"href":"https:\/\/www.iphone-ticker.de\/apiv2\/wp\/v2\/posts\/1170\/revisions"}],"wp:attachment":[{"href":"https:\/\/www.iphone-ticker.de\/apiv2\/wp\/v2\/media?parent=1170"}],"wp:term":[{"taxonomy":"category","embeddable":true,"href":"https:\/\/www.iphone-ticker.de\/apiv2\/wp\/v2\/categories?post=1170"},{"taxonomy":"post_tag","embeddable":true,"href":"https:\/\/www.iphone-ticker.de\/apiv2\/wp\/v2\/tags?post=1170"}],"curies":[{"name":"wp","href":"https:\/\/api.w.org\/{rel}","templated":true}]}}