{"id":116519,"date":"2017-09-12T20:17:17","date_gmt":"2017-09-12T18:17:17","guid":{"rendered":"https:\/\/www.iphone-ticker.de\/?p=116519"},"modified":"2017-09-15T08:24:01","modified_gmt":"2017-09-15T06:24:01","slug":"iphone-8-und-iphone-8-plus-ab-15-september-bestellbar","status":"publish","type":"post","link":"https:\/\/www.iphone-ticker.de\/iphone-8-und-iphone-8-plus-ab-15-september-bestellbar-116519\/","title":{"rendered":"iPhone 8 und iPhone 8 Plus ab 15. September bestellbar"},"content":{"rendered":"<p>Die technischen Kenndaten waren in weiten Teilen schon vor der heutigen Pr\u00e4sentation der neuen iPhone-Generation ins Netz durchgesickert &#8211; jetzt herrscht endlich auch Gewissheit was Preise und Verf\u00fcgbarkeit der beiden Standard-Modelle angeht.<\/p>\n<p><a href=\"https:\/\/images.iphone-ticker.de\/wp-content\/uploads\/2017\/09\/drahtlos-laden-1000.jpg\"><img decoding=\"async\" class=\"aligncenter size-full wp-image-116544\" src=\"https:\/\/images.iphone-ticker.de\/wp-content\/uploads\/2017\/09\/drahtlos-laden-1000.jpg\" alt=\"Drahtlos Laden 1000\" width=\"500\" srcset=\"https:\/\/images.iphone-ticker.de\/wp-content\/uploads\/2017\/09\/drahtlos-laden-1000.jpg 1142w, https:\/\/images.iphone-ticker.de\/wp-content\/uploads\/2017\/09\/drahtlos-laden-1000-300x279.jpg 300w, https:\/\/images.iphone-ticker.de\/wp-content\/uploads\/2017\/09\/drahtlos-laden-1000-1024x952.jpg 1024w\" sizes=\"(max-width: 1142px) 100vw, 1142px\" \/><\/a><\/p>\n<p>Das <a href=\"https:\/\/www.apple.com\/de\/iphone-8\/\">iPhone 8 und das iPhone 8 Plus<\/a> werden sich in diesem Jahr am 15. September vorbestellen lassen und gehen dann f\u00fcr 799 bzw. f\u00fcr 909 Euro in den Verkauf.<\/p>\n<p>Statt einem iPhone 7s und einem iPhone 7s Plus \u00fcbernehmen in diesem Jahr das iPhone 8 und iPhone 8 Plus den traditionellen Generationssprung.<\/p>\n<p>Mit einer Vorder- und R\u00fcckseite aus Glas ausgestattet &#8211; Apple spricht von einem &#8222;brandneuen Design&#8220; &#8211; werden iPhone 8 und iPhone 8 Plus in Spacegrau, Silber und Gold auf den Markt kommen und sind mit dem vom iPad bekannten TrueTone-Display ausgestattet, dass die Displaytemperatur der Umgebungsbeleuchtung anpasst.<\/p>\n<p>An den Ger\u00e4te-Gr\u00f6\u00dfen \u00e4ndert sich nichts. Die Display-Abmessungen der neuen Generation gleichen denen des iPhone 7.<\/p>\n<p>Im Inneren arbeitet Apples neuer &#8222;A11 Bionic&#8220;-Chip, der in allen Bereichen mindestens 25 Prozent schneller als der im iPhone 7 verbaute Logikbaustein arbeitet; 25 Prozent mehr &#8222;Wumms&#8220; haben auch die integrierten Stereo-Lautsprecher.<\/p>\n<p><a href=\"https:\/\/images.iphone-ticker.de\/wp-content\/uploads\/2017\/09\/farben.jpg\"><img loading=\"lazy\" decoding=\"async\" class=\"aligncenter size-full wp-image-116547\" src=\"https:\/\/images.iphone-ticker.de\/wp-content\/uploads\/2017\/09\/farben.jpg\" alt=\"Farben\" width=\"1400\" height=\"979\" srcset=\"https:\/\/images.iphone-ticker.de\/wp-content\/uploads\/2017\/09\/farben.jpg 1400w, https:\/\/images.iphone-ticker.de\/wp-content\/uploads\/2017\/09\/farben-300x210.jpg 300w, https:\/\/images.iphone-ticker.de\/wp-content\/uploads\/2017\/09\/farben-1024x716.jpg 1024w\" sizes=\"auto, (max-width: 1400px) 100vw, 1400px\" \/><\/a><\/p>\n<p>Diese werden von einem verbesserten 12 Megapixel-Kameramodul begleitet, die mit einer optischen Bildstabilisierung auftritt, allerdings nur im iPhone 8 Plus mit zwei Kameralinsen ausger\u00fcstet ist. Das iPhone 8 setzt nach wie vor auf eine Linse. Schade, da die neu vorgestellte Foto-Funktion, &#8222;Portrait Lightning&#8220;, deren Hilfe sich die Lichtstimmung eurer Aufnahmen einstellen lassen, so auch nur beim iPhone 8 Plus verf\u00fcgbar sein wird.<\/p>\n<p>Aber: Die neue Videofunktion, die 4K-Videos mit 60 Frames pro Sekunde bzw. 1080p-Videos mit 240 Frames pro Sekunde aufnehmen kann, ist f\u00fcr beide Ger\u00e4te verf\u00fcgbar.<\/p>\n<h2>Drahtloses Laden f\u00fcr beide Ger\u00e4te<\/h2>\n<p>Beide neuen Modelle lassen sich drahlos laden und sind kompatibel zum sogenannten QI-Standard &#8211; alle zertifizierten Ladestationen sollen sich zusammen mit bereits am Markt erh\u00e4ltlichen QI-L\u00f6sungen nutzen lassen.<\/p>\n<p>Das iPhone 8 wird sich ab 799 Euro bestellen lassen, das iPhone 8 Plus ab 909 Euro. Beide Ger\u00e4te werden in 64GB und 256GB angeboten.<\/p>\n<p><a href=\"https:\/\/images.iphone-ticker.de\/wp-content\/uploads\/2017\/09\/iphone-8-drahtlos-laden.jpg\"><img loading=\"lazy\" decoding=\"async\" class=\"aligncenter size-full wp-image-116523\" src=\"https:\/\/images.iphone-ticker.de\/wp-content\/uploads\/2017\/09\/iphone-8-drahtlos-laden.jpg\" alt=\"Iphone 8 Drahtlos Laden\" width=\"1400\" height=\"862\" srcset=\"https:\/\/images.iphone-ticker.de\/wp-content\/uploads\/2017\/09\/iphone-8-drahtlos-laden.jpg 1400w, https:\/\/images.iphone-ticker.de\/wp-content\/uploads\/2017\/09\/iphone-8-drahtlos-laden-300x185.jpg 300w, https:\/\/images.iphone-ticker.de\/wp-content\/uploads\/2017\/09\/iphone-8-drahtlos-laden-1024x630.jpg 1024w\" sizes=\"auto, (max-width: 1400px) 100vw, 1400px\" \/><\/a><\/p>\n","protected":false},"excerpt":{"rendered":"<a href=\"https:\/\/www.iphone-ticker.de\/iphone-8-und-iphone-8-plus-ab-15-september-bestellbar-116519\/\"><img width=\"150\" height=\"150\" src=\"https:\/\/images.iphone-ticker.de\/wp-content\/uploads\/2017\/09\/iphone-8-kamera-augmented-reality-150x150.jpg\" class=\"alignright tfe wp-post-image\" alt=\"Iphone 8 Kamera Augmented Reality\" decoding=\"async\" loading=\"lazy\" \/><\/a><p>Die technischen Kenndaten waren in weiten Teilen schon vor der heutigen Pr\u00e4sentation der neuen iPhone-Generation ins Netz durchgesickert &#8211; jetzt herrscht endlich auch Gewissheit was Preise und Verf\u00fcgbarkeit der beiden Standard-Modelle angeht. Das iPhone 8 und das iPhone 8 Plus werden sich in diesem Jahr am 15. September vorbestellen lassen und gehen dann f\u00fcr 799 [&hellip;]<\/p>\n","protected":false},"author":1,"featured_media":116520,"comment_status":"open","ping_status":"closed","sticky":false,"template":"","format":"standard","meta":{"footnotes":""},"categories":[1],"tags":[],"class_list":["post-116519","post","type-post","status-publish","format-standard","has-post-thumbnail","hentry","category-news"],"aioseo_notices":[],"featured_image":["https:\/\/images.iphone-ticker.de\/wp-content\/uploads\/2017\/09\/iphone-8-farbe.jpg"],"subheadline":["Mit 64 und 256GB"],"rest_api_enabler":{"featured_image":"https:\/\/images.iphone-ticker.de\/wp-content\/uploads\/2017\/09\/iphone-8-farbe.jpg","subheadline":"Mit 64 und 256GB"},"_links":{"self":[{"href":"https:\/\/www.iphone-ticker.de\/apiv2\/wp\/v2\/posts\/116519","targetHints":{"allow":["GET"]}}],"collection":[{"href":"https:\/\/www.iphone-ticker.de\/apiv2\/wp\/v2\/posts"}],"about":[{"href":"https:\/\/www.iphone-ticker.de\/apiv2\/wp\/v2\/types\/post"}],"author":[{"embeddable":true,"href":"https:\/\/www.iphone-ticker.de\/apiv2\/wp\/v2\/users\/1"}],"replies":[{"embeddable":true,"href":"https:\/\/www.iphone-ticker.de\/apiv2\/wp\/v2\/comments?post=116519"}],"version-history":[{"count":11,"href":"https:\/\/www.iphone-ticker.de\/apiv2\/wp\/v2\/posts\/116519\/revisions"}],"predecessor-version":[{"id":116701,"href":"https:\/\/www.iphone-ticker.de\/apiv2\/wp\/v2\/posts\/116519\/revisions\/116701"}],"wp:featuredmedia":[{"embeddable":true,"href":"https:\/\/www.iphone-ticker.de\/apiv2\/wp\/v2\/media\/116520"}],"wp:attachment":[{"href":"https:\/\/www.iphone-ticker.de\/apiv2\/wp\/v2\/media?parent=116519"}],"wp:term":[{"taxonomy":"category","embeddable":true,"href":"https:\/\/www.iphone-ticker.de\/apiv2\/wp\/v2\/categories?post=116519"},{"taxonomy":"post_tag","embeddable":true,"href":"https:\/\/www.iphone-ticker.de\/apiv2\/wp\/v2\/tags?post=116519"}],"curies":[{"name":"wp","href":"https:\/\/api.w.org\/{rel}","templated":true}]}}