{"id":115958,"date":"2017-08-29T16:57:50","date_gmt":"2017-08-29T14:57:50","guid":{"rendered":"https:\/\/www.iphone-ticker.de\/?p=115958"},"modified":"2017-08-29T16:59:25","modified_gmt":"2017-08-29T14:59:25","slug":"anker-stellt-leistungsfaehigere-ladetechnologie-vor","status":"publish","type":"post","link":"https:\/\/www.iphone-ticker.de\/anker-stellt-leistungsfaehigere-ladetechnologie-vor-115958\/","title":{"rendered":"Anker stellt leistungsf\u00e4higere Ladetechnologie vor"},"content":{"rendered":"<p>Der Zubeh\u00f6rhersteller <a href=\"http:\/\/www.anker.com\/de\/\">Anker<\/a> verspricht uns eine neue Generation von Zusatzakkus, die f\u00fcr Apple- und Android-Ger\u00e4te gleicherma\u00dfen geeignet sind. Eine neue Ladetechnologie namens PowerIQ 2.0 soll daf\u00fcr sorgen, dass sich die plattform\u00fcbergreifende Kompatibilit\u00e4t einfacher realisieren l\u00e4sst.<\/p>\n<p><a href=\"https:\/\/images.iphone-ticker.de\/wp-content\/uploads\/2017\/08\/anker-power-iq-20.jpg\"><img loading=\"lazy\" decoding=\"async\" src=\"https:\/\/images.iphone-ticker.de\/wp-content\/uploads\/2017\/08\/anker-power-iq-20.jpg\" alt=\"Anker Power Iq 20\" width=\"500\" height=\"357\" class=\"alignnone size-full wp-image-115960\" srcset=\"https:\/\/images.iphone-ticker.de\/wp-content\/uploads\/2017\/08\/anker-power-iq-20.jpg 500w, https:\/\/images.iphone-ticker.de\/wp-content\/uploads\/2017\/08\/anker-power-iq-20-300x214.jpg 300w\" sizes=\"auto, (max-width: 500px) 100vw, 500px\" \/><\/a><\/p>\n<p>Dem Anker-Chef Steven Yang zufolge ist es dank Power IQ 2.0 m\u00f6glich, effizientere, kleinere und leichtere Ladeger\u00e4te und Zusatzakkus zu entwickeln:<\/p>\n<blockquote>\n<p>Der PowerIQ 2.0 Chip erm\u00f6glicht Kompatibilit\u00e4t mit noch mehr Ger\u00e4ten. PowerIQ 2.0 reguliert dynamisch 12 Watt, optimal f\u00fcr das iPhone 7, oder bis zu 18 Watt, optimal f\u00fcr das Samsung S7\/S8, LG G5 und weitere Ger\u00e4te. Mit PowerIQ 2.0 bietet Anker noch k\u00fcrzere Ladezeiten und noch mehr Sicherheit. In der Vergangenheit war dies nicht einmal mit mehreren Chips m\u00f6glich. <\/p>\n<\/blockquote>\n<p>Die ersten mit der neuen Technik ausgestatteten Produkte will Anker in der zweiten Septemberwoche in Deutschland in den Handel bringen. Zun\u00e4chst sind zwei Zusatzakkus geplant, der PowerCore II 10000 und der PowerCore II 20000. Letzterer verf\u00fcgt \u00fcber zwei Anschl\u00fcsse, einer davon liefert bis zu 18 Watt und wird vom neuen PowerIQ 2.0 Chip geregelt.<\/p>\n","protected":false},"excerpt":{"rendered":"<a href=\"https:\/\/www.iphone-ticker.de\/anker-stellt-leistungsfaehigere-ladetechnologie-vor-115958\/\"><img width=\"150\" height=\"150\" src=\"https:\/\/images.iphone-ticker.de\/wp-content\/uploads\/2017\/08\/anker-power-core-2-150x150.jpg\" class=\"alignright tfe wp-post-image\" alt=\"Anker Power Core 2\" decoding=\"async\" loading=\"lazy\" \/><\/a><p>Der Zubeh\u00f6rhersteller Anker verspricht uns eine neue Generation von Zusatzakkus, die f\u00fcr Apple- und Android-Ger\u00e4te gleicherma\u00dfen geeignet sind. Eine neue Ladetechnologie namens PowerIQ 2.0 soll daf\u00fcr sorgen, dass sich die plattform\u00fcbergreifende Kompatibilit\u00e4t einfacher realisieren l\u00e4sst. Dem Anker-Chef Steven Yang zufolge ist es dank Power IQ 2.0 m\u00f6glich, effizientere, kleinere und leichtere Ladeger\u00e4te und Zusatzakkus zu [&hellip;]<\/p>\n","protected":false},"author":2,"featured_media":115959,"comment_status":"open","ping_status":"closed","sticky":false,"template":"","format":"standard","meta":{"footnotes":""},"categories":[1],"tags":[27,2357,5239],"class_list":["post-115958","post","type-post","status-publish","format-standard","has-post-thumbnail","hentry","category-news","tag-akku","tag-anker","tag-zubehoer"],"aioseo_notices":[],"featured_image":["https:\/\/images.iphone-ticker.de\/wp-content\/uploads\/2017\/08\/anker-power-core-2.jpg"],"subheadline":["Mobilger\u00e4te schneller laden"],"rest_api_enabler":{"featured_image":"https:\/\/images.iphone-ticker.de\/wp-content\/uploads\/2017\/08\/anker-power-core-2.jpg","subheadline":"Mobilger\u00e4te schneller laden"},"_links":{"self":[{"href":"https:\/\/www.iphone-ticker.de\/apiv2\/wp\/v2\/posts\/115958","targetHints":{"allow":["GET"]}}],"collection":[{"href":"https:\/\/www.iphone-ticker.de\/apiv2\/wp\/v2\/posts"}],"about":[{"href":"https:\/\/www.iphone-ticker.de\/apiv2\/wp\/v2\/types\/post"}],"author":[{"embeddable":true,"href":"https:\/\/www.iphone-ticker.de\/apiv2\/wp\/v2\/users\/2"}],"replies":[{"embeddable":true,"href":"https:\/\/www.iphone-ticker.de\/apiv2\/wp\/v2\/comments?post=115958"}],"version-history":[{"count":1,"href":"https:\/\/www.iphone-ticker.de\/apiv2\/wp\/v2\/posts\/115958\/revisions"}],"predecessor-version":[{"id":115961,"href":"https:\/\/www.iphone-ticker.de\/apiv2\/wp\/v2\/posts\/115958\/revisions\/115961"}],"wp:featuredmedia":[{"embeddable":true,"href":"https:\/\/www.iphone-ticker.de\/apiv2\/wp\/v2\/media\/115959"}],"wp:attachment":[{"href":"https:\/\/www.iphone-ticker.de\/apiv2\/wp\/v2\/media?parent=115958"}],"wp:term":[{"taxonomy":"category","embeddable":true,"href":"https:\/\/www.iphone-ticker.de\/apiv2\/wp\/v2\/categories?post=115958"},{"taxonomy":"post_tag","embeddable":true,"href":"https:\/\/www.iphone-ticker.de\/apiv2\/wp\/v2\/tags?post=115958"}],"curies":[{"name":"wp","href":"https:\/\/api.w.org\/{rel}","templated":true}]}}