{"id":115764,"date":"2017-08-23T18:30:35","date_gmt":"2017-08-23T16:30:35","guid":{"rendered":"https:\/\/www.iphone-ticker.de\/?p=115764"},"modified":"2017-08-23T18:40:41","modified_gmt":"2017-08-23T16:40:41","slug":"samsung-galaxy-note8-vorgestellt-63-zoll-billschirm-und-dualkamera","status":"publish","type":"post","link":"https:\/\/www.iphone-ticker.de\/samsung-galaxy-note8-vorgestellt-63-zoll-billschirm-und-dualkamera-115764\/","title":{"rendered":"Samsung Galaxy Note 8 vorgestellt: 6,3-Zoll-Bildschirm und Dualkamera"},"content":{"rendered":"<p>Mit dem <a href=\"http:\/\/www.samsung.com\/de\/smartphones\/galaxy-note8\/\">Galaxy Note8<\/a> hat Samsung den Nachfolger f\u00fcr das schwer gebeutelte und in der Folge von massiven Akku-Problemen letztendlich vom Markt genommene Galaxy Note 7 vorgestellt. Das neue Smartphone kommt mit einem 6,3 Zoll gro\u00dfen Bildschirm und bringt als Alternative zur Bedienung mit den Fingern den Touchscreen-Stift <a href=\"http:\/\/www.samsung.com\/de\/smartphones\/galaxy-note8\/s-pen\/\">S-Pen<\/a> mit.<\/p>\n<p>Mit Blick auf die Leistungsdaten sichert sich das neue Samsung-Ger\u00e4t einen Spitzenplatz im Wettbewerb. Das Note8 ist wasserdicht, l\u00e4sst sich induktiv laden und erlaubt die Verwendung von zwei SIM-Karten. Alternativ kann \u00fcber ein zweites Fach im Einschub der Ger\u00e4tespeicher (64GB\/128GB\/256GB) mithilfe einer microSD-Karte um bis zu 256 GB erweitert werden. Den Arbeitsspeicher gibt Samsung mit 6 GB an, die Dualkamera auf der R\u00fcckseite verf\u00fcgt \u00fcber zweifaches optisches Zoom und macht 12 Megapixel, auf der Vorderseite hat Samsung eine Kamera mit 8 MP verbaut. Als Authentifizierungs-M\u00f6glichkeiten nennt der Hersteller neben den Klassikern Passwort und PIN die Anmeldung \u00fcber ein Muster per Fingergeste, einen Fingerabdruckscanner, Gesichtserkennung oder Iris-Scanner.<\/p>\n<p><a href=\"https:\/\/images.iphone-ticker.de\/wp-content\/uploads\/2017\/08\/samsung-galaxy-note8.jpg\"><img loading=\"lazy\" decoding=\"async\" src=\"https:\/\/images.iphone-ticker.de\/wp-content\/uploads\/2017\/08\/samsung-galaxy-note8.jpg\" alt=\"Samsung Galaxy Note8\" width=\"700\" height=\"343\" class=\"alignnone size-full wp-image-115767\" srcset=\"https:\/\/images.iphone-ticker.de\/wp-content\/uploads\/2017\/08\/samsung-galaxy-note8.jpg 700w, https:\/\/images.iphone-ticker.de\/wp-content\/uploads\/2017\/08\/samsung-galaxy-note8-300x147.jpg 300w\" sizes=\"auto, (max-width: 700px) 100vw, 700px\" \/><\/a><\/p>\n<p>Samsung ging im Rahmen der Vorstellung des neuen Ger\u00e4ts auch auf das Akku-Debakel des Vorg\u00e4ngers ein. Mann wolle auch in Zukunft eine f\u00fchrende Rolle als Akku-Produzent einnehmen und habe die neuen Modelle strengsten und im Branchenumfeld einzigartigen Tests unterzogen.<\/p>\n<p>Das neue Smartphone soll n\u00e4chsten Monat in den Farben Midnight Black, Orchid Gray, Maple Gold und Deepsea Blue zu Preisen ab 999 Euro in den Handel kommen und kann bereits <a href=\"http:\/\/amzn.to\/2vZo9y1\">vorbestellt werden<\/a>.<\/p>\n<p><div class=\"responsive-video\"><iframe loading=\"lazy\" width=\"700\" height=\"394\" src=\"https:\/\/www.youtube-nocookie.com\/embed\/KEHZBE8E0pw?rel=0&amp;showinfo=0?ecver=1\" frameborder=\"0\" allowfullscreen><\/iframe><\/div><\/p>\n<h2>Unpacked Event: Vorstellung des Samsung Galaxy Note8<\/h2>\n<p><div class=\"responsive-video\"><iframe loading=\"lazy\" width=\"700\" height=\"394\" src=\"https:\/\/www.youtube-nocookie.com\/embed\/rD37VVMda88?rel=0&amp;showinfo=0?ecver=1\" frameborder=\"0\" allowfullscreen><\/iframe><\/div><\/p>\n","protected":false},"excerpt":{"rendered":"<a href=\"https:\/\/www.iphone-ticker.de\/samsung-galaxy-note8-vorgestellt-63-zoll-billschirm-und-dualkamera-115764\/\"><img width=\"150\" height=\"150\" src=\"https:\/\/images.iphone-ticker.de\/wp-content\/uploads\/2017\/08\/samsung-galaxy-note-8-150x150.jpg\" class=\"alignright tfe wp-post-image\" alt=\"Samsung Galaxy Note 8\" decoding=\"async\" loading=\"lazy\" \/><\/a><p>Mit dem Galaxy Note8 hat Samsung den Nachfolger f\u00fcr das schwer gebeutelte und in der Folge von massiven Akku-Problemen letztendlich vom Markt genommene Galaxy Note 7 vorgestellt. Das neue Smartphone kommt mit einem 6,3 Zoll gro\u00dfen Bildschirm und bringt als Alternative zur Bedienung mit den Fingern den Touchscreen-Stift S-Pen mit. Mit Blick auf die Leistungsdaten [&hellip;]<\/p>\n","protected":false},"author":2,"featured_media":115766,"comment_status":"open","ping_status":"closed","sticky":false,"template":"","format":"standard","meta":{"footnotes":""},"categories":[1],"tags":[4031,125],"class_list":["post-115764","post","type-post","status-publish","format-standard","has-post-thumbnail","hentry","category-news","tag-galaxy-note8","tag-samsung"],"aioseo_notices":[],"subheadline":["Der Nachfolger f\u00fcr das Pannenger\u00e4t"],"featured_image":["https:\/\/images.iphone-ticker.de\/wp-content\/uploads\/2017\/08\/samsung-galaxy-note-8.jpg"],"rest_api_enabler":{"subheadline":"Der Nachfolger f\u00fcr das Pannenger\u00e4t","featured_image":"https:\/\/images.iphone-ticker.de\/wp-content\/uploads\/2017\/08\/samsung-galaxy-note-8.jpg"},"_links":{"self":[{"href":"https:\/\/www.iphone-ticker.de\/apiv2\/wp\/v2\/posts\/115764","targetHints":{"allow":["GET"]}}],"collection":[{"href":"https:\/\/www.iphone-ticker.de\/apiv2\/wp\/v2\/posts"}],"about":[{"href":"https:\/\/www.iphone-ticker.de\/apiv2\/wp\/v2\/types\/post"}],"author":[{"embeddable":true,"href":"https:\/\/www.iphone-ticker.de\/apiv2\/wp\/v2\/users\/2"}],"replies":[{"embeddable":true,"href":"https:\/\/www.iphone-ticker.de\/apiv2\/wp\/v2\/comments?post=115764"}],"version-history":[{"count":8,"href":"https:\/\/www.iphone-ticker.de\/apiv2\/wp\/v2\/posts\/115764\/revisions"}],"predecessor-version":[{"id":115774,"href":"https:\/\/www.iphone-ticker.de\/apiv2\/wp\/v2\/posts\/115764\/revisions\/115774"}],"wp:featuredmedia":[{"embeddable":true,"href":"https:\/\/www.iphone-ticker.de\/apiv2\/wp\/v2\/media\/115766"}],"wp:attachment":[{"href":"https:\/\/www.iphone-ticker.de\/apiv2\/wp\/v2\/media?parent=115764"}],"wp:term":[{"taxonomy":"category","embeddable":true,"href":"https:\/\/www.iphone-ticker.de\/apiv2\/wp\/v2\/categories?post=115764"},{"taxonomy":"post_tag","embeddable":true,"href":"https:\/\/www.iphone-ticker.de\/apiv2\/wp\/v2\/tags?post=115764"}],"curies":[{"name":"wp","href":"https:\/\/api.w.org\/{rel}","templated":true}]}}