{"id":115530,"date":"2017-08-17T11:20:46","date_gmt":"2017-08-17T09:20:46","guid":{"rendered":"https:\/\/www.iphone-ticker.de\/?p=115530"},"modified":"2017-08-17T11:20:54","modified_gmt":"2017-08-17T09:20:54","slug":"iphone-8-app-navigation-am-unteren-bildschirmrand","status":"publish","type":"post","link":"https:\/\/www.iphone-ticker.de\/iphone-8-app-navigation-am-unteren-bildschirmrand-115530\/","title":{"rendered":"iPhone 8: App-Navigation am unteren Bildschirmrand?"},"content":{"rendered":"<p>Die Frage, wie Apple mit dem zus\u00e4tzlichen Displayplatz der neuen iPhone-Generation umgehen wird, besch\u00e4ftigt uns nun schon mehrere Wochen. Kleinere Ger\u00e4ter\u00e4nder und ein gro\u00dferer Touchscreen bieten nicht nur ausreichen Spielraum f\u00fcr eine neue Anordnung bekannten Bedienelemente, sondern laden geradezu dazu ein. <\/p>\n<p><a href=\"https:\/\/images.iphone-ticker.de\/wp-content\/uploads\/2017\/08\/navi-unten.jpg\"><img decoding=\"async\" src=\"https:\/\/images.iphone-ticker.de\/wp-content\/uploads\/2017\/08\/navi-unten.jpg\" alt=\"Navi Unten\" width=\"500\" class=\"aligncenter size-full wp-image-115534\" srcset=\"https:\/\/images.iphone-ticker.de\/wp-content\/uploads\/2017\/08\/navi-unten.jpg 1000w, https:\/\/images.iphone-ticker.de\/wp-content\/uploads\/2017\/08\/navi-unten-300x144.jpg 300w\" sizes=\"(max-width: 1000px) 100vw, 1000px\" \/><\/a><\/p>\n<h6>Schon l\u00e4nger im Gespr\u00e4ch: Die daumenfreundliche Navigation<\/h6>\n<p>Nach den Gestaltungsvorschl\u00e4gen von <a href=\"http:\/\/blog.maxrudberg.com\/post\/163725682478\/iphone-pros-edge-to-edge-screen-and-what-it-could\">Max Rudberg<\/a>, <a href=\"http:\/\/www.allenpike.com\/2017\/developing-for-iphone-pro\/\">Allen Pike<\/a> und <a href=\"https:\/\/www.iphone-ticker.de\/iphone-2017-apps-im-zeitalter-der-neuen-statusleiste-115334\/\">Maksim Petriv<\/a> herrscht in der Community mittlerweile so etwas wie ein Konsens: Auf den gro\u00dfen Ger\u00e4ten k\u00f6nnte Apple unter iOS 11 dazu \u00fcbergehen, die bislang am oberen Bildschirmrand eingeblendeten Navigationselemente zuk\u00fcnftig am unteren Displayrand und damit n\u00e4her in der Reichweite des Daumens zu platzieren.<\/p>\n<p>Eine Idee, die vor allem von den schon unter iOS 10 neugestalteten Werks-Applikationen Karten und Musik gest\u00fctzt zu werden scheint. Die Karten-App hat ihre Bedienelemente inzwischen bekannterma\u00dfen komplett nach unten verlagert. <\/p>\n<p>Wie Apple die Men\u00fcelemente und die wom\u00f6glich virtuelle Home-Taste seines neuen Flaggschiffs miteinander kombinieren k\u00f6nnte zeigt nun der Grafikdesigner John Calkins. Unter der \u00dcberschrift <a href=\"https:\/\/www.behance.net\/gallery\/55819385\/Concept-iOS-12-on-iPhone-Pro\">Concept &#8211; iOS 12 on iPhone Pro<\/a> illustriert Calkins die neue Anordnung der Bedienelemente.<\/p>\n<p><a href=\"https:\/\/images.iphone-ticker.de\/wp-content\/uploads\/2017\/08\/edge-edge.jpg\"><img loading=\"lazy\" decoding=\"async\" src=\"https:\/\/images.iphone-ticker.de\/wp-content\/uploads\/2017\/08\/edge-edge.jpg\" alt=\"Edge Edge\" width=\"1774\" height=\"8276\" class=\"aligncenter size-full wp-image-115532\" srcset=\"https:\/\/images.iphone-ticker.de\/wp-content\/uploads\/2017\/08\/edge-edge.jpg 1774w, https:\/\/images.iphone-ticker.de\/wp-content\/uploads\/2017\/08\/edge-edge-64x300.jpg 64w\" sizes=\"auto, (max-width: 1774px) 100vw, 1774px\" \/><\/a><\/p>\n","protected":false},"excerpt":{"rendered":"<a href=\"https:\/\/www.iphone-ticker.de\/iphone-8-app-navigation-am-unteren-bildschirmrand-115530\/\"><img width=\"150\" height=\"150\" src=\"https:\/\/images.iphone-ticker.de\/wp-content\/uploads\/2017\/08\/navi-unten-150x150.jpg\" class=\"alignright tfe wp-post-image\" alt=\"Navi Unten\" decoding=\"async\" loading=\"lazy\" \/><\/a><p>Die Frage, wie Apple mit dem zus\u00e4tzlichen Displayplatz der neuen iPhone-Generation umgehen wird, besch\u00e4ftigt uns nun schon mehrere Wochen. Kleinere Ger\u00e4ter\u00e4nder und ein gro\u00dferer Touchscreen bieten nicht nur ausreichen Spielraum f\u00fcr eine neue Anordnung bekannten Bedienelemente, sondern laden geradezu dazu ein. Schon l\u00e4nger im Gespr\u00e4ch: Die daumenfreundliche Navigation Nach den Gestaltungsvorschl\u00e4gen von Max Rudberg, Allen [&hellip;]<\/p>\n","protected":false},"author":1,"featured_media":115534,"comment_status":"open","ping_status":"closed","sticky":false,"template":"","format":"standard","meta":{"footnotes":""},"categories":[88],"tags":[78,344,476],"class_list":["post-115530","post","type-post","status-publish","format-standard","has-post-thumbnail","hentry","category-entwickler","tag-design","tag-iphone","tag-konzept"],"aioseo_notices":[],"subheadline":["Design-Konzept"],"featured_image":["https:\/\/images.iphone-ticker.de\/wp-content\/uploads\/2017\/08\/funktionstasten.jpg"],"rest_api_enabler":{"subheadline":"Design-Konzept","featured_image":"https:\/\/images.iphone-ticker.de\/wp-content\/uploads\/2017\/08\/funktionstasten.jpg"},"_links":{"self":[{"href":"https:\/\/www.iphone-ticker.de\/apiv2\/wp\/v2\/posts\/115530","targetHints":{"allow":["GET"]}}],"collection":[{"href":"https:\/\/www.iphone-ticker.de\/apiv2\/wp\/v2\/posts"}],"about":[{"href":"https:\/\/www.iphone-ticker.de\/apiv2\/wp\/v2\/types\/post"}],"author":[{"embeddable":true,"href":"https:\/\/www.iphone-ticker.de\/apiv2\/wp\/v2\/users\/1"}],"replies":[{"embeddable":true,"href":"https:\/\/www.iphone-ticker.de\/apiv2\/wp\/v2\/comments?post=115530"}],"version-history":[{"count":2,"href":"https:\/\/www.iphone-ticker.de\/apiv2\/wp\/v2\/posts\/115530\/revisions"}],"predecessor-version":[{"id":115535,"href":"https:\/\/www.iphone-ticker.de\/apiv2\/wp\/v2\/posts\/115530\/revisions\/115535"}],"wp:featuredmedia":[{"embeddable":true,"href":"https:\/\/www.iphone-ticker.de\/apiv2\/wp\/v2\/media\/115534"}],"wp:attachment":[{"href":"https:\/\/www.iphone-ticker.de\/apiv2\/wp\/v2\/media?parent=115530"}],"wp:term":[{"taxonomy":"category","embeddable":true,"href":"https:\/\/www.iphone-ticker.de\/apiv2\/wp\/v2\/categories?post=115530"},{"taxonomy":"post_tag","embeddable":true,"href":"https:\/\/www.iphone-ticker.de\/apiv2\/wp\/v2\/tags?post=115530"}],"curies":[{"name":"wp","href":"https:\/\/api.w.org\/{rel}","templated":true}]}}