{"id":115229,"date":"2017-08-10T16:33:29","date_gmt":"2017-08-10T14:33:29","guid":{"rendered":"https:\/\/www.iphone-ticker.de\/?p=115229"},"modified":"2018-08-17T07:52:06","modified_gmt":"2018-08-17T05:52:06","slug":"ikea-trdfri-homekit-unterstuetzung-noch-im-laufenden-monat","status":"publish","type":"post","link":"https:\/\/www.iphone-ticker.de\/ikea-trdfri-homekit-unterstuetzung-noch-im-laufenden-monat-115229\/","title":{"rendered":"Ikea rudert zur\u00fcck: HomeKit doch erst &#8222;im Herbst&#8220;"},"content":{"rendered":"<p><strong>Update von 16:40 Uhr<\/strong><br \/>\nKurz nach der Ver\u00f6ffentlichung unseres Hinweises auf die HomeKit-Kompatibilit\u00e4t der auch <a href=\"http:\/\/amzn.to\/2vSj0sG\">bei Amazon erh\u00e4ltlichen<\/a> Ikea-Beleuchtungsl\u00f6sung Tr\u00e5dfri hat das Unternehmen noch mal den Kontakt gesucht &#8211; diesmal allerdings mit schlechten Nachrichten.<\/p>\n<p><a href=\"https:\/\/images.iphone-ticker.de\/wp-content\/uploads\/2017\/02\/ikea-tradfri-iphone-gateway-kit.jpg\"><img loading=\"lazy\" decoding=\"async\" src=\"https:\/\/images.iphone-ticker.de\/wp-content\/uploads\/2017\/02\/ikea-tradfri-iphone-gateway-kit.jpg\" alt=\"Ikea Tradfri Iphone Gateway Kit\" width=\"500\" height=\"334\" class=\"aligncenter size-full wp-image-108081\" srcset=\"https:\/\/images.iphone-ticker.de\/wp-content\/uploads\/2017\/02\/ikea-tradfri-iphone-gateway-kit.jpg 500w, https:\/\/images.iphone-ticker.de\/wp-content\/uploads\/2017\/02\/ikea-tradfri-iphone-gateway-kit-300x200.jpg 300w\" sizes=\"auto, (max-width: 500px) 100vw, 500px\" \/><\/a><\/p>\n<p>Anders als kurz zuvor noch best\u00e4tigt, k\u00f6nne man nun doch nicht mehr versichern, dass der HomeKit-Start noch im laufenden Monat erfolgen wird. Die aktuelle Sprachregelung &#8222;IKEA Home Smart wird im Herbst \u00fcber Amazon Alexa, Google Assistant und die Apple Home App steuerbar&#8220; deutet vielmehr auf eine Aktualisierung der Lampen zum Start von iOS 11 hin.<\/p>\n<p>ifun.de gegen\u00fcber erkl\u00e4rt eine Unternehmenssprecherin, dass eine entsprechende Ank\u00fcndigung der Produktverantwortlichen aus Schweden &#8222;revidiert werden musste&#8220;. Zudem habe sich &#8222;das Update bei den Partnern insgesamt verschoben&#8220;.<\/p>\n<p><strong>Original-Eintrag von 14:00 Uhr<\/strong><br \/>\nDrei Monate nachdem das Einrichtungshaus IKEA <a href=\"https:\/\/www.iphone-ticker.de\/ikea-beleuchtungssystem-tradfri-wird-mit-homekit-amazon-echo-und-google-home-kompatibel-112016\/\">ank\u00fcndigte<\/a> die im M\u00e4rz <a href=\"https:\/\/www.iphone-ticker.de\/ikea-smarthome-beleuchtungssytem-tradfri-kommt-im-april-109870\/\">vorgestellte<\/a> und seit April <a href=\"https:\/\/www.ifun.de\/beleuchtungssystem-ikea-tradfri-in-deutschland-erhaeltlich-105922\/\">erh\u00e4ltliche<\/a> Beleuchtungsl\u00f6sung <a href=\"https:\/\/www.ikea.com\/de\/de\/catalog\/categories\/departments\/lighting\/smart_lighting\/\">Tr\u00e5dfri<\/a> zu aktualisieren und so mit den mit den am Markt erh\u00e4ltlichen Smart Home-L\u00f6sungen kompatibel zu machen, machen die Schweden nun ernst.<\/p>\n<p>Wie IKEA Deutschland ifun.de best\u00e4tigte, sollen die Lampen noch im laufenden Monat mit Amazon Echo und Apples HomeKit gesteuert werden k\u00f6nnen, die Google Home-Integration wird im September erwartet.<\/p>\n<p>Neben der Kompatibilit\u00e4t mit den Steuerzentralen der gro\u00dfen Anbieter werden sich die Tr\u00e5dfri-Lampen zudem auch in das Konkurrenzsystem Philips Hue <a href=\"https:\/\/developers.meethue.com\/comment\/3701#comment-3701\">integrieren lassen<\/a>.<\/p>\n<p>Interessant: W\u00e4hrend bislang davon ausgegangen wurde, dass die HomeKit-Integration erst mit der Freigabe von iOS 11 m\u00f6glich sein wird, l\u00e4sst IKEA Schweden <a href=\"https:\/\/www.facebook.com\/ikeasverige\/posts\/10155146641966137?comment_id=10155146904916137&amp;comment_tracking=%7B%22tn%22%3A%22R%22%7D\">verlauten<\/a>, dass die HomeKit-Umsetzung bereits erfolgt sei.<\/p>\n<p><a href=\"https:\/\/images.iphone-ticker.de\/wp-content\/uploads\/2017\/03\/ikea-tradfri.jpg\"><img loading=\"lazy\" decoding=\"async\" class=\"aligncenter size-full wp-image-109875\" src=\"https:\/\/images.iphone-ticker.de\/wp-content\/uploads\/2017\/03\/ikea-tradfri.jpg\" alt=\"Ikea Tradfri\" width=\"700\" height=\"416\" srcset=\"https:\/\/images.iphone-ticker.de\/wp-content\/uploads\/2017\/03\/ikea-tradfri.jpg 700w, https:\/\/images.iphone-ticker.de\/wp-content\/uploads\/2017\/03\/ikea-tradfri-300x178.jpg 300w\" sizes=\"auto, (max-width: 700px) 100vw, 700px\" \/><\/a><\/p>\n<p>Erst k\u00fcrzlich hatte Apple die strengen HomeKit-Richtlinien <a href=\"https:\/\/www.iphone-ticker.de\/homekit-anbindung-kuenftig-per-software-update-moeglich-112751\/\">gelockert<\/a> und eine Software-basierte Zertifizierung von HomeKit-Zubeh\u00f6r erlaubt. Bislang erforderte die HomeKit-Kompatibilit\u00e4t das Vorhandensein einer speziellen Hardware-Komponente.<\/p>\n<p>Daher musste Philips beispielsweise im Nachhinein eine neue, mit dem Apple-Chip ausgestattete HomeKit-Version der Hue-Bridge ausliefern um die Anbindung an die Apple-Heimautomatisierung zu erm\u00f6glichen.<\/p>\n<p>Bei TR\u00c5DFRI handelt es sich um eine per App gesteuertes Beleuchtungssystem \u00e4hnlich Philips Hue oder Osram Lightify, allerdings teils zu deutlich g\u00fcnstigeren Preisen und mit bei den konkurrieren Systemen auch nicht verf\u00fcgbaren Komponenten wie beleuchteten Schrankt\u00fcren und Lichtpanels. Die Steuerung erfolgt wahlweise \u00fcber von IKEA angebotene Dimmschalter oder die f\u00fcr iPhone und iPad optimierte <a rel=\"noindex, nofollow\" rel=\"noindex, nofollow\" href=\"http:\/\/www.ifun.de\/app\/1195836071\">Tradfri-App<\/a>, f\u00fcr deren Nutzung ein in verschiedenen Starter-Packs enthaltenes oder einzeln zum Preis von 29,99 Euro angebotenes <a title=\"TR\u00c5DFRI Gateway \" href=\"http:\/\/www.ikea.com\/de\/de\/catalog\/products\/40337806\/\">Gateway<\/a> n\u00f6tig ist.<\/p>\n<p>Eine \u00dcbersicht aller derzeit verf\u00fcgbaren TR\u00c5DFRI-Produkte findet ihr <a href=\"https:\/\/www.ikea.com\/de\/de\/catalog\/categories\/departments\/lighting\/smart_lighting\/\">hier bei IKEA<\/a>.<\/p>\n<p><div class=\"responsive-video\"><iframe loading=\"lazy\" src=\"https:\/\/www.youtube-nocookie.com\/embed\/2LA9zoGDxgg\" width=\"700\" height=\"371\" frameborder=\"0\" allowfullscreen=\"allowfullscreen\"><\/iframe><\/div><\/p>\n","protected":false},"excerpt":{"rendered":"<a href=\"https:\/\/www.iphone-ticker.de\/ikea-trdfri-homekit-unterstuetzung-noch-im-laufenden-monat-115229\/\"><img decoding=\"async\" width=\"150\" src=\"https:\/\/images.iphone-ticker.de\/wp-content\/uploads\/2017\/02\/ikea-tradfri-iphone-gateway-kit.jpg\" class=\"alignright wp-post-image tfe\" alt=\"Ikea Tradfri Iphone Gateway Kit\" title=\"\" \/><\/a><p>Update von 16:40 Uhr Kurz nach der Ver\u00f6ffentlichung unseres Hinweises auf die HomeKit-Kompatibilit\u00e4t der auch bei Amazon erh\u00e4ltlichen Ikea-Beleuchtungsl\u00f6sung Tr\u00e5dfri hat das Unternehmen noch mal den Kontakt gesucht &#8211; diesmal allerdings mit schlechten Nachrichten. Anders als kurz zuvor noch best\u00e4tigt, k\u00f6nne man nun doch nicht mehr versichern, dass der HomeKit-Start noch im laufenden Monat erfolgen [&hellip;]<\/p>\n","protected":false},"author":1,"featured_media":0,"comment_status":"open","ping_status":"closed","sticky":false,"template":"","format":"standard","meta":{"footnotes":""},"categories":[14],"tags":[3912,2821,341],"class_list":["post-115229","post","type-post","status-publish","format-standard","hentry","category-apple","tag-apple","tag-homekit","tag-ikea"],"aioseo_notices":[],"featured_image":["https:\/\/images.iphone-ticker.de\/wp-content\/uploads\/2017\/03\/ikea-tradfri-iphone.jpg"],"subheadline":["Tr\u00e5dfri-Lampen mit Sprachsteuerung "],"rest_api_enabler":{"featured_image":"https:\/\/images.iphone-ticker.de\/wp-content\/uploads\/2017\/03\/ikea-tradfri-iphone.jpg","subheadline":"Tr\u00e5dfri-Lampen mit Sprachsteuerung "},"_links":{"self":[{"href":"https:\/\/www.iphone-ticker.de\/apiv2\/wp\/v2\/posts\/115229","targetHints":{"allow":["GET"]}}],"collection":[{"href":"https:\/\/www.iphone-ticker.de\/apiv2\/wp\/v2\/posts"}],"about":[{"href":"https:\/\/www.iphone-ticker.de\/apiv2\/wp\/v2\/types\/post"}],"author":[{"embeddable":true,"href":"https:\/\/www.iphone-ticker.de\/apiv2\/wp\/v2\/users\/1"}],"replies":[{"embeddable":true,"href":"https:\/\/www.iphone-ticker.de\/apiv2\/wp\/v2\/comments?post=115229"}],"version-history":[{"count":15,"href":"https:\/\/www.iphone-ticker.de\/apiv2\/wp\/v2\/posts\/115229\/revisions"}],"predecessor-version":[{"id":130029,"href":"https:\/\/www.iphone-ticker.de\/apiv2\/wp\/v2\/posts\/115229\/revisions\/130029"}],"wp:attachment":[{"href":"https:\/\/www.iphone-ticker.de\/apiv2\/wp\/v2\/media?parent=115229"}],"wp:term":[{"taxonomy":"category","embeddable":true,"href":"https:\/\/www.iphone-ticker.de\/apiv2\/wp\/v2\/categories?post=115229"},{"taxonomy":"post_tag","embeddable":true,"href":"https:\/\/www.iphone-ticker.de\/apiv2\/wp\/v2\/tags?post=115229"}],"curies":[{"name":"wp","href":"https:\/\/api.w.org\/{rel}","templated":true}]}}