{"id":114975,"date":"2017-08-04T08:06:46","date_gmt":"2017-08-04T06:06:46","guid":{"rendered":"https:\/\/www.iphone-ticker.de\/?p=114975"},"modified":"2017-08-04T10:09:51","modified_gmt":"2017-08-04T08:09:51","slug":"weitere-details-zum-iphone-8-2-kameras-mit-4k-und-60fps","status":"publish","type":"post","link":"https:\/\/www.iphone-ticker.de\/weitere-details-zum-iphone-8-2-kameras-mit-4k-und-60fps-114975\/","title":{"rendered":"Weitere Details zum &#8222;iPhone Pro&#8220;: 2 Kameras mit 4k und 60fps?"},"content":{"rendered":"<p>Die von Apple vorab ver\u00f6ffentlichte HomePod-Software legt immer mehr Details zu den kommenden iPhone-Modellen offen. So haben wir bislang ja schon das vollfl\u00e4chige Bildschirm-Design des Sondermodells \u201eiPhone 8\u201c, \u201eiPhone Pro\u201c, \u201eiPhone Edition\u201c oder wie es am Ende auch genannt wird <a href=\"https:\/\/www.iphone-ticker.de\/iphone-8-homepod-software-bestaetigt-gesichtserkennung-und-randloses-design-114756\/\" title=\"gestern hinweisen\">gesehen<\/a>, sondern auch erfahren, dass Apple ein Gesichtserkennungsmodul auf Infrarotbasis <a href=\"https:\/\/www.iphone-ticker.de\/iphone-8-homepod-software-bestaetigt-gesichtserkennung-und-randloses-design-114756\/\" title=\"gestern hinweisen\">vorbereitet<\/a>.<\/p>\n<p><a href=\"https:\/\/images.iphone-ticker.de\/wp-content\/uploads\/2017\/08\/Iiphone-8-kamera-4k-60fps.jpg\"><img loading=\"lazy\" decoding=\"async\" src=\"https:\/\/images.iphone-ticker.de\/wp-content\/uploads\/2017\/08\/Iiphone-8-kamera-4k-60fps.jpg\" alt=\"Iiphone 8 Kamera 4k 60fps\" width=\"500\" height=\"195\" class=\"alignnone size-full wp-image-114978\" srcset=\"https:\/\/images.iphone-ticker.de\/wp-content\/uploads\/2017\/08\/Iiphone-8-kamera-4k-60fps.jpg 500w, https:\/\/images.iphone-ticker.de\/wp-content\/uploads\/2017\/08\/Iiphone-8-kamera-4k-60fps-300x117.jpg 300w\" sizes=\"auto, (max-width: 500px) 100vw, 500px\" \/><\/a><\/p>\n<p>Neue Entdeckungen legen nun nahe, das zumindest das f\u00fcr diesen Herbst erwartete Premium-iPhone auf Vorder- und R\u00fcckseite \u00fcber 4K-Videokameras verf\u00fcgt, die mit bis zu 60 Bildern pro Sekunde aufzeichnen k\u00f6nnen. Die brasilianische Apple-Webseite <a href=\"https:\/\/ihelpbr.com\/codigos-internos-do-ios-sugerem-que-camera-do-iphone-8-gravara-videos-em-4k-com-60fps\/\">iHelp<\/a> erg\u00e4nzt mit diesen aus den Tiefen der HomePod-Software hervorgekramten Details die gestern zutage gekommenen Informationen um eine als \u201e<a href=\"https:\/\/www.iphone-ticker.de\/smartcam-intelligente-motiv-erfassung-noch-vor-der-aufnahme-114930\/\">Smart-Camera-Funktion<\/a>\u201c integrierte automatische Motiverkennung.<\/p>\n<p>Die vorder- und r\u00fcckseitige Ausstattung mit einer 4K-60fps-Kamera scheint uns f\u00fcr die ebenfalls f\u00fcr n\u00e4chsten Monat erwarteten 7s-Standard-Modelle allerdings \u00fcberzogen. Hier wird Apple vermutlich lediglich die r\u00fcckseitige Kamera entsprechend aufwerten. Diese nimmt bei den aktuellen iPhone-Modellen bereits mit 4K und 30 Bildern pro Sekunde auf. Die FaceTime-Kamera ist dagegen mit einem einfacheren 1080p-HD-Sensor ausgestattet.<\/p>\n<h2> Navigationselemente unten wie bei Android?<\/h2>\n<p>Mit Blick auf die mit einem neuen Bildschirmdesign verbundenen \u00c4nderungen kommen Fragen auf. Wie wirkt sich ein geteilte Statusleiste auf das Layout von System und Apps aus? Allen Pike versucht hier, <a href=\"http:\/\/www.allenpike.com\/2017\/developing-for-iphone-pro\/\">Antworten zu liefern<\/a>. Seine Theorie: Die Navigationselemente sollen \u00e4hnlich wie wir es von Android kennen an der Unterkante des Bildschirms, links und rechts von einer virtuellen Home-Taste, Platz finden. <\/p>\n<p><a href=\"https:\/\/images.iphone-ticker.de\/wp-content\/uploads\/2017\/08\/iphone-pro-allen-pike-back.jpg\"><img loading=\"lazy\" decoding=\"async\" src=\"https:\/\/images.iphone-ticker.de\/wp-content\/uploads\/2017\/08\/iphone-pro-allen-pike-back.jpg\" alt=\"Iphone Pro Allen Pike Back\" width=\"700\" height=\"537\" class=\"alignnone size-full wp-image-114976\" srcset=\"https:\/\/images.iphone-ticker.de\/wp-content\/uploads\/2017\/08\/iphone-pro-allen-pike-back.jpg 700w, https:\/\/images.iphone-ticker.de\/wp-content\/uploads\/2017\/08\/iphone-pro-allen-pike-back-300x230.jpg 300w\" sizes=\"auto, (max-width: 700px) 100vw, 700px\" \/><\/a><\/p>\n","protected":false},"excerpt":{"rendered":"<a href=\"https:\/\/www.iphone-ticker.de\/weitere-details-zum-iphone-8-2-kameras-mit-4k-und-60fps-114975\/\"><img width=\"150\" height=\"150\" src=\"https:\/\/images.iphone-ticker.de\/wp-content\/uploads\/2017\/08\/Iiphone-8-kamera-4k-60fps-150x150.jpg\" class=\"alignright tfe wp-post-image\" alt=\"Iiphone 8 Kamera 4k 60fps\" decoding=\"async\" loading=\"lazy\" \/><\/a><p>Die von Apple vorab ver\u00f6ffentlichte HomePod-Software legt immer mehr Details zu den kommenden iPhone-Modellen offen. So haben wir bislang ja schon das vollfl\u00e4chige Bildschirm-Design des Sondermodells \u201eiPhone 8\u201c, \u201eiPhone Pro\u201c, \u201eiPhone Edition\u201c oder wie es am Ende auch genannt wird gesehen, sondern auch erfahren, dass Apple ein Gesichtserkennungsmodul auf Infrarotbasis vorbereitet. Neue Entdeckungen legen nun [&hellip;]<\/p>\n","protected":false},"author":2,"featured_media":114978,"comment_status":"open","ping_status":"closed","sticky":false,"template":"","format":"standard","meta":{"footnotes":""},"categories":[749],"tags":[3364,139],"class_list":["post-114975","post","type-post","status-publish","format-standard","has-post-thumbnail","hentry","category-iphone-2","tag-iphone-8","tag-kamera"],"aioseo_notices":[],"subheadline":["Aus der HomePod-Software:"],"featured_image":["https:\/\/images.iphone-ticker.de\/wp-content\/uploads\/2016\/09\/iphone-7-laut-leise-tasten-seite-header.jpg"],"rest_api_enabler":{"subheadline":"Aus der HomePod-Software:","featured_image":"https:\/\/images.iphone-ticker.de\/wp-content\/uploads\/2016\/09\/iphone-7-laut-leise-tasten-seite-header.jpg"},"_links":{"self":[{"href":"https:\/\/www.iphone-ticker.de\/apiv2\/wp\/v2\/posts\/114975","targetHints":{"allow":["GET"]}}],"collection":[{"href":"https:\/\/www.iphone-ticker.de\/apiv2\/wp\/v2\/posts"}],"about":[{"href":"https:\/\/www.iphone-ticker.de\/apiv2\/wp\/v2\/types\/post"}],"author":[{"embeddable":true,"href":"https:\/\/www.iphone-ticker.de\/apiv2\/wp\/v2\/users\/2"}],"replies":[{"embeddable":true,"href":"https:\/\/www.iphone-ticker.de\/apiv2\/wp\/v2\/comments?post=114975"}],"version-history":[{"count":5,"href":"https:\/\/www.iphone-ticker.de\/apiv2\/wp\/v2\/posts\/114975\/revisions"}],"predecessor-version":[{"id":114988,"href":"https:\/\/www.iphone-ticker.de\/apiv2\/wp\/v2\/posts\/114975\/revisions\/114988"}],"wp:featuredmedia":[{"embeddable":true,"href":"https:\/\/www.iphone-ticker.de\/apiv2\/wp\/v2\/media\/114978"}],"wp:attachment":[{"href":"https:\/\/www.iphone-ticker.de\/apiv2\/wp\/v2\/media?parent=114975"}],"wp:term":[{"taxonomy":"category","embeddable":true,"href":"https:\/\/www.iphone-ticker.de\/apiv2\/wp\/v2\/categories?post=114975"},{"taxonomy":"post_tag","embeddable":true,"href":"https:\/\/www.iphone-ticker.de\/apiv2\/wp\/v2\/tags?post=114975"}],"curies":[{"name":"wp","href":"https:\/\/api.w.org\/{rel}","templated":true}]}}