{"id":114298,"date":"2017-07-18T17:35:17","date_gmt":"2017-07-18T15:35:17","guid":{"rendered":"https:\/\/www.iphone-ticker.de\/?p=114298"},"modified":"2017-07-18T17:35:17","modified_gmt":"2017-07-18T15:35:17","slug":"iphone-se-keine-weiteren-updates-fuer-das-kleinste-iphone","status":"publish","type":"post","link":"https:\/\/www.iphone-ticker.de\/iphone-se-keine-weiteren-updates-fuer-das-kleinste-iphone-114298\/","title":{"rendered":"iPhone SE: Keine weiteren Updates f\u00fcr das kleinste iPhone?"},"content":{"rendered":"<p>Im M\u00e4rz hat Apple die Speicherausstattung des <a href=\"http:\/\/ifun.de\/applestore\/http:\/\/www.apple.com\/de\/iphone-se\/\">iPhone SE<\/a> verdoppelt. War dies das letzte Update f\u00fcr das kleinste Ger\u00e4t in Apples iPhone-Line-up? Ein Analyst <a href=\"https:\/\/www.thebitbag.com\/apple-might-not-refresh-iphone-se-anytime-soon\/239670\">vertritt<\/a> die Ansicht, dass die Zeit der kleinen Bildschirme vorbei ist.<\/p>\n<p><a href=\"https:\/\/images.iphone-ticker.de\/wp-content\/uploads\/2016\/03\/iphone-se-500.jpg\"><img loading=\"lazy\" decoding=\"async\" src=\"https:\/\/images.iphone-ticker.de\/wp-content\/uploads\/2016\/03\/iphone-se-500.jpg\" alt=\"\" width=\"500\" height=\"429\" class=\"alignnone size-full wp-image-94584\" srcset=\"https:\/\/images.iphone-ticker.de\/wp-content\/uploads\/2016\/03\/iphone-se-500.jpg 500w, https:\/\/images.iphone-ticker.de\/wp-content\/uploads\/2016\/03\/iphone-se-500-300x257.jpg 300w\" sizes=\"auto, (max-width: 500px) 100vw, 500px\" \/><\/a><\/p>\n<p>Das Speicher-Upgrade im Fr\u00fchjahr k\u00f6nnte man in der Tat dahingehend deuten, dass Apple f\u00fcr dieses Jahr und vielleicht auch generell keine weiteren Updates mehr f\u00fcr das iPhone SE plant. Dabei erfreut sich das Ger\u00e4t enormer Beliebtheit und wird erst seit kurzem auch in einem neuen Werk in Indien gefertigt.<\/p>\n<p>Keine gro\u00dfe Aktualisierung muss dann aber auch nicht gleichbedeutend mit einem Verkaufsstopp sein. Das iPhone SE z\u00e4hlt gerade aufgrund seines g\u00fcnstigen Preises zu den beliebtesten Modellen des Apple-Telefons \u00fcberhaupt. Gut m\u00f6glich also, dass Apple das 4-Zoll-Ger\u00e4t weiter im Angebot h\u00e4lt und vielleicht sogar noch im Preis senkt, um Ein- und Umsteiger zu locken, den Marketing-Fokus k\u00fcnftig aber auf die f\u00fcr Herbst erwarteten drei neuen Modelle legt.<\/p>\n","protected":false},"excerpt":{"rendered":"<a href=\"https:\/\/www.iphone-ticker.de\/iphone-se-keine-weiteren-updates-fuer-das-kleinste-iphone-114298\/\"><img decoding=\"async\" width=\"150\" src=\"https:\/\/images.iphone-ticker.de\/wp-content\/uploads\/2016\/03\/iphone-se-500.jpg\" class=\"alignright wp-post-image tfe\" alt=\"\" title=\"\" \/><\/a><p>Im M\u00e4rz hat Apple die Speicherausstattung des iPhone SE verdoppelt. War dies das letzte Update f\u00fcr das kleinste Ger\u00e4t in Apples iPhone-Line-up? Ein Analyst vertritt die Ansicht, dass die Zeit der kleinen Bildschirme vorbei ist. Das Speicher-Upgrade im Fr\u00fchjahr k\u00f6nnte man in der Tat dahingehend deuten, dass Apple f\u00fcr dieses Jahr und vielleicht auch generell [&hellip;]<\/p>\n","protected":false},"author":2,"featured_media":0,"comment_status":"open","ping_status":"closed","sticky":false,"template":"","format":"standard","meta":{"footnotes":""},"categories":[749],"tags":[3321],"class_list":["post-114298","post","type-post","status-publish","format-standard","hentry","category-iphone-2","tag-iphone-se"],"aioseo_notices":[],"subheadline":["G\u00fcnstig und gut"],"featured_image":["https:\/\/images.iphone-ticker.de\/wp-content\/uploads\/2016\/03\/iphone-se-header.jpg"],"rest_api_enabler":{"subheadline":"G\u00fcnstig und gut","featured_image":"https:\/\/images.iphone-ticker.de\/wp-content\/uploads\/2016\/03\/iphone-se-header.jpg"},"_links":{"self":[{"href":"https:\/\/www.iphone-ticker.de\/apiv2\/wp\/v2\/posts\/114298","targetHints":{"allow":["GET"]}}],"collection":[{"href":"https:\/\/www.iphone-ticker.de\/apiv2\/wp\/v2\/posts"}],"about":[{"href":"https:\/\/www.iphone-ticker.de\/apiv2\/wp\/v2\/types\/post"}],"author":[{"embeddable":true,"href":"https:\/\/www.iphone-ticker.de\/apiv2\/wp\/v2\/users\/2"}],"replies":[{"embeddable":true,"href":"https:\/\/www.iphone-ticker.de\/apiv2\/wp\/v2\/comments?post=114298"}],"version-history":[{"count":2,"href":"https:\/\/www.iphone-ticker.de\/apiv2\/wp\/v2\/posts\/114298\/revisions"}],"predecessor-version":[{"id":114300,"href":"https:\/\/www.iphone-ticker.de\/apiv2\/wp\/v2\/posts\/114298\/revisions\/114300"}],"wp:attachment":[{"href":"https:\/\/www.iphone-ticker.de\/apiv2\/wp\/v2\/media?parent=114298"}],"wp:term":[{"taxonomy":"category","embeddable":true,"href":"https:\/\/www.iphone-ticker.de\/apiv2\/wp\/v2\/categories?post=114298"},{"taxonomy":"post_tag","embeddable":true,"href":"https:\/\/www.iphone-ticker.de\/apiv2\/wp\/v2\/tags?post=114298"}],"curies":[{"name":"wp","href":"https:\/\/api.w.org\/{rel}","templated":true}]}}