{"id":114013,"date":"2017-07-11T16:04:05","date_gmt":"2017-07-11T14:04:05","guid":{"rendered":"https:\/\/www.iphone-ticker.de\/?p=114013"},"modified":"2017-07-11T16:04:05","modified_gmt":"2017-07-11T14:04:05","slug":"apple-watch-kulante-reparatur-regelung-fuer-defekte-gehaeuse","status":"publish","type":"post","link":"https:\/\/www.iphone-ticker.de\/apple-watch-kulante-reparatur-regelung-fuer-defekte-gehaeuse-114013\/","title":{"rendered":"Apple Watch: Kulante Reparatur-Regelung f\u00fcr defekte Geh\u00e4use"},"content":{"rendered":"<p>Langj\u00e4hrige ifun.de-Leser werden sich noch an die <a href=\"https:\/\/www.iphone-ticker.de\/apple-watch-diy-ladestation-und-ein-satz-abgefallene-sensoren-86235\/\">ersten Nutzerberichte<\/a> \u00fcber defekte Geh\u00e4useb\u00f6den der Apple Watch erinnern, die vor allem bei der ersten Generation der Computeruhr aus Cupertino beobachtet werden konnten. <\/p>\n<p><a href=\"https:\/\/images.iphone-ticker.de\/wp-content\/uploads\/2017\/07\/rueckseite.jpg\"><img loading=\"lazy\" decoding=\"async\" src=\"https:\/\/images.iphone-ticker.de\/wp-content\/uploads\/2017\/07\/rueckseite.jpg\" alt=\"Rueckseite\" width=\"500\" height=\"369\" class=\"aligncenter size-full wp-image-114015\" srcset=\"https:\/\/images.iphone-ticker.de\/wp-content\/uploads\/2017\/07\/rueckseite.jpg 500w, https:\/\/images.iphone-ticker.de\/wp-content\/uploads\/2017\/07\/rueckseite-300x221.jpg 300w\" sizes=\"auto, (max-width: 500px) 100vw, 500px\" \/><\/a><\/p>\n<p>Die erste deutsche Wortmeldung zum Thema konnten wir euch im September 2015 <a href=\"https:\/\/www.iphone-ticker.de\/apple-watch-diy-ladestation-und-ein-satz-abgefallene-sensoren-86235\/\">pr\u00e4sentieren<\/a>. ifun.de-Leser Marco war damals betroffen und beschrieb die sich l\u00f6sende R\u00fcckseite seiner Apple Watch folgenderma\u00dfen: <\/p>\n<blockquote><p>Heute Morgen nahm meine Frau ihre Apple Watch vom Ladekabel, aber das gelang ihr nicht ganz: die untere Glasscheibe blieb am Magneten h\u00e4ngen!! Nur noch verbunden mit einem ganz d\u00fcnnen Kabel. Man kann die Scheibe zwar wieder zur\u00fcckstecken, aber sie h\u00e4lt nicht mehr richtig (und ist auch bestimmt nicht mehr wasserdicht!). Apple-Support wurde kontaktiert, Uhr wird eingeschickt und binnen 7 Tagen repariert oder ausgetauscht. Kommt das vielleicht \u00f6fters vor?<\/p><\/blockquote>\n<p>Die abschlie\u00dfende Frage l\u00e4sst sich mit knapp zwei Jahren Versp\u00e4tung nun mit einem &#8222;Ja&#8220; beantworten. So h\u00e4ufig sogar, dass Apple seine Service-Mitarbeiter jetzt dar\u00fcber informiert hat, dass vergleichbare Probleme zuk\u00fcnftig kulant geregelt werden sollen. <\/p>\n<p>In einem internen Mitarbeiter-Memo, \u00fcber das Joe Rossignol heute <a href=\"https:\/\/www.macrumors.com\/2017\/07\/11\/apple-watch-back-cover-service-policy\/\">berichtete<\/a>, soll Apple seine Service-Partner nun dar\u00fcber informiert haben, dass Geh\u00e4usesch\u00e4den (wie der von Marco beobachte) drei Jahre ab Kaufdatum ohne Kosten behoben werden sollen. <\/p>\n<blockquote><p>Apple has determined that under certain conditions on some first-generation Apple Watch devices the back cover may separate from the watch case. Apple will service eligible devices free of charge. Apple will authorize coverage for three years from the date of purchase.<\/p><\/blockquote>\n<h2>Bereits zweites Reparatur-Programm<\/h2>\n<p>Bei dem stillen Reparatur-Programm handelt es sich bereits im die zweite Service-Offensive Apples in Sachen Apple Watch. <a href=\"https:\/\/www.iphone-ticker.de\/apple-watch-apple-reagiert-auf-blaeh-akkus-der-ersten-generation-111165\/\">Erst im Mai<\/a> soll sich Apple dazu entschieden haben, die einj\u00e4hrige Garantie um auf bis zu drei Jahre zu verl\u00e4ngern, sollten Fehler am Akku ausgemacht werden k\u00f6nnen. Zuvor hatten mehrere Nutzer <a href=\"https:\/\/www.iphone-ticker.de\/apple-watch-apple-reagiert-auf-blaeh-akkus-der-ersten-generation-111165\/\">\u00fcber Bl\u00e4h-Akkus<\/a> berichtet, die das Display der Apple Watch vom Geh\u00e4use weggedr\u00fcckt h\u00e4tten.<\/p>\n","protected":false},"excerpt":{"rendered":"<a href=\"https:\/\/www.iphone-ticker.de\/apple-watch-kulante-reparatur-regelung-fuer-defekte-gehaeuse-114013\/\"><img width=\"150\" height=\"150\" src=\"https:\/\/images.iphone-ticker.de\/wp-content\/uploads\/2017\/07\/rueckseite-150x150.jpg\" class=\"alignright tfe wp-post-image\" alt=\"Rueckseite\" decoding=\"async\" loading=\"lazy\" \/><\/a><p>Langj\u00e4hrige ifun.de-Leser werden sich noch an die ersten Nutzerberichte \u00fcber defekte Geh\u00e4useb\u00f6den der Apple Watch erinnern, die vor allem bei der ersten Generation der Computeruhr aus Cupertino beobachtet werden konnten. Die erste deutsche Wortmeldung zum Thema konnten wir euch im September 2015 pr\u00e4sentieren. ifun.de-Leser Marco war damals betroffen und beschrieb die sich l\u00f6sende R\u00fcckseite seiner [&hellip;]<\/p>\n","protected":false},"author":1,"featured_media":114015,"comment_status":"open","ping_status":"closed","sticky":false,"template":"","format":"standard","meta":{"footnotes":""},"categories":[14],"tags":[27,3912,2759,618,794],"class_list":["post-114013","post","type-post","status-publish","format-standard","has-post-thumbnail","hentry","category-apple","tag-akku","tag-apple","tag-apple-watch","tag-defekt","tag-reparatur"],"aioseo_notices":[],"subheadline":["Stilles Reparatur-Programm"],"featured_image":["https:\/\/images.iphone-ticker.de\/wp-content\/uploads\/2017\/05\/apple-watch-akku-geschwollen.jpg"],"rest_api_enabler":{"subheadline":"Stilles Reparatur-Programm","featured_image":"https:\/\/images.iphone-ticker.de\/wp-content\/uploads\/2017\/05\/apple-watch-akku-geschwollen.jpg"},"_links":{"self":[{"href":"https:\/\/www.iphone-ticker.de\/apiv2\/wp\/v2\/posts\/114013","targetHints":{"allow":["GET"]}}],"collection":[{"href":"https:\/\/www.iphone-ticker.de\/apiv2\/wp\/v2\/posts"}],"about":[{"href":"https:\/\/www.iphone-ticker.de\/apiv2\/wp\/v2\/types\/post"}],"author":[{"embeddable":true,"href":"https:\/\/www.iphone-ticker.de\/apiv2\/wp\/v2\/users\/1"}],"replies":[{"embeddable":true,"href":"https:\/\/www.iphone-ticker.de\/apiv2\/wp\/v2\/comments?post=114013"}],"version-history":[{"count":2,"href":"https:\/\/www.iphone-ticker.de\/apiv2\/wp\/v2\/posts\/114013\/revisions"}],"predecessor-version":[{"id":114016,"href":"https:\/\/www.iphone-ticker.de\/apiv2\/wp\/v2\/posts\/114013\/revisions\/114016"}],"wp:featuredmedia":[{"embeddable":true,"href":"https:\/\/www.iphone-ticker.de\/apiv2\/wp\/v2\/media\/114015"}],"wp:attachment":[{"href":"https:\/\/www.iphone-ticker.de\/apiv2\/wp\/v2\/media?parent=114013"}],"wp:term":[{"taxonomy":"category","embeddable":true,"href":"https:\/\/www.iphone-ticker.de\/apiv2\/wp\/v2\/categories?post=114013"},{"taxonomy":"post_tag","embeddable":true,"href":"https:\/\/www.iphone-ticker.de\/apiv2\/wp\/v2\/tags?post=114013"}],"curies":[{"name":"wp","href":"https:\/\/api.w.org\/{rel}","templated":true}]}}