{"id":112942,"date":"2017-06-15T09:50:54","date_gmt":"2017-06-15T07:50:54","guid":{"rendered":"https:\/\/www.iphone-ticker.de\/?p=112942"},"modified":"2017-06-15T19:13:39","modified_gmt":"2017-06-15T17:13:39","slug":"innenministerkonferenz-beschliesst-ueberwachung-von-messenger-diensten","status":"publish","type":"post","link":"https:\/\/www.iphone-ticker.de\/innenministerkonferenz-beschliesst-ueberwachung-von-messenger-diensten-112942\/","title":{"rendered":"Innenministerkonferenz beschlie\u00dft \u00dcberwachung von Messenger-Diensten"},"content":{"rendered":"<p>Die Innenministerkonferenz hat gestern beschlossen, dass im Rahmen der Strafverfolgung k\u00fcnftig auch Messenger-Dienste wie WhatsApp, Threema oder iMessage \u00fcberwacht werden d\u00fcrfen. Entsprechende <a href=\"https:\/\/www.ifun.de\/polizeiliche-whatsapp-ueberwachung-csu-bayern-wiederholt-forderungen-107973\/\">Forderungen<\/a> wurden in j\u00fcngster Zeit insbesondere im Zusammenhang mit terroristischen Aktivit\u00e4ten laut. <\/p>\n<p>Innenminister Thomas de Maizi\u00e8re kritisiert die bisher fehlenden M\u00f6glichkeiten diesbez\u00fcglich und zieht in seiner Begr\u00fcndung Vergleiche zur Telefon\u00fcberwachung. Man m\u00fcsse den Beh\u00f6rden im Falle der Messenger \u00e4hnliche \u00dcberwachungsm\u00f6glichkeiten geben, wie sie bereits bei Telefon oder SMS-Nachrichten vorhanden sind.<\/p>\n<p><a href=\"https:\/\/images.iphone-ticker.de\/wp-content\/uploads\/2017\/06\/whatsapp-ueberwachung.jpg\"><img loading=\"lazy\" decoding=\"async\" src=\"https:\/\/images.iphone-ticker.de\/wp-content\/uploads\/2017\/06\/whatsapp-ueberwachung.jpg\" alt=\"Whatsapp Ueberwachung\" width=\"700\" height=\"319\" class=\"alignnone size-full wp-image-112946\" srcset=\"https:\/\/images.iphone-ticker.de\/wp-content\/uploads\/2017\/06\/whatsapp-ueberwachung.jpg 700w, https:\/\/images.iphone-ticker.de\/wp-content\/uploads\/2017\/06\/whatsapp-ueberwachung-300x137.jpg 300w\" sizes=\"auto, (max-width: 700px) 100vw, 700px\" \/><\/a><\/p>\n<p>Datensch\u00fctzer kritisieren diese Entscheidung. Die Minister sehen den Zugriff beispielsweise im Rahmen der Terrorabwehr berechtigt, diese Begr\u00fcndung sei mangels konkreter Definition allerdings dehnbar. Die brandenburgische Datenschutzbeauftragte Dagmar Hartge fordert im <a href=\"https:\/\/www.rbb-online.de\/content\/rbb\/rbb\/politik\/beitrag\/av7\/whatsapp-ueberwachung-nsa-apple-brandenburg-innenminister-terrorabwehr-.html\">Interview<\/a> mit dem Sender rbb24 eindeutige Regeln f\u00fcr eine entsprechende \u00dcberwachung.<\/p>\n<p>Den Entschluss darf man als Freibrief f\u00fcr die Beh\u00f6rden sehen, kommerzielle Spionage-Tools f\u00fcr Mobilger\u00e4te einzukaufen. Klassische \u00dcberwachungsverfahren scheitern n\u00e4mlich an der Verschl\u00fcsselung der Messenger-Dienste und es scheint unwahrscheinlich, dass sich die Betreiber der Messenger diesbez\u00fcglich kooperationsbereit zeigen. Das Einr\u00e4umen einer Hintert\u00fcr f\u00fcr Beh\u00f6rden w\u00e4re im Falle des Bekanntwerdens mit einem enormen Image-Verlust verbunden. Daher wollen Ermittler hier auf die sogenannte \u201eQuellen-Telekommunikations\u00fcberwachung\u201c setzen, und das Smartphone der Zielperson mit einer Spionagesoftware infizieren. Die <a href=\"http:\/\/www.sueddeutsche.de\/politik\/konferenz-der-innenminister-ueberwachen-fuer-fortgeschrittene-1.3544561-2\">S\u00fcddeutsche Zeitung<\/a> weist auf ein weiteres damit verbundenes Problem f\u00fcr die Ermittler hin: Verfassungsrechtlich w\u00e4ren die Beh\u00f6rden n\u00e4mlich verpflichtet, den Quellcode ihrer Spionagesoftware zu ver\u00f6ffentlichen. Betriebssystementwickler w\u00e4ren dann mehr oder weniger dazu gezwungen, schnellstm\u00f6glich Updates zu ver\u00f6ffentlichen um die zugrundeliegende Sicherheitsl\u00fccke zu schlie\u00dfen.<\/p>\n<p>Die Umsetzung des Beschlusses sieht eine \u00c4nderung der Strafprozessordnung vor, die Innenminister de Maizi\u00e8re in kurzfristig zum Beschluss bringen will. Von Oppositionsseite <a href=\"http:\/\/www.zeit.de\/news\/2017-06\/15\/deutschland-opposition-kritisiert-beschluesse-von-innenministerkonferenz-15082605\">kritisiert<\/a> die Chefin der Gr\u00fcnen-Bundestagsfraktion, Katrin G\u00f6ring-Eckardt die Beschl\u00fcsse der Ministerkonferenz als Angriff auf \u201edie hohen verfassungsrechtlichen H\u00fcrden\u201c.<img loading=\"lazy\" decoding=\"async\" src=\"http:\/\/vg09.met.vgwort.de\/na\/b80347fb700a4b1b9eaf046d99e07b34\" width=\"1\" height=\"1\" class=\"tracking\"><\/p>\n","protected":false},"excerpt":{"rendered":"<a href=\"https:\/\/www.iphone-ticker.de\/innenministerkonferenz-beschliesst-ueberwachung-von-messenger-diensten-112942\/\"><img width=\"150\" height=\"150\" src=\"https:\/\/images.iphone-ticker.de\/wp-content\/uploads\/2017\/06\/whatsapp-ueberwachung-150x150.jpg\" class=\"alignright tfe wp-post-image\" alt=\"Whatsapp Ueberwachung\" decoding=\"async\" loading=\"lazy\" \/><\/a><p>Die Innenministerkonferenz hat gestern beschlossen, dass im Rahmen der Strafverfolgung k\u00fcnftig auch Messenger-Dienste wie WhatsApp, Threema oder iMessage \u00fcberwacht werden d\u00fcrfen. Entsprechende Forderungen wurden in j\u00fcngster Zeit insbesondere im Zusammenhang mit terroristischen Aktivit\u00e4ten laut. Innenminister Thomas de Maizi\u00e8re kritisiert die bisher fehlenden M\u00f6glichkeiten diesbez\u00fcglich und zieht in seiner Begr\u00fcndung Vergleiche zur Telefon\u00fcberwachung. Man m\u00fcsse den [&hellip;]<\/p>\n","protected":false},"author":2,"featured_media":112946,"comment_status":"open","ping_status":"closed","sticky":false,"template":"","format":"standard","meta":{"footnotes":""},"categories":[1,1975],"tags":[235,1260],"class_list":["post-112942","post","type-post","status-publish","format-standard","has-post-thumbnail","hentry","category-news","category-feature","tag-messenger","tag-whatsapp"],"aioseo_notices":[],"subheadline":["WhatsApp & Co."],"featured_image":["https:\/\/images.iphone-ticker.de\/wp-content\/uploads\/2016\/03\/whatsapp-header.jpg"],"rest_api_enabler":{"subheadline":"WhatsApp & Co.","featured_image":"https:\/\/images.iphone-ticker.de\/wp-content\/uploads\/2016\/03\/whatsapp-header.jpg"},"_links":{"self":[{"href":"https:\/\/www.iphone-ticker.de\/apiv2\/wp\/v2\/posts\/112942","targetHints":{"allow":["GET"]}}],"collection":[{"href":"https:\/\/www.iphone-ticker.de\/apiv2\/wp\/v2\/posts"}],"about":[{"href":"https:\/\/www.iphone-ticker.de\/apiv2\/wp\/v2\/types\/post"}],"author":[{"embeddable":true,"href":"https:\/\/www.iphone-ticker.de\/apiv2\/wp\/v2\/users\/2"}],"replies":[{"embeddable":true,"href":"https:\/\/www.iphone-ticker.de\/apiv2\/wp\/v2\/comments?post=112942"}],"version-history":[{"count":4,"href":"https:\/\/www.iphone-ticker.de\/apiv2\/wp\/v2\/posts\/112942\/revisions"}],"predecessor-version":[{"id":112947,"href":"https:\/\/www.iphone-ticker.de\/apiv2\/wp\/v2\/posts\/112942\/revisions\/112947"}],"wp:featuredmedia":[{"embeddable":true,"href":"https:\/\/www.iphone-ticker.de\/apiv2\/wp\/v2\/media\/112946"}],"wp:attachment":[{"href":"https:\/\/www.iphone-ticker.de\/apiv2\/wp\/v2\/media?parent=112942"}],"wp:term":[{"taxonomy":"category","embeddable":true,"href":"https:\/\/www.iphone-ticker.de\/apiv2\/wp\/v2\/categories?post=112942"},{"taxonomy":"post_tag","embeddable":true,"href":"https:\/\/www.iphone-ticker.de\/apiv2\/wp\/v2\/tags?post=112942"}],"curies":[{"name":"wp","href":"https:\/\/api.w.org\/{rel}","templated":true}]}}