{"id":112813,"date":"2017-06-13T07:19:51","date_gmt":"2017-06-13T05:19:51","guid":{"rendered":"https:\/\/www.iphone-ticker.de\/?p=112813"},"modified":"2017-06-13T07:22:22","modified_gmt":"2017-06-13T05:22:22","slug":"iphone-8-erste-angebliche-original-bauteile-gesichtet","status":"publish","type":"post","link":"https:\/\/www.iphone-ticker.de\/iphone-8-erste-angebliche-original-bauteile-gesichtet-112813\/","title":{"rendered":"iPhone 8: Erstmals angebliche Original-Bauteile gesichtet"},"content":{"rendered":"<p>Die Spekulationen um Apples iPhone-Modelle f\u00fcr 2017 bewegen sich in Richtung Zielgerade. Auf der Diskussionsplattform <a href=\"https:\/\/www.reddit.com\/r\/iphone\/comments\/6gthz9\/new_iphone_7siphone_8_front_and_back_panel_images\/\">Reddit<\/a> sind nun erste Fotos von angeblichen Bauteilen des iPhone 8 und der 7s-Modelle aufgetaucht.<\/p>\n<p>Die dem iPhone 8 zugeordneten Bauteile zeigen eine vollfl\u00e4chige Glasfront sowie eine gl\u00e4serne R\u00fcckseite mit zus\u00e4tzlicher, vertikal platzierter Kameraoptik. Der rundumlaufende Rand auf der Vorderseite ist bemerkenswert klein, lediglich oben im Zentrum bietet eine verbreiterte schwarze Fl\u00e4che Platz f\u00fcr die \u201eH\u00f6rmuschel\u201c, Kamera und Sensoren. Der dadurch deutlich verkleinerte Platz f\u00fcr die Men\u00fcleiste erfordert dann wohl auch die mit iOS 11 kommende <a href=\"https:\/\/www.iphone-ticker.de\/telekom-vodafone-und-o2-verteilen-neue-netzbetreiber-einstellungen-112577\/\">R\u00fcckkehr<\/a> von Punkten zu Balken als Signalanzeige.<\/p>\n<p><a href=\"https:\/\/images.iphone-ticker.de\/wp-content\/uploads\/2017\/06\/iphone-8-bauteile.jpg\"><img loading=\"lazy\" decoding=\"async\" src=\"https:\/\/images.iphone-ticker.de\/wp-content\/uploads\/2017\/06\/iphone-8-bauteile.jpg\" alt=\"Iphone 8 Bauteile\" width=\"700\" height=\"525\" class=\"alignnone size-full wp-image-112815\" srcset=\"https:\/\/images.iphone-ticker.de\/wp-content\/uploads\/2017\/06\/iphone-8-bauteile.jpg 700w, https:\/\/images.iphone-ticker.de\/wp-content\/uploads\/2017\/06\/iphone-8-bauteile-300x225.jpg 300w\" sizes=\"auto, (max-width: 700px) 100vw, 700px\" \/><\/a><\/p>\n<p>Auch wenn unbest\u00e4tigt gibt es momentan kaum Grund, an der Echtheit der angeblich aus der chinesischen Zuliefererszene stammenden Teile zu zweifeln. Einzig die fehlende Zeile mit der Modellnummer \u00fcber der CE-Nummer stimmt nachdenklich, dies k\u00f6nnte allerdings damit zusammenh\u00e4ngen, dass es sich hier noch nicht um Teile aus der Serienproduktion handelt.<\/p>\n<p>Das zweite Bild unten soll die beiden Teile im Vergleich mit den R\u00fcckseiten f\u00fcr die f\u00fcr in diesem Jahr neben dem \u201eiPhone 8\u201c oder m\u00f6glicherweise auch \u201eiPhone Edition\u201c genannten Sondermodell erwarteten Modelle iPhone 7s und iPhone 7s Plus zeigen. Bereits letzte Woche im Umlauf befindliche <a href=\"https:\/\/www.iphone-ticker.de\/kommen-alle-drei-2017er-iphones-mit-glaeserner-rueckseite-112731\/\">Ger\u00fcchte<\/a> best\u00e4tigend seien diese ebenfalls aus Glas, angeblich um drahtloses Aufladen der Akkus durch Induktion zu erm\u00f6glichen. Die Ger\u00fcchte diesbez\u00fcglich waren bislang durchmischt, spannend w\u00e4re hier insbesondere, ob Apple im Falle der Verwendung den gew\u00f6hnlicherweise damit verbundenen Energieverlust akzeptiert oder diesen durch technische Verbesserungen weiter minimieren konnte.<\/p>\n<p><a href=\"https:\/\/images.iphone-ticker.de\/wp-content\/uploads\/2017\/06\/iphone-2017-bauteile.jpg\"><img loading=\"lazy\" decoding=\"async\" src=\"https:\/\/images.iphone-ticker.de\/wp-content\/uploads\/2017\/06\/iphone-2017-bauteile.jpg\" alt=\"Iphone 2017 Bauteile\" width=\"700\" height=\"393\" class=\"alignnone size-full wp-image-112816\" srcset=\"https:\/\/images.iphone-ticker.de\/wp-content\/uploads\/2017\/06\/iphone-2017-bauteile.jpg 700w, https:\/\/images.iphone-ticker.de\/wp-content\/uploads\/2017\/06\/iphone-2017-bauteile-300x168.jpg 300w\" sizes=\"auto, (max-width: 700px) 100vw, 700px\" \/><\/a><\/p>\n","protected":false},"excerpt":{"rendered":"<a href=\"https:\/\/www.iphone-ticker.de\/iphone-8-erste-angebliche-original-bauteile-gesichtet-112813\/\"><img width=\"150\" height=\"150\" src=\"https:\/\/images.iphone-ticker.de\/wp-content\/uploads\/2017\/06\/iphone-bauteile-2017-150x150.jpg\" class=\"alignright tfe wp-post-image\" alt=\"Iphone Bauteile 2017\" decoding=\"async\" loading=\"lazy\" \/><\/a><p>Die Spekulationen um Apples iPhone-Modelle f\u00fcr 2017 bewegen sich in Richtung Zielgerade. Auf der Diskussionsplattform Reddit sind nun erste Fotos von angeblichen Bauteilen des iPhone 8 und der 7s-Modelle aufgetaucht. Die dem iPhone 8 zugeordneten Bauteile zeigen eine vollfl\u00e4chige Glasfront sowie eine gl\u00e4serne R\u00fcckseite mit zus\u00e4tzlicher, vertikal platzierter Kameraoptik. Der rundumlaufende Rand auf der Vorderseite [&hellip;]<\/p>\n","protected":false},"author":2,"featured_media":112817,"comment_status":"open","ping_status":"closed","sticky":false,"template":"","format":"standard","meta":{"footnotes":""},"categories":[749],"tags":[3364],"class_list":["post-112813","post","type-post","status-publish","format-standard","has-post-thumbnail","hentry","category-iphone-2","tag-iphone-8"],"aioseo_notices":[],"subheadline":["Gl\u00e4serne R\u00fcckseite und Front"],"featured_image":["https:\/\/images.iphone-ticker.de\/wp-content\/uploads\/2017\/06\/iphone-bauteile-2017.jpg"],"rest_api_enabler":{"subheadline":"Gl\u00e4serne R\u00fcckseite und Front","featured_image":"https:\/\/images.iphone-ticker.de\/wp-content\/uploads\/2017\/06\/iphone-bauteile-2017.jpg"},"_links":{"self":[{"href":"https:\/\/www.iphone-ticker.de\/apiv2\/wp\/v2\/posts\/112813","targetHints":{"allow":["GET"]}}],"collection":[{"href":"https:\/\/www.iphone-ticker.de\/apiv2\/wp\/v2\/posts"}],"about":[{"href":"https:\/\/www.iphone-ticker.de\/apiv2\/wp\/v2\/types\/post"}],"author":[{"embeddable":true,"href":"https:\/\/www.iphone-ticker.de\/apiv2\/wp\/v2\/users\/2"}],"replies":[{"embeddable":true,"href":"https:\/\/www.iphone-ticker.de\/apiv2\/wp\/v2\/comments?post=112813"}],"version-history":[{"count":3,"href":"https:\/\/www.iphone-ticker.de\/apiv2\/wp\/v2\/posts\/112813\/revisions"}],"predecessor-version":[{"id":112819,"href":"https:\/\/www.iphone-ticker.de\/apiv2\/wp\/v2\/posts\/112813\/revisions\/112819"}],"wp:featuredmedia":[{"embeddable":true,"href":"https:\/\/www.iphone-ticker.de\/apiv2\/wp\/v2\/media\/112817"}],"wp:attachment":[{"href":"https:\/\/www.iphone-ticker.de\/apiv2\/wp\/v2\/media?parent=112813"}],"wp:term":[{"taxonomy":"category","embeddable":true,"href":"https:\/\/www.iphone-ticker.de\/apiv2\/wp\/v2\/categories?post=112813"},{"taxonomy":"post_tag","embeddable":true,"href":"https:\/\/www.iphone-ticker.de\/apiv2\/wp\/v2\/tags?post=112813"}],"curies":[{"name":"wp","href":"https:\/\/api.w.org\/{rel}","templated":true}]}}