{"id":112360,"date":"2017-06-02T14:19:42","date_gmt":"2017-06-02T12:19:42","guid":{"rendered":"https:\/\/www.iphone-ticker.de\/?p=112360"},"modified":"2017-06-02T14:19:42","modified_gmt":"2017-06-02T12:19:42","slug":"erste-drittbieter-verkaufen-doppel-lightning-adapter","status":"publish","type":"post","link":"https:\/\/www.iphone-ticker.de\/erste-drittbieter-verkaufen-doppel-lightning-adapter-112360\/","title":{"rendered":"Erste Drittbieter verkaufen Doppel-Lightning-Adapter"},"content":{"rendered":"<p>Als wir uns in den Monaten nach dem Verkaufsstart des iPhone 7 den am Markt erh\u00e4ltlichen <a href=\"https:\/\/www.iphone-ticker.de\/brauchbar-mit-einschraenkungen-leser-feedback-zum-lightning-doppeladapter-104447\/\">Lightning-Weichen widmeten<\/a>, fiel eine eine Besonderheit auf. Zwar boten viel, vor allem chinesischen Zubeh\u00f6r-Hersteller Adapter-Stecker f\u00fcr Apples neues iPhone-Flaggschiff an, beschr\u00e4nkten sich jedoch ausschlie\u00dflich auf die Kombination von Lightning- und Klinkenbuchse bzw. Lightning- und USB-Port. <\/p>\n<p><a href=\"https:\/\/images.iphone-ticker.de\/wp-content\/uploads\/2017\/04\/dongle.jpg\"><img loading=\"lazy\" decoding=\"async\" src=\"https:\/\/images.iphone-ticker.de\/wp-content\/uploads\/2017\/04\/dongle.jpg\" alt=\"Dongle\" width=\"500\" height=\"372\" class=\"aligncenter size-full wp-image-110383\" srcset=\"https:\/\/images.iphone-ticker.de\/wp-content\/uploads\/2017\/04\/dongle.jpg 500w, https:\/\/images.iphone-ticker.de\/wp-content\/uploads\/2017\/04\/dongle-300x223.jpg 300w\" sizes=\"auto, (max-width: 500px) 100vw, 500px\" \/><\/a><\/p>\n<h6>Belkins Rockstar-Stecker<\/h6>\n<p>Nur der Apple-Partner Belkin bot mit seinem Rockstar-Stecker, der \u00fcbrigens in enger Kooperation mit Cupertino gefertigt wurde, einen Doppelstecker an, der den gleichzeitigen Einsatz von Lightning-Kopfh\u00f6rern und Lightning-Ladekabel iPhone 7 bzw. am iPhone 7 Plus erm\u00f6glichte. <\/p>\n<p>Ende Januar 20167 gab Belkin dann seine <a href=\"https:\/\/www.iphone-ticker.de\/belkin-rockstar-lightning-weiche-gibt-apple-exklusivitaet-auf-107254\/\">Apple-Exklusivit\u00e4t auf<\/a> und erreichte den deutschen Einzelhandel. Von der spontanen Bestellung haben wir euch damals <a href=\"https:\/\/www.iphone-ticker.de\/lightning-weiche-belkins-rockstar-adapter-kaempft-mit-ausfaellen-106296\/\">jedoch abgeraten<\/a>. Im Netz hagelte es zahlreiche 1-Stern-Rezensionen f\u00fcr die Lightning-Weiche, die bei etlichen Nutzer entweder komplett versagte, oder negativ durch Kompatibilit\u00e4tsprobleme mit Apples Apples Smart Battery Case auffiel. <\/p>\n<p><a href=\"https:\/\/images.iphone-ticker.de\/wp-content\/uploads\/2017\/06\/wesoo.jpg\"><img loading=\"lazy\" decoding=\"async\" src=\"https:\/\/images.iphone-ticker.de\/wp-content\/uploads\/2017\/06\/wesoo.jpg\" alt=\"Wesoo\" width=\"1200\" height=\"762\" class=\"aligncenter size-full wp-image-112361\" srcset=\"https:\/\/images.iphone-ticker.de\/wp-content\/uploads\/2017\/06\/wesoo.jpg 1200w, https:\/\/images.iphone-ticker.de\/wp-content\/uploads\/2017\/06\/wesoo-300x191.jpg 300w, https:\/\/images.iphone-ticker.de\/wp-content\/uploads\/2017\/06\/wesoo-1024x650.jpg 1024w\" sizes=\"auto, (max-width: 1200px) 100vw, 1200px\" \/><\/a><\/p>\n<p>Mit dem <a rel=\"noindex, nofollow\" href=\"http:\/\/www.ifun.de\/amzn\/B06XTT2SL2\">iPhone 7-Adapter und Splitter<\/a> bietet der Zubeh\u00f6r-Anbieter Wesoo nun die erste uns bekannte Alternative zum Belkin-Stecker an. Der Doppel-Lightning-Adapter ist mit einer unverbindlichen Preisempfehlung von 33 Euro ausgezeichnet (aktuell liegt der Preis bei 28 Euro) und unterst\u00fctzt nicht nur den gleichzeitigen Einsatz von Kopfh\u00f6rern und Ladekabel sondern auch das Mikrofon und die Fernbedienung der Lightning-Kopfh\u00f6rer. <\/p>\n<p>Einen vergleichbaren Funktionsumfang, nur noch einen Zacken kompakter, bietet der 24 Euro teure 2-in-1 Lightning-Adapter von Wofalo. Beide Stecker verzichten auf Apples MFi-Siegel.<\/p>\n\n<script>\r\n  function open_amazon(link) {\r\n    if (navigator.userAgent.indexOf(\"Firefox\") != -1) {\r\n      window.open(link, '_blank');\r\n    } else {\r\n      var tag = document.createElement('a');\r\n      tag.setAttribute('href', link);\r\n      tag.innerHTML = \"amzn\";\r\n      tag.click();\r\n    }\r\n  }\r\n<\/script>\r\n    <div id=\"article-single-amazon-preview\" onclick=\"return open_amazon('https:\/\/www.amazon.de\/dp\/B071H6RX4J?tag=musicweb02&linkCode=ogi&th=1&psc=1');\">\n  <div id=\"article-single-amazon-preview-header\">\n    <span class=\"title\">Produkthinweis<\/span>\n      <\/div>\n  <div id=\"article-single-amazon-preview-content\">\n    <div id=\"article-single-amazon-preview-img\" style=\"background: url('https:\/\/m.media-amazon.com\/images\/I\/41+5kS3RloL.jpg') center center no-repeat; background-size: cover;\"><\/div>\n    <div id=\"article-single-amazon-preview-desc\">\n      <span class=\"bezeichnung\"><a href=\"https:\/\/www.amazon.de\/dp\/B071H6RX4J?tag=musicweb02&linkCode=ogi&th=1&psc=1\" style=\"text-decoration: none; border-bottom: 0px; box-shadow: none;\">2 in 1 Lightning Adapter f\u00fcr iPhone 7\/7 Plus,Wofalo Dual Mini AUX Splitter Audio + Aufladen Sync Daten kompatibel mit...<\/a><\/span>\n      <span class=\"preis--aktuell\"><\/span>\n      <span class=\"preis--alt\"><\/span>\n    <\/div>\n  <\/div>\n<\/div>\n","protected":false},"excerpt":{"rendered":"<a href=\"https:\/\/www.iphone-ticker.de\/erste-drittbieter-verkaufen-doppel-lightning-adapter-112360\/\"><img width=\"150\" height=\"150\" src=\"https:\/\/images.iphone-ticker.de\/wp-content\/uploads\/2017\/06\/lightning-150x150.jpg\" class=\"alignright tfe wp-post-image\" alt=\"Lightning\" decoding=\"async\" loading=\"lazy\" \/><\/a><p>Als wir uns in den Monaten nach dem Verkaufsstart des iPhone 7 den am Markt erh\u00e4ltlichen Lightning-Weichen widmeten, fiel eine eine Besonderheit auf. Zwar boten viel, vor allem chinesischen Zubeh\u00f6r-Hersteller Adapter-Stecker f\u00fcr Apples neues iPhone-Flaggschiff an, beschr\u00e4nkten sich jedoch ausschlie\u00dflich auf die Kombination von Lightning- und Klinkenbuchse bzw. Lightning- und USB-Port. Belkins Rockstar-Stecker Nur der [&hellip;]<\/p>\n","protected":false},"author":1,"featured_media":112362,"comment_status":"open","ping_status":"closed","sticky":false,"template":"","format":"standard","meta":{"footnotes":""},"categories":[24],"tags":[458,1653,1721,5239],"class_list":["post-112360","post","type-post","status-publish","format-standard","has-post-thumbnail","hentry","category-zubehor","tag-adapter","tag-lightning","tag-stecker","tag-zubehoer"],"aioseo_notices":[],"subheadline":["Aufladen und zuh\u00f6ren"],"featured_image":["https:\/\/images.iphone-ticker.de\/wp-content\/uploads\/2017\/06\/lightning.jpg"],"rest_api_enabler":{"subheadline":"Aufladen und zuh\u00f6ren","featured_image":"https:\/\/images.iphone-ticker.de\/wp-content\/uploads\/2017\/06\/lightning.jpg"},"_links":{"self":[{"href":"https:\/\/www.iphone-ticker.de\/apiv2\/wp\/v2\/posts\/112360","targetHints":{"allow":["GET"]}}],"collection":[{"href":"https:\/\/www.iphone-ticker.de\/apiv2\/wp\/v2\/posts"}],"about":[{"href":"https:\/\/www.iphone-ticker.de\/apiv2\/wp\/v2\/types\/post"}],"author":[{"embeddable":true,"href":"https:\/\/www.iphone-ticker.de\/apiv2\/wp\/v2\/users\/1"}],"replies":[{"embeddable":true,"href":"https:\/\/www.iphone-ticker.de\/apiv2\/wp\/v2\/comments?post=112360"}],"version-history":[{"count":1,"href":"https:\/\/www.iphone-ticker.de\/apiv2\/wp\/v2\/posts\/112360\/revisions"}],"predecessor-version":[{"id":112363,"href":"https:\/\/www.iphone-ticker.de\/apiv2\/wp\/v2\/posts\/112360\/revisions\/112363"}],"wp:featuredmedia":[{"embeddable":true,"href":"https:\/\/www.iphone-ticker.de\/apiv2\/wp\/v2\/media\/112362"}],"wp:attachment":[{"href":"https:\/\/www.iphone-ticker.de\/apiv2\/wp\/v2\/media?parent=112360"}],"wp:term":[{"taxonomy":"category","embeddable":true,"href":"https:\/\/www.iphone-ticker.de\/apiv2\/wp\/v2\/categories?post=112360"},{"taxonomy":"post_tag","embeddable":true,"href":"https:\/\/www.iphone-ticker.de\/apiv2\/wp\/v2\/tags?post=112360"}],"curies":[{"name":"wp","href":"https:\/\/api.w.org\/{rel}","templated":true}]}}