{"id":112115,"date":"2017-05-26T10:57:24","date_gmt":"2017-05-26T08:57:24","guid":{"rendered":"https:\/\/www.iphone-ticker.de\/?p=112115"},"modified":"2017-05-26T10:57:24","modified_gmt":"2017-05-26T08:57:24","slug":"belkin-wemo-homekit-anbindung-kommt-im-herbst","status":"publish","type":"post","link":"https:\/\/www.iphone-ticker.de\/belkin-wemo-homekit-anbindung-kommt-im-herbst-112115\/","title":{"rendered":"Belkin Wemo: HomeKit-Anbindung kommt im Herbst"},"content":{"rendered":"<p><a href=\"http:\/\/www.belkin.com\/de\/\">Belkin<\/a> hat sich nun detaillierter zu den Pl\u00e4nen ge\u00e4u\u00dfert, das Smarthome-System Wemo mit HomeKit kompatibel zu machen. Die Anbindung soll mithilfe einer WLAN-Bridge realisiert werden.<\/p>\n<p><a href=\"https:\/\/images.ifun.de\/wp-content\/uploads\/2017\/05\/belkin-wemo-homekit-bridge.jpg\"><img loading=\"lazy\" decoding=\"async\" src=\"https:\/\/images.ifun.de\/wp-content\/uploads\/2017\/05\/belkin-wemo-homekit-bridge.jpg\" alt=\"Belkin Wemo Homekit Bridge\" width=\"500\" height=\"710\" class=\"alignnone size-full wp-image-107884\" \/><\/a><\/p>\n<p>An sich sind Apples strenge Vorgaben hinsichtlich der HomeKit-Anbindung bekannt. Die Anforderung, spezielle Hardware-Bauteile zu verwenden, sind mit Blick auf die Sicherheit des Gesamtsystems nachvollziehbar. Allerdings haben in letzter Zeit mehrere Produktank\u00fcndigungen die Spekulationen gen\u00e4hrt, dass Apple die Z\u00fcgel hier etwas lockert. So hat erst zu Wochenbeginn <a href=\"https:\/\/www.iphone-ticker.de\/ikea-beleuchtungssystem-tradfri-wird-mit-homekit-amazon-echo-und-google-home-kompatibel-112016\/\" title=\"IKEA-Beleuchtungssystem TRADFRI wird mit HomeKit, Amazon Echo und Google Home kompatibel\">IKEA<\/a> verlauten lassen, dass man die Anbindung an Amazon Alexa, Google Home und Apple HomeKit per Software-Update realisieren wolle.<\/p>\n<p>Belkin hat sich mit Blick auf Wemo in der Vergangenheit \u00e4hnlich <a href=\"http:\/\/www.belkin.com\/de\/support-article?articleNum=187953\" title=\"verk\u00fcndet\">ge\u00e4u\u00dfert<\/a>. Die HomeKit Integration erfordere ein besonderes Hardware-Bestandteil und k\u00f6nne nicht mit einem Software oder Firmware-Update auf bestehenden Ger\u00e4ten erreicht werden. Solange Apple seine Regeln nicht ver\u00e4ndere, mache dies daher keinen Sinn. <\/p>\n<blockquote>\n<p>W\u00fcrden wir mehr Geld verdienen, wenn wir die Benutzer zwingen alle neuen WEMO-Ger\u00e4te zu kaufen? &nbsp;Vielleicht, aber wir w\u00fcrden einen Schaden f\u00fcr die gesamte WEMO Erfahrung verursachen, f\u00fcr die wir hart gearbeitet haben um diese zu erhalten. &nbsp;Das letzte, was wir wollen, ist zwei separate Benutzererfahrungen zu haben &#8211; eine f\u00fcr HomeKit und eine ohne.<\/p>\n<\/blockquote>\n<p>Mit Blick auf die aktuelle <a href=\"http:\/\/www.prnewswire.com\/news-releases\/wemo-to-support-apple-homekit-300463676.html\">Ank\u00fcndigung<\/a> von Belkin m\u00fcssen Nutzer zumindest nicht alle Ger\u00e4te neu kaufen. \u00c4hnlich wie bereits bei Philips Hue geschehen wird es gen\u00fcgen, die neue, mit HomeKit kompatible Bridge zu installieren, um das gesamte Wemo-Setup mit Apples Heimautomatisierung kompatibel und damit auch per Siri steuerbar zu machen. Die Bridge wird \u00fcber ein Ethernetkabel mit dem Heimnetzwerk verbunden.<\/p>\n<p>Belkin nennt bislang weder Preis noch ein konkretes Datum f\u00fcr die Erweiterung. Ein Weilchen m\u00fcsst ihr euch jedoch in jedem Fall noch gedulden, die Ver\u00f6ffentlichung ist dem Hersteller zufolge erst im Herbst geplant.<img loading=\"lazy\" decoding=\"async\" src=\"http:\/\/vg09.met.vgwort.de\/na\/31c87caee23a45b987c73c53b88689db\" width=\"1\" height=\"1\" class=\"tracking\"><\/p>\n","protected":false},"excerpt":{"rendered":"<a href=\"https:\/\/www.iphone-ticker.de\/belkin-wemo-homekit-anbindung-kommt-im-herbst-112115\/\"><img decoding=\"async\" width=\"150\" src=\"https:\/\/images.ifun.de\/wp-content\/uploads\/2017\/05\/belkin-wemo-homekit-bridge.jpg\" class=\"alignright wp-post-image tfe\" alt=\"Belkin Wemo Homekit Bridge\" title=\"\" \/><\/a><p>Belkin hat sich nun detaillierter zu den Pl\u00e4nen ge\u00e4u\u00dfert, das Smarthome-System Wemo mit HomeKit kompatibel zu machen. Die Anbindung soll mithilfe einer WLAN-Bridge realisiert werden. An sich sind Apples strenge Vorgaben hinsichtlich der HomeKit-Anbindung bekannt. Die Anforderung, spezielle Hardware-Bauteile zu verwenden, sind mit Blick auf die Sicherheit des Gesamtsystems nachvollziehbar. Allerdings haben in letzter Zeit [&hellip;]<\/p>\n","protected":false},"author":2,"featured_media":0,"comment_status":"open","ping_status":"closed","sticky":false,"template":"","format":"standard","meta":{"footnotes":""},"categories":[24],"tags":[28,2821,1795],"class_list":["post-112115","post","type-post","status-publish","format-standard","hentry","category-zubehor","tag-belkin","tag-homekit","tag-wemo"],"aioseo_notices":[],"featured_image":["https:\/\/images.ifun.de\/wp-content\/uploads\/2017\/05\/wemo-header.jpg"],"subheadline":["Bridge erforderlich"],"rest_api_enabler":{"featured_image":"https:\/\/images.ifun.de\/wp-content\/uploads\/2017\/05\/wemo-header.jpg","subheadline":"Bridge erforderlich"},"_links":{"self":[{"href":"https:\/\/www.iphone-ticker.de\/apiv2\/wp\/v2\/posts\/112115","targetHints":{"allow":["GET"]}}],"collection":[{"href":"https:\/\/www.iphone-ticker.de\/apiv2\/wp\/v2\/posts"}],"about":[{"href":"https:\/\/www.iphone-ticker.de\/apiv2\/wp\/v2\/types\/post"}],"author":[{"embeddable":true,"href":"https:\/\/www.iphone-ticker.de\/apiv2\/wp\/v2\/users\/2"}],"replies":[{"embeddable":true,"href":"https:\/\/www.iphone-ticker.de\/apiv2\/wp\/v2\/comments?post=112115"}],"version-history":[{"count":3,"href":"https:\/\/www.iphone-ticker.de\/apiv2\/wp\/v2\/posts\/112115\/revisions"}],"predecessor-version":[{"id":112118,"href":"https:\/\/www.iphone-ticker.de\/apiv2\/wp\/v2\/posts\/112115\/revisions\/112118"}],"wp:attachment":[{"href":"https:\/\/www.iphone-ticker.de\/apiv2\/wp\/v2\/media?parent=112115"}],"wp:term":[{"taxonomy":"category","embeddable":true,"href":"https:\/\/www.iphone-ticker.de\/apiv2\/wp\/v2\/categories?post=112115"},{"taxonomy":"post_tag","embeddable":true,"href":"https:\/\/www.iphone-ticker.de\/apiv2\/wp\/v2\/tags?post=112115"}],"curies":[{"name":"wp","href":"https:\/\/api.w.org\/{rel}","templated":true}]}}