{"id":111475,"date":"2017-05-09T21:05:24","date_gmt":"2017-05-09T19:05:24","guid":{"rendered":"https:\/\/www.iphone-ticker.de\/?p=111475"},"modified":"2017-05-10T07:48:13","modified_gmt":"2017-05-10T05:48:13","slug":"apple-keynote-am-5-juni-ein-erster-blick-auf-ios-11-und-macos-10-13","status":"publish","type":"post","link":"https:\/\/www.iphone-ticker.de\/apple-keynote-am-5-juni-ein-erster-blick-auf-ios-11-und-macos-10-13-111475\/","title":{"rendered":"Apple-Keynote am 5. Juni: Ein erster Blick auf iOS 11 und macOS 10.13"},"content":{"rendered":"<p>Auch wenn niemand daran gezweifelt hat. Apple hat mit dem Versand der Presseeinladungen nun offiziell best\u00e4tigt, dass die Entwicklerkonferenz <a href=\"https:\/\/developer.apple.com\/wwdc\/\" title=\"WWDC\">WWDC<\/a> auch in diesem Jahr mit einer Keynote von Apple-Chef Tim Cook beginnt. Der 5. Juni steht als Datum f\u00fcr die Auftaktveranstaltung schon geraume Zeit fest, die Keynote beginnt um 10 Uhr Ortszeit, also 19 Uhr unserer Zeit.<\/p>\n<p><a href=\"https:\/\/images.ifun.de\/wp-content\/uploads\/2017\/03\/wwdc-tickets.jpg\"><img loading=\"lazy\" decoding=\"async\" src=\"https:\/\/images.ifun.de\/wp-content\/uploads\/2017\/03\/wwdc-tickets.jpg\" alt=\"Wwdc Tickets\" width=\"500\" height=\"306\" class=\"alignnone size-full wp-image-104741\" \/><\/a><\/p>\n<p>Die Veranstaltung findet wie auch die Entwicklerkonferenz in diesem Jahr nicht in San Francisco, sondern im kalifornischen San Jose und damit deutlich n\u00e4her zur Apple-Zentrale in Cupertino statt. Wie gewohnt wird Apple auch in diesem Jahr einen Ausblick auf die f\u00fcr Herbst erwarteten neuen Betriebssystemgenerationen bieten. Mit Spannung erwarten wir die Neuerungen von iOS 11, macOS 10.13, watchOS 4 und tvOS 11.<\/p>\n<p>Auch in diesem Jahr steht nat\u00fcrlich neue Hardware zur Debatte. Unter anderem k\u00f6nnten im Rahmen der Veranstaltung neue iMacs, eine neue Generation der Set-Top-Box Apple TV und vielleicht ja sogar der durch die Ger\u00fcchtek\u00fcche geisternde Echo-Konkurrent auf Siri-Basis angek\u00fcndigt werden. Wir halten euch auf dem Laufenden.<\/p>\n","protected":false},"excerpt":{"rendered":"<a href=\"https:\/\/www.iphone-ticker.de\/apple-keynote-am-5-juni-ein-erster-blick-auf-ios-11-und-macos-10-13-111475\/\"><img decoding=\"async\" width=\"150\" src=\"https:\/\/images.ifun.de\/wp-content\/uploads\/2017\/03\/wwdc-tickets.jpg\" class=\"alignright wp-post-image tfe\" alt=\"Wwdc Tickets\" title=\"\" \/><\/a><p>Auch wenn niemand daran gezweifelt hat. Apple hat mit dem Versand der Presseeinladungen nun offiziell best\u00e4tigt, dass die Entwicklerkonferenz WWDC auch in diesem Jahr mit einer Keynote von Apple-Chef Tim Cook beginnt. Der 5. Juni steht als Datum f\u00fcr die Auftaktveranstaltung schon geraume Zeit fest, die Keynote beginnt um 10 Uhr Ortszeit, also 19 Uhr [&hellip;]<\/p>\n","protected":false},"author":2,"featured_media":0,"comment_status":"open","ping_status":"closed","sticky":false,"template":"","format":"standard","meta":{"footnotes":""},"categories":[14,1975],"tags":[105],"class_list":["post-111475","post","type-post","status-publish","format-standard","hentry","category-apple","category-feature","tag-wwdc"],"aioseo_notices":[],"featured_image":["https:\/\/images.ifun.de\/wp-content\/uploads\/2017\/02\/wwdc-2017-header.jpg"],"subheadline":["Offiziell best\u00e4tigt"],"rest_api_enabler":{"featured_image":"https:\/\/images.ifun.de\/wp-content\/uploads\/2017\/02\/wwdc-2017-header.jpg","subheadline":"Offiziell best\u00e4tigt"},"_links":{"self":[{"href":"https:\/\/www.iphone-ticker.de\/apiv2\/wp\/v2\/posts\/111475","targetHints":{"allow":["GET"]}}],"collection":[{"href":"https:\/\/www.iphone-ticker.de\/apiv2\/wp\/v2\/posts"}],"about":[{"href":"https:\/\/www.iphone-ticker.de\/apiv2\/wp\/v2\/types\/post"}],"author":[{"embeddable":true,"href":"https:\/\/www.iphone-ticker.de\/apiv2\/wp\/v2\/users\/2"}],"replies":[{"embeddable":true,"href":"https:\/\/www.iphone-ticker.de\/apiv2\/wp\/v2\/comments?post=111475"}],"version-history":[{"count":2,"href":"https:\/\/www.iphone-ticker.de\/apiv2\/wp\/v2\/posts\/111475\/revisions"}],"predecessor-version":[{"id":111477,"href":"https:\/\/www.iphone-ticker.de\/apiv2\/wp\/v2\/posts\/111475\/revisions\/111477"}],"wp:attachment":[{"href":"https:\/\/www.iphone-ticker.de\/apiv2\/wp\/v2\/media?parent=111475"}],"wp:term":[{"taxonomy":"category","embeddable":true,"href":"https:\/\/www.iphone-ticker.de\/apiv2\/wp\/v2\/categories?post=111475"},{"taxonomy":"post_tag","embeddable":true,"href":"https:\/\/www.iphone-ticker.de\/apiv2\/wp\/v2\/tags?post=111475"}],"curies":[{"name":"wp","href":"https:\/\/api.w.org\/{rel}","templated":true}]}}