{"id":111098,"date":"2017-04-28T10:06:34","date_gmt":"2017-04-28T08:06:34","guid":{"rendered":"https:\/\/www.iphone-ticker.de\/?p=111098"},"modified":"2017-04-28T10:06:34","modified_gmt":"2017-04-28T08:06:34","slug":"rundfunkverband-fordert-aktivierung-des-ukw-empfaengers-im-iphone","status":"publish","type":"post","link":"https:\/\/www.iphone-ticker.de\/rundfunkverband-fordert-aktivierung-des-ukw-empfaengers-im-iphone-111098\/","title":{"rendered":"Rundfunkverband fordert Aktivierung des UKW-Empf\u00e4ngers im iPhone"},"content":{"rendered":"<p>In Las Vegas fand diese Woche die Rundfunkmesse NAB Show statt. In der <a href=\"https:\/\/nab.org\/documents\/newsRoom\/pressRelease.asp?id=4149\">Er\u00f6ffnungsrede<\/a> forderte der Vorsitzende der austragenden National Association of Broadcasters, Gordon Smith, Apple und andere Smartphone-Hersteller dazu auf, die in den Ger\u00e4ten verbauten UKW-Empfangsmodule freizuschalten.<\/p>\n<p>Die Zukunft der Radiosender liegt Smith zufolge darin, auf schlichtweg jedem Ger\u00e4t verf\u00fcgbar zu sein und sich Innovationen nicht zu verschlie\u00dfen. Aus diesem Grund zeigen sich die Sender auch sehr engagiert wenn es darum geht, die in nahezu alle Smartphones integrierten UKW-Empf\u00e4nger zu nutzen. Smith zufolge sind die Empf\u00e4nger in nahezu allen Ger\u00e4ten vorhanden, deren Funktion werde aber nicht freigeschaltet.<\/p>\n<blockquote>\n<p>Virtually all smartphones are manufactured with hardware capable of receiving free FM radio signals, but not all phones have this feature activated, either by choice of the phone\u2019s manufacturer or the wireless carrier. We applaud the major U.S. carriers \u2013 Sprint, AT&amp;T, T Mobile and Verizon \u2013 for unlocking FM capability in their Android phones. \u2026 We hope our friends at Apple are listening and will soon make this potentially lifesaving technology available to their customers.<\/p>\n<\/blockquote>\n<p>In der Tat verf\u00fcgen viele Android-Ger\u00e4te \u00fcber einen integrierten, aktiven Radioempf\u00e4nger. Die Empfangsmodule kommen auch meist automatisch mit handels\u00fcblichen Prozessoren f\u00fcr Bluetooth- und WLAN-Kommunikation mit. Dass das iPhone keine M\u00f6glichkeit des Radioempfangs bietet, kann allerdings dennoch weiterf\u00fchrende technische Gr\u00fcnde haben. Mit dem UKW-Empfangschip alleine ist es nicht getan, um eine ordentliche Funktion zu gew\u00e4hrleisten, sind vermutlich auch zus\u00e4tzliche Antennen und weitere Bauteile n\u00f6tig, die in einem ohnehin auf minimale Gr\u00f6\u00dfe getrimmten iPhone wohl kaum Platz f\u00e4nden. Zumal mit der M\u00f6glichkeit, Internetradio zu h\u00f6ren, eine akzeptable Alternative verf\u00fcgbar ist.<\/p>\n<p>Als Argument gegen das Internetradio f\u00fchren die Rundfunkanbieter die Abh\u00e4ngigkeit von einer Datenverbindung ins Feld. Gerade in Notsituationen k\u00f6nnte dies zu Problemen f\u00fchren, w\u00e4hrend der Empfang von Notfall-Meldungen \u00fcber UKW jederzeit gew\u00e4hrleistet sei.<\/p>\n<p>Es ist unwahrscheinlich, dass die Rede von Gordon Smith Einfluss auf Apples Produktplanung nimmt. Der Rundfunkempfang \u00fcber UKW hat zweifellos seine Vorteile, scheint sich aber in einer immer weiter expandierenden Onlinewelt stetig in Richtung Abstellgleis zu bewegen. Dementsprechend d\u00fcrfte Apples Interesse, die Funktion in kommende iPhone-Generationen zu integrieren, eher gering sein.<img loading=\"lazy\" decoding=\"async\" src=\"http:\/\/vg01.met.vgwort.de\/na\/422350ceeb19477a8654ad13df367d88\" width=\"1\" height=\"1\" class=\"tracking\"><\/p>\n","protected":false},"excerpt":{"rendered":"<a href=\"https:\/\/www.iphone-ticker.de\/rundfunkverband-fordert-aktivierung-des-ukw-empfaengers-im-iphone-111098\/\"><img decoding=\"async\" width=\"150\" src=\"http:\/\/vg01.met.vgwort.de\/na\/422350ceeb19477a8654ad13df367d88\" class=\"alignright wp-post-image tfe\" alt=\"\" title=\"\" \/><\/a><p>In Las Vegas fand diese Woche die Rundfunkmesse NAB Show statt. In der Er\u00f6ffnungsrede forderte der Vorsitzende der austragenden National Association of Broadcasters, Gordon Smith, Apple und andere Smartphone-Hersteller dazu auf, die in den Ger\u00e4ten verbauten UKW-Empfangsmodule freizuschalten. Die Zukunft der Radiosender liegt Smith zufolge darin, auf schlichtweg jedem Ger\u00e4t verf\u00fcgbar zu sein und sich [&hellip;]<\/p>\n","protected":false},"author":2,"featured_media":0,"comment_status":"open","ping_status":"closed","sticky":false,"template":"","format":"standard","meta":{"footnotes":""},"categories":[1],"tags":[3912,3896,101,3895],"class_list":["post-111098","post","type-post","status-publish","format-standard","hentry","category-news","tag-apple","tag-nab","tag-radio","tag-ukw"],"aioseo_notices":[],"subheadline":["Empfangsmodul sei vorhanden"],"featured_image":["https:\/\/images.iphone-ticker.de\/wp-content\/uploads\/2017\/04\/kopfhoerer.jpg"],"rest_api_enabler":{"subheadline":"Empfangsmodul sei vorhanden","featured_image":"https:\/\/images.iphone-ticker.de\/wp-content\/uploads\/2017\/04\/kopfhoerer.jpg"},"_links":{"self":[{"href":"https:\/\/www.iphone-ticker.de\/apiv2\/wp\/v2\/posts\/111098","targetHints":{"allow":["GET"]}}],"collection":[{"href":"https:\/\/www.iphone-ticker.de\/apiv2\/wp\/v2\/posts"}],"about":[{"href":"https:\/\/www.iphone-ticker.de\/apiv2\/wp\/v2\/types\/post"}],"author":[{"embeddable":true,"href":"https:\/\/www.iphone-ticker.de\/apiv2\/wp\/v2\/users\/2"}],"replies":[{"embeddable":true,"href":"https:\/\/www.iphone-ticker.de\/apiv2\/wp\/v2\/comments?post=111098"}],"version-history":[{"count":2,"href":"https:\/\/www.iphone-ticker.de\/apiv2\/wp\/v2\/posts\/111098\/revisions"}],"predecessor-version":[{"id":111100,"href":"https:\/\/www.iphone-ticker.de\/apiv2\/wp\/v2\/posts\/111098\/revisions\/111100"}],"wp:attachment":[{"href":"https:\/\/www.iphone-ticker.de\/apiv2\/wp\/v2\/media?parent=111098"}],"wp:term":[{"taxonomy":"category","embeddable":true,"href":"https:\/\/www.iphone-ticker.de\/apiv2\/wp\/v2\/categories?post=111098"},{"taxonomy":"post_tag","embeddable":true,"href":"https:\/\/www.iphone-ticker.de\/apiv2\/wp\/v2\/tags?post=111098"}],"curies":[{"name":"wp","href":"https:\/\/api.w.org\/{rel}","templated":true}]}}