{"id":110553,"date":"2017-04-12T19:52:38","date_gmt":"2017-04-12T17:52:38","guid":{"rendered":"https:\/\/www.iphone-ticker.de\/?p=110553"},"modified":"2017-04-12T19:54:13","modified_gmt":"2017-04-12T17:54:13","slug":"iphone-2017-neue-displays-erweisen-sich-als-problematisch","status":"publish","type":"post","link":"https:\/\/www.iphone-ticker.de\/iphone-2017-neue-displays-erweisen-sich-als-problematisch-110553\/","title":{"rendered":"iPhone Edition: Neue Displays erweisen sich als problematisch"},"content":{"rendered":"<p>Die Integration des Fingerabdruck-Scanners Touch ID in das Display des Jubil\u00e4ums-iPhones, das Apple zus\u00e4tzlich zum iPhone 7S im Herbst pr\u00e4sentieren soll, scheint dem Konzern Probleme zu bereiten. Dies <a href=\"http:\/\/appleinsider.com\/articles\/17\/04\/12\/rumor-integrating-touch-id-into-iphone-8-display-remains-apples-biggest-bottleneck\">berichtet<\/a> der beim Finanzhaus Cowen and Company angestellte Analyst Timothy Arcuri unter Berufung auf Zuliefererkreise. Der mehrschichtige Aufbau des 5,8 Zoll gro\u00dfen <a href=\"https:\/\/www.iphone-ticker.de\/fuers-iphone-8-apple-hat-angeblich-70-millionen-oled-bildschirme-bestellt-110157\/\">OLED-Display<\/a> scheint dabei Apples Sorgenkind zu sein.<\/p>\n<p><a href=\"https:\/\/images.iphone-ticker.de\/wp-content\/uploads\/2017\/03\/home-taste.jpg\"><img loading=\"lazy\" decoding=\"async\" class=\"aligncenter size-full wp-image-108940\" src=\"https:\/\/images.iphone-ticker.de\/wp-content\/uploads\/2017\/03\/home-taste.jpg\" alt=\"Home Taste\" width=\"500\" height=\"270\" srcset=\"https:\/\/images.iphone-ticker.de\/wp-content\/uploads\/2017\/03\/home-taste.jpg 500w, https:\/\/images.iphone-ticker.de\/wp-content\/uploads\/2017\/03\/home-taste-300x162.jpg 300w\" sizes=\"auto, (max-width: 500px) 100vw, 500px\" \/><\/a><\/p>\n<h6><a href=\"https:\/\/thaadz.carbonmade.com\/projects\/6344979\">iPhone mit Home-Taste im Display: Ein Design-Konzept von Thadeu Brand\u00e3o<\/a><\/h6>\n<p>Nach Angaben Arcuris kann der Konzern die ben\u00f6tigten Displays bislang nur in kleinen St\u00fcckzahlen fertigen und m\u00fcsste sich so schon jetzt auf <a href=\"https:\/\/www.iphone-ticker.de\/infos-aus-japan-das-1000-teure-iphone-edition-kommt-spaeter-109060\/\">erhebliche Lieferverz\u00f6gerungen<\/a> einstellen.<\/p>\n<p>Sollten die Probleme gar gr\u00f6\u00dfer ausfallen, m\u00fcsste Apple eine alternative Platzierung des Fingerabdruck-Scanners in Betracht ziehen und diesen entweder auf der R\u00fcckseite des Ger\u00e4tes anbringen oder durch <a href=\"https:\/\/www.iphone-ticker.de\/iphone-8-fingerabdruck-und-gesichtserkennung-statt-herkoemmlicher-touch-id-107151\/\">alternative Biometrie-Sensoren<\/a> ersetzen, wie Neil Hughes anmerkt. <\/p>\n<p>Die ebenfalls kursierenden Ger\u00fcchte, auch der im neuen Ger\u00e4t <a href=\"https:\/\/www.iphone-ticker.de\/iphone-2017-revolutionaere-3d-frontkamera-im-sondermodell-108426\/\">verbaute 3D-Sensor<\/a> w\u00fcrde zu Problemen in der Produktion f\u00fchren, wischt Arcuri hingegen vom Tisch.<\/p>\n<p><a href=\"https:\/\/images.iphone-ticker.de\/wp-content\/uploads\/2017\/04\/display-groessen.jpg\"><img loading=\"lazy\" decoding=\"async\" width=\"660\" height=\"342\" src=\"https:\/\/images.iphone-ticker.de\/wp-content\/uploads\/2017\/04\/display-groessen.jpg\" alt=\"Display Groessen\" class=\"aligncenter size-full wp-image-110554\" srcset=\"https:\/\/images.iphone-ticker.de\/wp-content\/uploads\/2017\/04\/display-groessen.jpg 660w, https:\/\/images.iphone-ticker.de\/wp-content\/uploads\/2017\/04\/display-groessen-300x155.jpg 300w\" sizes=\"auto, (max-width: 660px) 100vw, 660px\" \/><\/a><\/p>\n<p>Sollte die aktuelle Ger\u00fcchtelage zutreffen, wird Apple im Herbst drei neue iPhone-Modelle vorstellen. Neben dem iPhone 7S und dem iPhone 7S Plus wird erwartet, dass Cupertino ein neues Premium-Ger\u00e4t zum Preis von rund $1000 vorstellen wird.<\/p>\n","protected":false},"excerpt":{"rendered":"<a href=\"https:\/\/www.iphone-ticker.de\/iphone-2017-neue-displays-erweisen-sich-als-problematisch-110553\/\"><img width=\"150\" height=\"150\" src=\"https:\/\/images.iphone-ticker.de\/wp-content\/uploads\/2017\/04\/display-groessen-150x150.jpg\" class=\"alignright tfe wp-post-image\" alt=\"Display Groessen\" decoding=\"async\" loading=\"lazy\" \/><\/a><p>Die Integration des Fingerabdruck-Scanners Touch ID in das Display des Jubil\u00e4ums-iPhones, das Apple zus\u00e4tzlich zum iPhone 7S im Herbst pr\u00e4sentieren soll, scheint dem Konzern Probleme zu bereiten. Dies berichtet der beim Finanzhaus Cowen and Company angestellte Analyst Timothy Arcuri unter Berufung auf Zuliefererkreise. Der mehrschichtige Aufbau des 5,8 Zoll gro\u00dfen OLED-Display scheint dabei Apples Sorgenkind [&hellip;]<\/p>\n","protected":false},"author":1,"featured_media":110554,"comment_status":"open","ping_status":"closed","sticky":false,"template":"","format":"standard","meta":{"footnotes":""},"categories":[749],"tags":[2064,344,3910],"class_list":["post-110553","post","type-post","status-publish","format-standard","has-post-thumbnail","hentry","category-iphone-2","tag-geruechte","tag-iphone","tag-rumors"],"aioseo_notices":[],"featured_image":["https:\/\/images.iphone-ticker.de\/wp-content\/uploads\/2017\/03\/home-taste-iPhone-8.jpg"],"subheadline":["Produktion auf Sparflamme"],"rest_api_enabler":{"featured_image":"https:\/\/images.iphone-ticker.de\/wp-content\/uploads\/2017\/03\/home-taste-iPhone-8.jpg","subheadline":"Produktion auf Sparflamme"},"_links":{"self":[{"href":"https:\/\/www.iphone-ticker.de\/apiv2\/wp\/v2\/posts\/110553","targetHints":{"allow":["GET"]}}],"collection":[{"href":"https:\/\/www.iphone-ticker.de\/apiv2\/wp\/v2\/posts"}],"about":[{"href":"https:\/\/www.iphone-ticker.de\/apiv2\/wp\/v2\/types\/post"}],"author":[{"embeddable":true,"href":"https:\/\/www.iphone-ticker.de\/apiv2\/wp\/v2\/users\/1"}],"replies":[{"embeddable":true,"href":"https:\/\/www.iphone-ticker.de\/apiv2\/wp\/v2\/comments?post=110553"}],"version-history":[{"count":3,"href":"https:\/\/www.iphone-ticker.de\/apiv2\/wp\/v2\/posts\/110553\/revisions"}],"predecessor-version":[{"id":110557,"href":"https:\/\/www.iphone-ticker.de\/apiv2\/wp\/v2\/posts\/110553\/revisions\/110557"}],"wp:featuredmedia":[{"embeddable":true,"href":"https:\/\/www.iphone-ticker.de\/apiv2\/wp\/v2\/media\/110554"}],"wp:attachment":[{"href":"https:\/\/www.iphone-ticker.de\/apiv2\/wp\/v2\/media?parent=110553"}],"wp:term":[{"taxonomy":"category","embeddable":true,"href":"https:\/\/www.iphone-ticker.de\/apiv2\/wp\/v2\/categories?post=110553"},{"taxonomy":"post_tag","embeddable":true,"href":"https:\/\/www.iphone-ticker.de\/apiv2\/wp\/v2\/tags?post=110553"}],"curies":[{"name":"wp","href":"https:\/\/api.w.org\/{rel}","templated":true}]}}