{"id":110376,"date":"2017-04-07T16:18:16","date_gmt":"2017-04-07T14:18:16","guid":{"rendered":"https:\/\/www.iphone-ticker.de\/?p=110376"},"modified":"2017-04-07T16:19:05","modified_gmt":"2017-04-07T14:19:05","slug":"samsung-galaxy-s8-plus-das-top-modell-kommt-nur-nach-asien","status":"publish","type":"post","link":"https:\/\/www.iphone-ticker.de\/samsung-galaxy-s8-plus-das-top-modell-kommt-nur-nach-asien-110376\/","title":{"rendered":"Samsung Galaxy S8 Plus: Das Top-Modell kommt nur nach Asien"},"content":{"rendered":"<p>Ihr erinnert euch an Samsungs Vorstellung des Galaxy S8 <a href=\"https:\/\/www.iphone-ticker.de\/mit-bixby-das-neue-galaxy-s8-im-video-109958\/\">Ende M\u00e4rz<\/a>? Das neue Android-Flaggschiff, das wie das Apple-Handy in einer kleinen und einer gr\u00f6\u00dferen Plus-Variante angeboten wird, startet noch im laufenden Monat in den Markt und d\u00fcrfte dann wohl unmittelbar den Titel des st\u00e4rksten iPhone-Konkurrenten f\u00fcr sich beanspruchen.<\/p>\n<p><a href=\"https:\/\/images.iphone-ticker.de\/wp-content\/uploads\/2017\/04\/samsung-galaxy-groesse.jpg\"><img decoding=\"async\" class=\"aligncenter size-full wp-image-110378\" src=\"https:\/\/images.iphone-ticker.de\/wp-content\/uploads\/2017\/04\/samsung-galaxy-groesse.jpg\" alt=\"Samsung Galaxy Groesse\" width=\"500\" srcset=\"https:\/\/images.iphone-ticker.de\/wp-content\/uploads\/2017\/04\/samsung-galaxy-groesse.jpg 1000w, https:\/\/images.iphone-ticker.de\/wp-content\/uploads\/2017\/04\/samsung-galaxy-groesse-300x243.jpg 300w\" sizes=\"(max-width: 1000px) 100vw, 1000px\" \/><\/a><\/p>\n<p>Trotz <a href=\"https:\/\/www.iphone-ticker.de\/samsungs-galaxy-s8-ein-schwachbruestiger-iphone-konkurrent-110216\/\">wenig<\/a> \u00fcberzeugender Single-Core-Benchmarks und einer relativ einfach zu <a href=\"https:\/\/www.iphone-ticker.de\/samsungs-gesichtserkennung-ausgetrickst-ein-foto-genuegt-110059\/\">\u00fcberlistenden<\/a> Gesichtserkennung wird Samsungs neues Ger\u00e4t von deutschen Anwendern sehnlichst erwartet und d\u00fcrfte hierzulande auch in diesem Jahr wieder eigene Verkaufsrekorde aufstellen.<\/p>\n<h2>Nur 4GB Arbeitsspeicher f\u00fcr Deutschland<\/h2>\n<p>Doch deutsche Nutzer haben ein Problem: Die <a href=\"http:\/\/local.sec.samsung.com\/comLocal\/event\/promotion\/eventList.do?eventId=13640\">st\u00e4rkste Variante<\/a> des iPhone-Konkurrenten soll ausschlie\u00dflich in S\u00fcdkorea und China angeboten werden.<\/p>\n<p>W\u00e4hrend Samsung sein Galaxy S8 Plus hierzulande <a href=\"http:\/\/www.samsung.com\/global\/galaxy\/galaxy-s8\/specs\/\">lediglich<\/a> mit 4GB RAM (LPDDR4) und einem internen Speicher von 64GB anbietet, werden die Koreaner in den asiatischen M\u00e4rkte <a href=\"http:\/\/www.etnews.com\/20170403000389\">auch eine Version<\/a> mit satten 6GB RAM und 128GB Speicher anbieten.<\/p>\n<p>Laut Samsung soll das High Performance-Ger\u00e4t als <a href=\"http:\/\/www.theverge.com\/circuitbreaker\/2017\/4\/6\/15208120\/samsung-galaxy-s8-plus-more-ram-memory-storage-asia-south-korea\">Bundle-Angebot<\/a> zusammen mit dem offiziellen Dock, der sogenannten <a rel=\"noindex, nofollow\" href=\"http:\/\/www.ifun.de\/amzn\/B06XY2S68T\">DeX Station<\/a> f\u00fcr rund 1.020 US-Dollar angeboten werden. Hierzulande wird die schwachbr\u00fcstigere Version mit 4GB RAM und 64GB Speicher (ohne Dock) f\u00fcr 899 Euro angeboten. Das DeX Station-Dock kostet einzeln 150 Euro.<\/p>\n<p><script>\r\n  function open_amazon(link) {\r\n    if (navigator.userAgent.indexOf(\"Firefox\") != -1) {\r\n      window.open(link, '_blank');\r\n    } else {\r\n      var tag = document.createElement('a');\r\n      tag.setAttribute('href', link);\r\n      tag.innerHTML = \"amzn\";\r\n      tag.click();\r\n    }\r\n  }\r\n<\/script>\r\n    <div id=\"article-single-amazon-preview\" onclick=\"return open_amazon('https:\/\/www.amazon.de\/dp\/B06XJ6BTYT?tag=musicweb02&linkCode=ogi&th=1&psc=1');\">\n  <div id=\"article-single-amazon-preview-header\">\n    <span class=\"title\">Produkthinweis<\/span>\n      <\/div>\n  <div id=\"article-single-amazon-preview-content\">\n    <div id=\"article-single-amazon-preview-img\" style=\"background: url('https:\/\/m.media-amazon.com\/images\/I\/31TOtjEiHeL.jpg') center center no-repeat; background-size: cover;\"><\/div>\n    <div id=\"article-single-amazon-preview-desc\">\n      <span class=\"bezeichnung\"><a href=\"https:\/\/www.amazon.de\/dp\/B06XJ6BTYT?tag=musicweb02&linkCode=ogi&th=1&psc=1\" style=\"text-decoration: none; border-bottom: 0px; box-shadow: none;\">Samsung Galaxy S8+ Smartphone (6,2 Zoll (15,8 cm), 64GB interner Speicher)<\/a><\/span>\n      <span class=\"preis--aktuell\">179,99 EUR<\/span>\n      <span class=\"preis--alt\"><\/span>\n    <\/div>\n  <\/div>\n<\/div><br \/>\n<script>\r\n  function open_amazon(link) {\r\n    if (navigator.userAgent.indexOf(\"Firefox\") != -1) {\r\n      window.open(link, '_blank');\r\n    } else {\r\n      var tag = document.createElement('a');\r\n      tag.setAttribute('href', link);\r\n      tag.innerHTML = \"amzn\";\r\n      tag.click();\r\n    }\r\n  }\r\n<\/script>\r\n    <div id=\"article-single-amazon-preview\" onclick=\"return open_amazon('https:\/\/www.amazon.de\/dp\/B06XY2S68T?tag=musicweb02&linkCode=ogi&th=1&psc=1');\">\n  <div id=\"article-single-amazon-preview-header\">\n    <span class=\"title\">Produkthinweis<\/span>\n      <\/div>\n  <div id=\"article-single-amazon-preview-content\">\n    <div id=\"article-single-amazon-preview-img\" style=\"background: url('https:\/\/m.media-amazon.com\/images\/I\/312Nm-aQWIL.jpg') center center no-repeat; background-size: cover;\"><\/div>\n    <div id=\"article-single-amazon-preview-desc\">\n      <span class=\"bezeichnung\"><a href=\"https:\/\/www.amazon.de\/dp\/B06XY2S68T?tag=musicweb02&linkCode=ogi&th=1&psc=1\" style=\"text-decoration: none; border-bottom: 0px; box-shadow: none;\">Samsung EE-MG950 DeX Station schwarz<\/a><\/span>\n      <span class=\"preis--aktuell\">165,26 EUR<\/span>\n      <span class=\"preis--alt\"><\/span>\n    <\/div>\n  <\/div>\n<\/div><\/p>\n<h2>Zum Nachlesen<\/h2>\n<ul>\n<li><a href=\"https:\/\/www.iphone-ticker.de\/mit-bixby-das-neue-galaxy-s8-im-video-109958\/\">Der Konkurrent: Das neue Galaxy S8 im Video<\/a><\/li>\n<li><a href=\"https:\/\/www.iphone-ticker.de\/seite-an-seite-iphone-7-und-samsungs-galaxy-s8-im-video-109998\/\">Seite an Seite: iPhone 7 und Samsungs Galaxy S8 im Video<\/a><\/li>\n<li><a href=\"https:\/\/www.iphone-ticker.de\/samsungs-gesichtserkennung-ausgetrickst-ein-foto-genuegt-110059\/\">Gesichtserkennung ausgetrickst: Ein Foto gen\u00fcgt<\/a><\/li>\n<li><a href=\"https:\/\/www.iphone-ticker.de\/samsungs-galaxy-s8-ein-schwachbruestiger-iphone-konkurrent-110216\/\">Samsungs Galaxy S8: Ein schwachbr\u00fcstiger iPhone-Konkurrent<\/a><\/li>\n<\/ul>\n","protected":false},"excerpt":{"rendered":"<a href=\"https:\/\/www.iphone-ticker.de\/samsung-galaxy-s8-plus-das-top-modell-kommt-nur-nach-asien-110376\/\"><img width=\"150\" height=\"150\" src=\"https:\/\/images.iphone-ticker.de\/wp-content\/uploads\/2017\/04\/samsung-galaxy-groesse-150x150.jpg\" class=\"alignright tfe wp-post-image\" alt=\"Samsung Galaxy Groesse\" decoding=\"async\" loading=\"lazy\" \/><\/a><p>Ihr erinnert euch an Samsungs Vorstellung des Galaxy S8 Ende M\u00e4rz? Das neue Android-Flaggschiff, das wie das Apple-Handy in einer kleinen und einer gr\u00f6\u00dferen Plus-Variante angeboten wird, startet noch im laufenden Monat in den Markt und d\u00fcrfte dann wohl unmittelbar den Titel des st\u00e4rksten iPhone-Konkurrenten f\u00fcr sich beanspruchen. Trotz wenig \u00fcberzeugender Single-Core-Benchmarks und einer relativ [&hellip;]<\/p>\n","protected":false},"author":1,"featured_media":110378,"comment_status":"open","ping_status":"closed","sticky":false,"template":"","format":"standard","meta":{"footnotes":""},"categories":[749],"tags":[160,3727,125,49],"class_list":["post-110376","post","type-post","status-publish","format-standard","has-post-thumbnail","hentry","category-iphone-2","tag-china","tag-galaxy-s8","tag-samsung","tag-zahlen"],"aioseo_notices":[],"featured_image":["https:\/\/images.iphone-ticker.de\/wp-content\/uploads\/2017\/04\/samsung-galaxy-s8.jpg"],"subheadline":["Weniger RAM f\u00fcr Deutschland"],"rest_api_enabler":{"featured_image":"https:\/\/images.iphone-ticker.de\/wp-content\/uploads\/2017\/04\/samsung-galaxy-s8.jpg","subheadline":"Weniger RAM f\u00fcr Deutschland"},"_links":{"self":[{"href":"https:\/\/www.iphone-ticker.de\/apiv2\/wp\/v2\/posts\/110376","targetHints":{"allow":["GET"]}}],"collection":[{"href":"https:\/\/www.iphone-ticker.de\/apiv2\/wp\/v2\/posts"}],"about":[{"href":"https:\/\/www.iphone-ticker.de\/apiv2\/wp\/v2\/types\/post"}],"author":[{"embeddable":true,"href":"https:\/\/www.iphone-ticker.de\/apiv2\/wp\/v2\/users\/1"}],"replies":[{"embeddable":true,"href":"https:\/\/www.iphone-ticker.de\/apiv2\/wp\/v2\/comments?post=110376"}],"version-history":[{"count":2,"href":"https:\/\/www.iphone-ticker.de\/apiv2\/wp\/v2\/posts\/110376\/revisions"}],"predecessor-version":[{"id":110380,"href":"https:\/\/www.iphone-ticker.de\/apiv2\/wp\/v2\/posts\/110376\/revisions\/110380"}],"wp:featuredmedia":[{"embeddable":true,"href":"https:\/\/www.iphone-ticker.de\/apiv2\/wp\/v2\/media\/110378"}],"wp:attachment":[{"href":"https:\/\/www.iphone-ticker.de\/apiv2\/wp\/v2\/media?parent=110376"}],"wp:term":[{"taxonomy":"category","embeddable":true,"href":"https:\/\/www.iphone-ticker.de\/apiv2\/wp\/v2\/categories?post=110376"},{"taxonomy":"post_tag","embeddable":true,"href":"https:\/\/www.iphone-ticker.de\/apiv2\/wp\/v2\/tags?post=110376"}],"curies":[{"name":"wp","href":"https:\/\/api.w.org\/{rel}","templated":true}]}}