{"id":110115,"date":"2017-04-03T11:04:00","date_gmt":"2017-04-03T09:04:00","guid":{"rendered":"https:\/\/www.iphone-ticker.de\/?p=110115"},"modified":"2017-04-03T11:04:37","modified_gmt":"2017-04-03T09:04:37","slug":"aldi-sued-will-iphone-6-plus-zum-schleuderpreis-anbieten","status":"publish","type":"post","link":"https:\/\/www.iphone-ticker.de\/aldi-sued-will-iphone-6-plus-zum-schleuderpreis-anbieten-110115\/","title":{"rendered":"ALDI S\u00fcd will iPhone 6 Plus zum Schleuderpreis anbieten"},"content":{"rendered":"<p>So wie es aussieht, werden wir uns an iPhone-Sonderaktionen bei Discountern und Lebensmittelh\u00e4ndlern gew\u00f6hnen m\u00fcssen. Nachdem die Supermarktkette REWE ihre Kunden erst in der <a href=\"https:\/\/www.iphone-ticker.de\/billig-iphone-rewe-aktion-lief-in-kooperation-mit-apple-109846\/\">vergangenen Woche<\/a> mit einem stark reduzierten iPhone 7 in f\u00fcnf ausgew\u00e4hlte M\u00e4rkte lockte, schickt sich der Discounter ALDI S\u00fcd nun an, eine \u00e4hnliche Aktion mit dem iPhone 6 Plus zu fahren.<\/p>\n<p><a href=\"https:\/\/images.iphone-ticker.de\/wp-content\/uploads\/2017\/04\/september-2015.jpg\"><img loading=\"lazy\" decoding=\"async\" class=\"aligncenter size-full wp-image-110117\" src=\"https:\/\/images.iphone-ticker.de\/wp-content\/uploads\/2017\/04\/september-2015.jpg\" alt=\"September 2015\" width=\"500\" height=\"421\" srcset=\"https:\/\/images.iphone-ticker.de\/wp-content\/uploads\/2017\/04\/september-2015.jpg 500w, https:\/\/images.iphone-ticker.de\/wp-content\/uploads\/2017\/04\/september-2015-300x253.jpg 300w\" sizes=\"auto, (max-width: 500px) 100vw, 500px\" \/><\/a><\/p>\n<h6>Das iPhone 6 Plus im September 2014<\/h6>\n<p>So werden ausgew\u00e4hlte ALDI-M\u00e4rkte in der 15. Kalenderwoche (ab dem 12. April) iPhone 6 Plus-Ger\u00e4te mit 16GB Speicher f\u00fcr je 479\u20ac anbieten. Die gro\u00dfen iPhone-Modelle sollen sowohl in Silber als auch in Spacegrau angeboten werden.<\/p>\n<p>Das iPhone 6 Plus startete <a href=\"https:\/\/www.iphone-ticker.de\/iphone-6-und-iphone-6-plus-das-muesst-ihr-wissen-71045\/\">im September 2014<\/a> f\u00fcr 799 Euro in den Markt und wurde im September 2016 aus Apples offiziellem Online Store entfernt. Zuletzt bot Apple die 16GB-Variante f\u00fcr 699\u20ac an. Zum Vergleich: Apples aktuelles 5,5-Zoll-Modell, das iPhone 7 Plus kostet in seiner 32GB-Ausf\u00fchrung 899 Euro, das iPhone 6s Plus wird von Apple f\u00fcr 759 Euro (ebenfalls mit 32GB) angeboten.<\/p>\n<p>Im Kleingedruckten macht ALDI darauf aufmerksam, dass die Aktion regional begrenzt ist und im Unterscheid zum st\u00e4ndige vorhandenen Sortiment nur &#8222;in begrenzter St\u00fcckzahl zur Verf\u00fcgung&#8220; steht.<\/p>\n<p><a href=\"https:\/\/images.iphone-ticker.de\/wp-content\/uploads\/2017\/04\/aldi-aktion.jpg\"><img loading=\"lazy\" decoding=\"async\" src=\"https:\/\/images.iphone-ticker.de\/wp-content\/uploads\/2017\/04\/aldi-aktion.jpg\" alt=\"Aldi Aktion\" width=\"700\" height=\"1132\" class=\"aligncenter size-full wp-image-110118\" srcset=\"https:\/\/images.iphone-ticker.de\/wp-content\/uploads\/2017\/04\/aldi-aktion.jpg 700w, https:\/\/images.iphone-ticker.de\/wp-content\/uploads\/2017\/04\/aldi-aktion-186x300.jpg 186w, https:\/\/images.iphone-ticker.de\/wp-content\/uploads\/2017\/04\/aldi-aktion-633x1024.jpg 633w\" sizes=\"auto, (max-width: 700px) 100vw, 700px\" \/><\/a><br \/>\n<h8>Danke Benjamin.<\/h8><\/p>\n","protected":false},"excerpt":{"rendered":"<a href=\"https:\/\/www.iphone-ticker.de\/aldi-sued-will-iphone-6-plus-zum-schleuderpreis-anbieten-110115\/\"><img width=\"150\" height=\"150\" src=\"https:\/\/images.iphone-ticker.de\/wp-content\/uploads\/2017\/04\/aldi-sued-150x150.jpg\" class=\"alignright tfe wp-post-image\" alt=\"Aldi Sued\" decoding=\"async\" loading=\"lazy\" \/><\/a><p>So wie es aussieht, werden wir uns an iPhone-Sonderaktionen bei Discountern und Lebensmittelh\u00e4ndlern gew\u00f6hnen m\u00fcssen. Nachdem die Supermarktkette REWE ihre Kunden erst in der vergangenen Woche mit einem stark reduzierten iPhone 7 in f\u00fcnf ausgew\u00e4hlte M\u00e4rkte lockte, schickt sich der Discounter ALDI S\u00fcd nun an, eine \u00e4hnliche Aktion mit dem iPhone 6 Plus zu fahren. [&hellip;]<\/p>\n","protected":false},"author":1,"featured_media":110119,"comment_status":"open","ping_status":"closed","sticky":false,"template":"","format":"standard","meta":{"footnotes":""},"categories":[749],"tags":[824,344,1408],"class_list":["post-110115","post","type-post","status-publish","format-standard","has-post-thumbnail","hentry","category-iphone-2","tag-aldi","tag-iphone","tag-rewe"],"aioseo_notices":[],"subheadline":["Nach REWE"],"featured_image":["https:\/\/images.iphone-ticker.de\/wp-content\/uploads\/2017\/04\/aldi-sued.jpg"],"rest_api_enabler":{"subheadline":"Nach REWE","featured_image":"https:\/\/images.iphone-ticker.de\/wp-content\/uploads\/2017\/04\/aldi-sued.jpg"},"_links":{"self":[{"href":"https:\/\/www.iphone-ticker.de\/apiv2\/wp\/v2\/posts\/110115","targetHints":{"allow":["GET"]}}],"collection":[{"href":"https:\/\/www.iphone-ticker.de\/apiv2\/wp\/v2\/posts"}],"about":[{"href":"https:\/\/www.iphone-ticker.de\/apiv2\/wp\/v2\/types\/post"}],"author":[{"embeddable":true,"href":"https:\/\/www.iphone-ticker.de\/apiv2\/wp\/v2\/users\/1"}],"replies":[{"embeddable":true,"href":"https:\/\/www.iphone-ticker.de\/apiv2\/wp\/v2\/comments?post=110115"}],"version-history":[{"count":3,"href":"https:\/\/www.iphone-ticker.de\/apiv2\/wp\/v2\/posts\/110115\/revisions"}],"predecessor-version":[{"id":110121,"href":"https:\/\/www.iphone-ticker.de\/apiv2\/wp\/v2\/posts\/110115\/revisions\/110121"}],"wp:featuredmedia":[{"embeddable":true,"href":"https:\/\/www.iphone-ticker.de\/apiv2\/wp\/v2\/media\/110119"}],"wp:attachment":[{"href":"https:\/\/www.iphone-ticker.de\/apiv2\/wp\/v2\/media?parent=110115"}],"wp:term":[{"taxonomy":"category","embeddable":true,"href":"https:\/\/www.iphone-ticker.de\/apiv2\/wp\/v2\/categories?post=110115"},{"taxonomy":"post_tag","embeddable":true,"href":"https:\/\/www.iphone-ticker.de\/apiv2\/wp\/v2\/tags?post=110115"}],"curies":[{"name":"wp","href":"https:\/\/api.w.org\/{rel}","templated":true}]}}