{"id":109793,"date":"2017-03-27T07:42:25","date_gmt":"2017-03-27T05:42:25","guid":{"rendered":"https:\/\/www.iphone-ticker.de\/?p=109793"},"modified":"2017-03-27T22:01:47","modified_gmt":"2017-03-27T20:01:47","slug":"umgebaut-rotes-iphone-7-mit-schwarzer-front","status":"publish","type":"post","link":"https:\/\/www.iphone-ticker.de\/umgebaut-rotes-iphone-7-mit-schwarzer-front-109793\/","title":{"rendered":"Umgebaut: Rotes iPhone 7 mit schwarzer Front"},"content":{"rendered":"<p>Seit Freitag ist das <a href=\"http:\/\/aos.prf.hn\/click\/camref:ihXz\/creativeref:305135\">iPhone 7<\/a> auch als <a href=\"https:\/\/www.iphone-ticker.de\/sonderedition-iphone-7-und-iphone-7-plus-in-rot-109580\/\">Sonderedition<\/a> mit roten Aluminiumgeh\u00e4use erh\u00e4ltlich. Doch schon direkt nach der Vorstellung der \u201e(PRODUCT)RED Special Edition\u201c kam in Nutzerkreisen die Frage auf, ob das Ger\u00e4t mit einer schwarzen Front nicht besser aussehen w\u00fcrde. Apple hat sich ja daf\u00fcr entschieden, die leuchtend rote R\u00fcckseite mit einer wei\u00df abgesetzten Vorderseite zu kombinieren.<\/p>\n<p><a href=\"https:\/\/images.iphone-ticker.de\/wp-content\/uploads\/2017\/03\/iphone-7-rot-schwarze-front.jpg\"><img loading=\"lazy\" decoding=\"async\" src=\"https:\/\/images.iphone-ticker.de\/wp-content\/uploads\/2017\/03\/iphone-7-rot-schwarze-front.jpg\" alt=\"Iphone 7 Rot Schwarze Front\" width=\"500\" height=\"280\" class=\"alignnone size-full wp-image-109796\" srcset=\"https:\/\/images.iphone-ticker.de\/wp-content\/uploads\/2017\/03\/iphone-7-rot-schwarze-front.jpg 500w, https:\/\/images.iphone-ticker.de\/wp-content\/uploads\/2017\/03\/iphone-7-rot-schwarze-front-300x168.jpg 300w\" sizes=\"auto, (max-width: 500px) 100vw, 500px\" \/><\/a><\/p>\n<p>Der YouTube <a href=\"https:\/\/www.youtube.com\/channel\/UCGq7ov9-Xk9fkeQjeeXElkQ\" title=\"Danny Winget\">Danny Winget<\/a> war am Freitag bereits mit einem fr\u00fchen <a href=\"https:\/\/www.youtube.com\/watch?v=wFbBc4nRDw0\">Unboxing-Video<\/a> der neuen iPhone-Modelle zur Stelle und hat darin den Versuch angek\u00fcndigt, eine Version mit schwarzer Bildschirmfront zu basteln. Kein einfaches Unterfangen, da es nicht damit getan ist, lediglich die Bildschirmfront auszutauschen &#8211; dabei w\u00fcrde die Funktion des Fingerabdrucksensors verloren gehen. Winget musste also ein zweites, schwarzes iPhone kaufen und das komplette Innenleben der beiden Ger\u00e4te austauschen.<\/p>\n<p>Im unten eingebetteten Video erkl\u00e4rt Winget den Vorgang und pr\u00e4sentiert seine neue, schwarz-rotes iPhone-Sonderedition.<\/p>\n<p><div class=\"responsive-video\"><iframe loading=\"lazy\" width=\"700\" height=\"394\" src=\"https:\/\/www.youtube-nocookie.com\/embed\/ffFuklPRlDA?rel=0?ecver=1\" frameborder=\"0\" allowfullscreen><\/iframe><\/div><\/p>\n","protected":false},"excerpt":{"rendered":"<a href=\"https:\/\/www.iphone-ticker.de\/umgebaut-rotes-iphone-7-mit-schwarzer-front-109793\/\"><img width=\"150\" height=\"150\" src=\"https:\/\/images.iphone-ticker.de\/wp-content\/uploads\/2017\/03\/iphone-7-rot-schwarze-front-150x150.jpg\" class=\"alignright tfe wp-post-image\" alt=\"Iphone 7 Rot Schwarze Front\" decoding=\"async\" loading=\"lazy\" \/><\/a><p>Seit Freitag ist das iPhone 7 auch als Sonderedition mit roten Aluminiumgeh\u00e4use erh\u00e4ltlich. Doch schon direkt nach der Vorstellung der \u201e(PRODUCT)RED Special Edition\u201c kam in Nutzerkreisen die Frage auf, ob das Ger\u00e4t mit einer schwarzen Front nicht besser aussehen w\u00fcrde. Apple hat sich ja daf\u00fcr entschieden, die leuchtend rote R\u00fcckseite mit einer wei\u00df abgesetzten Vorderseite [&hellip;]<\/p>\n","protected":false},"author":2,"featured_media":109796,"comment_status":"open","ping_status":"closed","sticky":false,"template":"","format":"standard","meta":{"footnotes":""},"categories":[749,1975],"tags":[344,2903,3179],"class_list":["post-109793","post","type-post","status-publish","format-standard","has-post-thumbnail","hentry","category-iphone-2","category-feature","tag-iphone","tag-iphone-7","tag-red"],"aioseo_notices":[],"subheadline":["YouTuber tauscht Innenleben"],"featured_image":["https:\/\/images.iphone-ticker.de\/wp-content\/uploads\/2017\/03\/iphone-7-rot-schwarz.jpg"],"rest_api_enabler":{"subheadline":"YouTuber tauscht Innenleben","featured_image":"https:\/\/images.iphone-ticker.de\/wp-content\/uploads\/2017\/03\/iphone-7-rot-schwarz.jpg"},"_links":{"self":[{"href":"https:\/\/www.iphone-ticker.de\/apiv2\/wp\/v2\/posts\/109793","targetHints":{"allow":["GET"]}}],"collection":[{"href":"https:\/\/www.iphone-ticker.de\/apiv2\/wp\/v2\/posts"}],"about":[{"href":"https:\/\/www.iphone-ticker.de\/apiv2\/wp\/v2\/types\/post"}],"author":[{"embeddable":true,"href":"https:\/\/www.iphone-ticker.de\/apiv2\/wp\/v2\/users\/2"}],"replies":[{"embeddable":true,"href":"https:\/\/www.iphone-ticker.de\/apiv2\/wp\/v2\/comments?post=109793"}],"version-history":[{"count":5,"href":"https:\/\/www.iphone-ticker.de\/apiv2\/wp\/v2\/posts\/109793\/revisions"}],"predecessor-version":[{"id":109800,"href":"https:\/\/www.iphone-ticker.de\/apiv2\/wp\/v2\/posts\/109793\/revisions\/109800"}],"wp:featuredmedia":[{"embeddable":true,"href":"https:\/\/www.iphone-ticker.de\/apiv2\/wp\/v2\/media\/109796"}],"wp:attachment":[{"href":"https:\/\/www.iphone-ticker.de\/apiv2\/wp\/v2\/media?parent=109793"}],"wp:term":[{"taxonomy":"category","embeddable":true,"href":"https:\/\/www.iphone-ticker.de\/apiv2\/wp\/v2\/categories?post=109793"},{"taxonomy":"post_tag","embeddable":true,"href":"https:\/\/www.iphone-ticker.de\/apiv2\/wp\/v2\/tags?post=109793"}],"curies":[{"name":"wp","href":"https:\/\/api.w.org\/{rel}","templated":true}]}}