{"id":109377,"date":"2017-03-16T08:41:08","date_gmt":"2017-03-16T07:41:08","guid":{"rendered":"https:\/\/www.iphone-ticker.de\/?p=109377"},"modified":"2017-03-16T12:32:13","modified_gmt":"2017-03-16T11:32:13","slug":"weberhaus-zeigt-homekit-offensive-im-video","status":"publish","type":"post","link":"https:\/\/www.iphone-ticker.de\/weberhaus-zeigt-homekit-offensive-im-video-109377\/","title":{"rendered":"WeberHaus zeigt HomeKit-Offensive im Video"},"content":{"rendered":"<p>Wenige Tage nach <a href=\"https:\/\/www.iphone-ticker.de\/weberhaus-zeigt-fertighaus-mit-homekit-anbindung-109223\/\">der Ank\u00fcndigung<\/a> zum Wochenanfang, hat das im badischen Rheinau ans\u00e4ssige Unternehmen WeberHaus jetzt <a href=\"http:\/\/www.worldofliving.de\/apple\/\">eine Sonderseite<\/a> und ein Video zur neuen HomeKit-Offensive ver\u00f6ffentlicht.<\/p>\n<p><a href=\"https:\/\/images.iphone-ticker.de\/wp-content\/uploads\/2017\/03\/weberhaus-ipad-homekit.jpg\"><img loading=\"lazy\" decoding=\"async\" class=\"aligncenter size-full wp-image-109379\" src=\"https:\/\/images.iphone-ticker.de\/wp-content\/uploads\/2017\/03\/weberhaus-ipad-homekit.jpg\" alt=\"Weberhaus Ipad Homekit\" width=\"500\" height=\"333\" srcset=\"https:\/\/images.iphone-ticker.de\/wp-content\/uploads\/2017\/03\/weberhaus-ipad-homekit.jpg 500w, https:\/\/images.iphone-ticker.de\/wp-content\/uploads\/2017\/03\/weberhaus-ipad-homekit-300x200.jpg 300w\" sizes=\"auto, (max-width: 500px) 100vw, 500px\" \/><\/a><\/p>\n<p>Wie berichtet will WeberHaus als erster europ\u00e4ischer Anbieter Fertigh\u00e4user mit HomeKit-Anbindung verkaufen &#8211; nun erkl\u00e4rt der Anbieter die Integration der Smart Home-Schnittstelle von Apple.<\/p>\n<blockquote><p>Die umfassende Haussteuerung WeberLogic 2.0 mit myHomeControl \u2013 erg\u00e4nzt um den konkurrenzlosen Bedienkomfort, der Apple auszeichnet. Das ist die Idee eines richtungsweisenden Innovationsprojekts. Die M\u00f6glichkeiten? Unbegrenzt. Und heute schon erlebbar. Im Ausstellungshaus generation5.5 von WeberHaus, in der <a href=\"http:\/\/www.worldofliving.de\/\">World of Living<\/a> in Rheinau-Linx.<\/p><\/blockquote>\n<p>WeberLogic2.0 erlaubt die Steuerung der in die Weber-Fertigh\u00e4user integrierten Smarthome-Komponenten auf Basis der batterielosen Funktechnik EnOcean. Die Benutzeroberfl\u00e4che daf\u00fcr wird \u00fcber das App-Angebot myHomeControl bereitgestellt, die hinter dieser L\u00f6sung stehenden Entwickler BootUp realisieren nun die Anbindung an HomeKit.<\/p>\n<p><a href=\"https:\/\/images.iphone-ticker.de\/wp-content\/uploads\/2017\/03\/weberhaus-700.jpg\"><img loading=\"lazy\" decoding=\"async\" class=\"aligncenter size-full wp-image-109380\" src=\"https:\/\/images.iphone-ticker.de\/wp-content\/uploads\/2017\/03\/weberhaus-700.jpg\" alt=\"Weberhaus 700\" width=\"700\" height=\"394\" srcset=\"https:\/\/images.iphone-ticker.de\/wp-content\/uploads\/2017\/03\/weberhaus-700.jpg 700w, https:\/\/images.iphone-ticker.de\/wp-content\/uploads\/2017\/03\/weberhaus-700-300x169.jpg 300w\" sizes=\"auto, (max-width: 700px) 100vw, 700px\" \/><\/a><\/p>\n<p>Laut Auskunft von WeberHaus lassen sich auf diese Weise dann s\u00e4mtliche EnOcean-Produkte, darunter Raumtemperaturf\u00fchler, Lichtaktoren oder die Steuerung der Fu\u00dfbodenheizung in HomeKit einbinden.<\/p>\n<p><div class=\"responsive-video\"><iframe loading=\"lazy\" src=\"https:\/\/www.youtube-nocookie.com\/embed\/AgRvSOuEQa0\" width=\"700\" height=\"371\" frameborder=\"0\" allowfullscreen=\"allowfullscreen\"><\/iframe><\/div><\/p>\n","protected":false},"excerpt":{"rendered":"<a href=\"https:\/\/www.iphone-ticker.de\/weberhaus-zeigt-homekit-offensive-im-video-109377\/\"><img width=\"150\" height=\"150\" src=\"https:\/\/images.iphone-ticker.de\/wp-content\/uploads\/2017\/03\/weberhaus-700-150x150.jpg\" class=\"alignright tfe wp-post-image\" alt=\"Weberhaus 700\" decoding=\"async\" loading=\"lazy\" \/><\/a><p>Wenige Tage nach der Ank\u00fcndigung zum Wochenanfang, hat das im badischen Rheinau ans\u00e4ssige Unternehmen WeberHaus jetzt eine Sonderseite und ein Video zur neuen HomeKit-Offensive ver\u00f6ffentlicht. Wie berichtet will WeberHaus als erster europ\u00e4ischer Anbieter Fertigh\u00e4user mit HomeKit-Anbindung verkaufen &#8211; nun erkl\u00e4rt der Anbieter die Integration der Smart Home-Schnittstelle von Apple. Die umfassende Haussteuerung WeberLogic 2.0 mit [&hellip;]<\/p>\n","protected":false},"author":1,"featured_media":109380,"comment_status":"open","ping_status":"closed","sticky":false,"template":"","format":"standard","meta":{"footnotes":""},"categories":[1],"tags":[2821],"class_list":["post-109377","post","type-post","status-publish","format-standard","has-post-thumbnail","hentry","category-news","tag-homekit"],"aioseo_notices":[],"featured_image":["https:\/\/images.iphone-ticker.de\/wp-content\/uploads\/2017\/03\/homekit-weberhaus.jpg"],"subheadline":["In WeberLogic 2.0 integriert"],"rest_api_enabler":{"featured_image":"https:\/\/images.iphone-ticker.de\/wp-content\/uploads\/2017\/03\/homekit-weberhaus.jpg","subheadline":"In WeberLogic 2.0 integriert"},"_links":{"self":[{"href":"https:\/\/www.iphone-ticker.de\/apiv2\/wp\/v2\/posts\/109377","targetHints":{"allow":["GET"]}}],"collection":[{"href":"https:\/\/www.iphone-ticker.de\/apiv2\/wp\/v2\/posts"}],"about":[{"href":"https:\/\/www.iphone-ticker.de\/apiv2\/wp\/v2\/types\/post"}],"author":[{"embeddable":true,"href":"https:\/\/www.iphone-ticker.de\/apiv2\/wp\/v2\/users\/1"}],"replies":[{"embeddable":true,"href":"https:\/\/www.iphone-ticker.de\/apiv2\/wp\/v2\/comments?post=109377"}],"version-history":[{"count":4,"href":"https:\/\/www.iphone-ticker.de\/apiv2\/wp\/v2\/posts\/109377\/revisions"}],"predecessor-version":[{"id":109402,"href":"https:\/\/www.iphone-ticker.de\/apiv2\/wp\/v2\/posts\/109377\/revisions\/109402"}],"wp:featuredmedia":[{"embeddable":true,"href":"https:\/\/www.iphone-ticker.de\/apiv2\/wp\/v2\/media\/109380"}],"wp:attachment":[{"href":"https:\/\/www.iphone-ticker.de\/apiv2\/wp\/v2\/media?parent=109377"}],"wp:term":[{"taxonomy":"category","embeddable":true,"href":"https:\/\/www.iphone-ticker.de\/apiv2\/wp\/v2\/categories?post=109377"},{"taxonomy":"post_tag","embeddable":true,"href":"https:\/\/www.iphone-ticker.de\/apiv2\/wp\/v2\/tags?post=109377"}],"curies":[{"name":"wp","href":"https:\/\/api.w.org\/{rel}","templated":true}]}}