{"id":108742,"date":"2017-02-28T20:08:16","date_gmt":"2017-02-28T19:08:16","guid":{"rendered":"https:\/\/www.iphone-ticker.de\/?p=108742"},"modified":"2017-02-28T20:09:08","modified_gmt":"2017-02-28T19:09:08","slug":"apple-plant-angeblich-wechsel-von-lightning-auf-usb-c","status":"publish","type":"post","link":"https:\/\/www.iphone-ticker.de\/apple-plant-angeblich-wechsel-von-lightning-auf-usb-c-108742\/","title":{"rendered":"Apple plant angeblich Wechsel von Lightning auf USB-C"},"content":{"rendered":"<p>Das <a href=\"https:\/\/www.wsj.com\/articles\/apples-next-iphone-will-have-a-curved-screen-1488260583\">Wall Street Journal<\/a> wirft die Frage auf, ob Apple mit der kommenden iPhone-Generation auch den Lightning-Anschluss aufs Abstellgleis schiebt. Unter der \u00dcberschrift \u201eApple\u2019s Next iPhone Will Have a Curved Screen\u201c dreht sich der Hauptteil des Artikels um die immer wieder durch die Ger\u00fcchtek\u00fcche flatternden angeblichen Pl\u00e4ne, dieses Jahr ein iPhone mit gekr\u00fcmmtem OLED-Bildschirm zu ver\u00f6ffentlichen. Der Absatz, der die Anschlussfrage zum Thema hat, geht dabei dann auch fast unter: Laut \u201emit Apples Pl\u00e4nen vertrauten Personen\u201c werde der Hersteller den Lightning-Anschluss durch einen USB-C-Anschluss ersetzen.<\/p>\n<p>Dem Bericht zufolge will Apple den USB-C-Anschluss \u201eanstelle des Lightning-Anschlusses\u201c sowohl f\u00fcr die Stromversorgung als auch f\u00fcr den Anschluss von Peripherie-Ger\u00e4ten nutzen. Damit l\u00e4sst sich dann auch ausschlie\u00dfen, dass hier vielleicht ein zus\u00e4tzlicher Anschluss oder lediglich ein Ladeger\u00e4t mit USB-C-Buchse gemeint ist. Ein Ende f\u00fcr den Lightning-Anschluss k\u00e4me f\u00fcr unser gef\u00fchlt jedoch deutlich zu fr\u00fch. Apple hat die Schnittstelle vor nicht einmal f\u00fcnf Jahren vorgestellt, davor musste der alte 30-PIN-Connector mehr als zehn Jahre seine Pflicht erf\u00fcllen.<\/p>\n<p><a href=\"https:\/\/images.iphone-ticker.de\/wp-content\/uploads\/2017\/02\/lightning-kabel.jpg\"><img loading=\"lazy\" decoding=\"async\" src=\"https:\/\/images.iphone-ticker.de\/wp-content\/uploads\/2017\/02\/lightning-kabel.jpg\" alt=\"Lightning Kabel\" width=\"700\" height=\"327\" class=\"alignnone size-full wp-image-108744\" srcset=\"https:\/\/images.iphone-ticker.de\/wp-content\/uploads\/2017\/02\/lightning-kabel.jpg 700w, https:\/\/images.iphone-ticker.de\/wp-content\/uploads\/2017\/02\/lightning-kabel-300x140.jpg 300w\" sizes=\"auto, (max-width: 700px) 100vw, 700px\" \/><\/a><\/p>\n<p>Mit Blick auf Apples aktuelles Produktportfolio scheint ein solcher Wechsel dagegen beinahe zwingend. Die Macs werden auf kurz oder lang alle mit USB-C ausgestattet sein und eine einheitliche Schnittstelle sowie einheitliche Netzteile br\u00e4chten dem Nutzer am Ende auch etlicher Vorteile. Warten wir ab, ob das f\u00fcr seine guten Kontakte in die Apple-Zentrale bekannte Wall Street Journal hier Recht beh\u00e4lt.<\/p>\n<p>Mit Blick auf den OLED-Bildschirm schreibt das Wall Street Journal \u00fcbrigens nichts grundlegend neues. Wie schon mehrfach <a href=\"https:\/\/www.iphone-ticker.de\/iphone-2017-revolutionaere-3d-frontkamera-im-sondermodell-108426\/\" title=\"iPhone 2017: \u201eRevolution\u00e4re\u201c 3D-Frontkamera im Sondermodell\">spekuliert<\/a>, soll Apple in diesem Jahr drei neue iPhone-Modelle vorstellen, zwei mit traditionellem LCD-Bildschirm und ein Premium-Modell mit OLED-Technik.<img loading=\"lazy\" decoding=\"async\" src=\"http:\/\/vg02.met.vgwort.de\/na\/7392357e66884ca582a68571831de322\" width=\"1\" height=\"1\" class=\"tracking\"><\/p>\n","protected":false},"excerpt":{"rendered":"<a href=\"https:\/\/www.iphone-ticker.de\/apple-plant-angeblich-wechsel-von-lightning-auf-usb-c-108742\/\"><img width=\"150\" height=\"150\" src=\"https:\/\/images.iphone-ticker.de\/wp-content\/uploads\/2017\/02\/lightning-kabel-150x150.jpg\" class=\"alignright tfe wp-post-image\" alt=\"Lightning Kabel\" decoding=\"async\" loading=\"lazy\" \/><\/a><p>Das Wall Street Journal wirft die Frage auf, ob Apple mit der kommenden iPhone-Generation auch den Lightning-Anschluss aufs Abstellgleis schiebt. Unter der \u00dcberschrift \u201eApple\u2019s Next iPhone Will Have a Curved Screen\u201c dreht sich der Hauptteil des Artikels um die immer wieder durch die Ger\u00fcchtek\u00fcche flatternden angeblichen Pl\u00e4ne, dieses Jahr ein iPhone mit gekr\u00fcmmtem OLED-Bildschirm zu [&hellip;]<\/p>\n","protected":false},"author":2,"featured_media":108744,"comment_status":"open","ping_status":"closed","sticky":false,"template":"","format":"standard","meta":{"footnotes":""},"categories":[6],"tags":[1653,3140],"class_list":["post-108742","post","type-post","status-publish","format-standard","has-post-thumbnail","hentry","category-rumors","tag-lightning","tag-usb-c"],"aioseo_notices":[],"subheadline":["Bereits in diesem Jahr?"],"featured_image":["https:\/\/images.iphone-ticker.de\/wp-content\/uploads\/2016\/05\/syncwire-lightning-kabel-header.jpg"],"rest_api_enabler":{"subheadline":"Bereits in diesem Jahr?","featured_image":"https:\/\/images.iphone-ticker.de\/wp-content\/uploads\/2016\/05\/syncwire-lightning-kabel-header.jpg"},"_links":{"self":[{"href":"https:\/\/www.iphone-ticker.de\/apiv2\/wp\/v2\/posts\/108742","targetHints":{"allow":["GET"]}}],"collection":[{"href":"https:\/\/www.iphone-ticker.de\/apiv2\/wp\/v2\/posts"}],"about":[{"href":"https:\/\/www.iphone-ticker.de\/apiv2\/wp\/v2\/types\/post"}],"author":[{"embeddable":true,"href":"https:\/\/www.iphone-ticker.de\/apiv2\/wp\/v2\/users\/2"}],"replies":[{"embeddable":true,"href":"https:\/\/www.iphone-ticker.de\/apiv2\/wp\/v2\/comments?post=108742"}],"version-history":[{"count":3,"href":"https:\/\/www.iphone-ticker.de\/apiv2\/wp\/v2\/posts\/108742\/revisions"}],"predecessor-version":[{"id":108746,"href":"https:\/\/www.iphone-ticker.de\/apiv2\/wp\/v2\/posts\/108742\/revisions\/108746"}],"wp:featuredmedia":[{"embeddable":true,"href":"https:\/\/www.iphone-ticker.de\/apiv2\/wp\/v2\/media\/108744"}],"wp:attachment":[{"href":"https:\/\/www.iphone-ticker.de\/apiv2\/wp\/v2\/media?parent=108742"}],"wp:term":[{"taxonomy":"category","embeddable":true,"href":"https:\/\/www.iphone-ticker.de\/apiv2\/wp\/v2\/categories?post=108742"},{"taxonomy":"post_tag","embeddable":true,"href":"https:\/\/www.iphone-ticker.de\/apiv2\/wp\/v2\/tags?post=108742"}],"curies":[{"name":"wp","href":"https:\/\/api.w.org\/{rel}","templated":true}]}}