{"id":107070,"date":"2017-01-19T12:06:50","date_gmt":"2017-01-19T11:06:50","guid":{"rendered":"https:\/\/www.iphone-ticker.de\/?p=107070"},"modified":"2017-01-19T12:08:07","modified_gmt":"2017-01-19T11:08:07","slug":"trump-macht-deutlich-mehr-us-engagement-von-apple-erwartet","status":"publish","type":"post","link":"https:\/\/www.iphone-ticker.de\/trump-macht-deutlich-mehr-us-engagement-von-apple-erwartet-107070\/","title":{"rendered":"Trump macht deutlich: Mehr US-Engagement von Apple erwartet"},"content":{"rendered":"<p>Der k\u00fcnftige US-Pr\u00e4sident Trump erh\u00f6ht mit Blick auf seine Forderung, Unternehmen sollen k\u00fcnftig verst\u00e4rkt in den USA produzieren, bereits vor seiner Amtseinf\u00fchrung den Druck auf Apple. In einem Interview mit dem Onlinemagazin <a href=\"https:\/\/www.axios.com\/trump-toplines-2197570306.html\">Axios<\/a> wird Trump dahingehend zitiert, dass sich Tim Cook diesbez\u00fcglich empf\u00e4nglich gezeigt h\u00e4tte. Weiter habe Trump den Apple-Chef als Mensch bezeichnet, der sein Land liebt und darin gerne Gro\u00dfes vollbringen m\u00f6chte.<\/p>\n<p><a href=\"https:\/\/images.iphone-ticker.de\/wp-content\/uploads\/2014\/10\/apple-campus-cupertino.jpg\"><img loading=\"lazy\" decoding=\"async\" src=\"https:\/\/images.iphone-ticker.de\/wp-content\/uploads\/2014\/10\/apple-campus-cupertino.jpg\" alt=\"apple-campus-cupertino\" width=\"500\" height=\"320\" class=\"alignnone size-full wp-image-72923\" srcset=\"https:\/\/images.iphone-ticker.de\/wp-content\/uploads\/2014\/10\/apple-campus-cupertino.jpg 500w, https:\/\/images.iphone-ticker.de\/wp-content\/uploads\/2014\/10\/apple-campus-cupertino-300x192.jpg 300w\" sizes=\"auto, (max-width: 500px) 100vw, 500px\" \/><\/a><\/p>\n<blockquote>\n<p>His take on Apple and making the iPhone in the U.S., a campaign trail staple: Trump claimed Tim Cook has his &quot;eyes open to it&quot; and that Cook &quot;really believe he loves this country and I think he&#39;d like to do something major here.<\/p>\n<\/blockquote>\n<p> Was hier auf den ersten Blick freundlich klingt, darf bei Trump durchaus auch aks Drohung interpretiert werden. Der k\u00fcnftige Pr\u00e4sident macht mit solchen Zitaten deutlich, dass er an seinen im Wahlkampf get\u00e4tigten Aussagen festh\u00e4lt. Eine iPhone-Produktion in den USA scheint allerdings kaum realisierbar. Hier spielt nicht nur der enorme Kostenfaktor eine Rolle, sondern auch die daf\u00fcr ben\u00f6tigten Ressourcen. Die asiatischen Produktionsfl\u00e4chen von Foxconn sind riesig, zudem st\u00fcnden Facharbeiter in den USA kaum in der ben\u00f6tigten Anzahl zur Verf\u00fcgung. Ein Hindernis, das Apple-Mitarbeiter in der Vergangenheit bereits als Grund f\u00fcr die Fokussierung auf die Produktion in Asien zitiert haben.<\/p>\n<p>Trumps Pr\u00e4sidentschaft k\u00f6nnte somit f\u00fcr etliche US-Unternehmen zur Herausforderung werden. Dies hat sich bereits im Vorfeld seiner Amtseinf\u00fchrung in der Automobilbranche gezeigt. So hat Ford seine Pl\u00e4ne f\u00fcr ein 1,6 Milliarden Dollar teures Werk in Mexiko kurzerhand gestrichen und versprochen, stattdessen in eine Produktionsst\u00e4tte in Michigan zu investieren.<\/p>\n","protected":false},"excerpt":{"rendered":"<a href=\"https:\/\/www.iphone-ticker.de\/trump-macht-deutlich-mehr-us-engagement-von-apple-erwartet-107070\/\"><img decoding=\"async\" width=\"150\" src=\"https:\/\/images.iphone-ticker.de\/wp-content\/uploads\/2014\/10\/apple-campus-cupertino.jpg\" class=\"alignright wp-post-image tfe\" alt=\"apple-campus-cupertino\" title=\"\" \/><\/a><p>Der k\u00fcnftige US-Pr\u00e4sident Trump erh\u00f6ht mit Blick auf seine Forderung, Unternehmen sollen k\u00fcnftig verst\u00e4rkt in den USA produzieren, bereits vor seiner Amtseinf\u00fchrung den Druck auf Apple. In einem Interview mit dem Onlinemagazin Axios wird Trump dahingehend zitiert, dass sich Tim Cook diesbez\u00fcglich empf\u00e4nglich gezeigt h\u00e4tte. Weiter habe Trump den Apple-Chef als Mensch bezeichnet, der sein [&hellip;]<\/p>\n","protected":false},"author":2,"featured_media":0,"comment_status":"open","ping_status":"closed","sticky":false,"template":"","format":"standard","meta":{"footnotes":""},"categories":[14],"tags":[3912,344,3691],"class_list":["post-107070","post","type-post","status-publish","format-standard","hentry","category-apple","tag-apple","tag-iphone","tag-trump"],"aioseo_notices":[],"subheadline":["Tim Cook sei nicht abgeneigt"],"featured_image":["https:\/\/images.ifun.de\/wp-content\/uploads\/2016\/12\/apple-zentrale-cupertino.jpg"],"rest_api_enabler":{"subheadline":"Tim Cook sei nicht abgeneigt","featured_image":"https:\/\/images.ifun.de\/wp-content\/uploads\/2016\/12\/apple-zentrale-cupertino.jpg"},"_links":{"self":[{"href":"https:\/\/www.iphone-ticker.de\/apiv2\/wp\/v2\/posts\/107070","targetHints":{"allow":["GET"]}}],"collection":[{"href":"https:\/\/www.iphone-ticker.de\/apiv2\/wp\/v2\/posts"}],"about":[{"href":"https:\/\/www.iphone-ticker.de\/apiv2\/wp\/v2\/types\/post"}],"author":[{"embeddable":true,"href":"https:\/\/www.iphone-ticker.de\/apiv2\/wp\/v2\/users\/2"}],"replies":[{"embeddable":true,"href":"https:\/\/www.iphone-ticker.de\/apiv2\/wp\/v2\/comments?post=107070"}],"version-history":[{"count":6,"href":"https:\/\/www.iphone-ticker.de\/apiv2\/wp\/v2\/posts\/107070\/revisions"}],"predecessor-version":[{"id":107076,"href":"https:\/\/www.iphone-ticker.de\/apiv2\/wp\/v2\/posts\/107070\/revisions\/107076"}],"wp:attachment":[{"href":"https:\/\/www.iphone-ticker.de\/apiv2\/wp\/v2\/media?parent=107070"}],"wp:term":[{"taxonomy":"category","embeddable":true,"href":"https:\/\/www.iphone-ticker.de\/apiv2\/wp\/v2\/categories?post=107070"},{"taxonomy":"post_tag","embeddable":true,"href":"https:\/\/www.iphone-ticker.de\/apiv2\/wp\/v2\/tags?post=107070"}],"curies":[{"name":"wp","href":"https:\/\/api.w.org\/{rel}","templated":true}]}}