{"id":106679,"date":"2017-01-09T12:30:09","date_gmt":"2017-01-09T11:30:09","guid":{"rendered":"https:\/\/www.iphone-ticker.de\/?p=106679"},"modified":"2017-01-10T07:53:35","modified_gmt":"2017-01-10T06:53:35","slug":"wir-haben-gerade-erst-begonnen-cook-kommentiert-iphone-jubilaeum","status":"publish","type":"post","link":"https:\/\/www.iphone-ticker.de\/wir-haben-gerade-erst-begonnen-cook-kommentiert-iphone-jubilaeum-106679\/","title":{"rendered":"Wir haben gerade erst begonnen: Cook kommentiert iPhone-Jubil\u00e4um"},"content":{"rendered":"<p><a href=\"https:\/\/www.iphone-ticker.de\/10-jahre-iphone-106660\/\">10 Jahre iPhone<\/a>. Mittlerweile hat sich auch Apple zu Wort gemeldet. In einer kurzen <a href=\"http:\/\/www.apple.com\/newsroom\/2017\/01\/iphone-at-ten-the-revolution-continues.html\">Pressenotiz<\/a> kommentiert die Chefetage Cupertinos jetzt die genau 10 Jahre zur\u00fcckliegende Pr\u00e4sentation des ersten iPhones auf der Macworld 2007 in San Francisco und l\u00e4sst nicht nur den Apple-CEO Tim Cook zu Wort kommen, sondern zitiert auch Philip Schiller, Apples Senior Vice President f\u00fcr Produkt-Marketing. <\/p>\n<p><a href=\"https:\/\/images.iphone-ticker.de\/wp-content\/uploads\/2017\/01\/jobs-iphone.jpg\"><img loading=\"lazy\" decoding=\"async\" src=\"https:\/\/images.iphone-ticker.de\/wp-content\/uploads\/2017\/01\/jobs-iphone.jpg\" alt=\"Jobs Iphone\" width=\"500\" height=\"389\" class=\"aligncenter size-full wp-image-106681\" srcset=\"https:\/\/images.iphone-ticker.de\/wp-content\/uploads\/2017\/01\/jobs-iphone.jpg 500w, https:\/\/images.iphone-ticker.de\/wp-content\/uploads\/2017\/01\/jobs-iphone-300x233.jpg 300w\" sizes=\"auto, (max-width: 500px) 100vw, 500px\" \/><\/a><\/p>\n<p>Tim Cook: <\/p>\n<blockquote><p>iPhone ist ein wesentlicher Bestandteil im Leben unserer Kunden und pr\u00e4gt heute, mehr denn je, die Art und Weise, wie wir kommunizieren, uns unterhalten, arbeiten und leben. iPhone hat in seinem ersten Jahrzehnt den Standard in Sachen Mobile Computing in gesetzt &#8211; und wir haben gerade erst begonnen: Das Beste kommt noch.<\/p><\/blockquote>\n<p>Philip Schiller:<\/p>\n<blockquote><p>&#8222;Es ist schon erstaunlich: Vom ersten iPhone bis zum neuesten iPhone 7 Plus, ist das iPhone der Goldstandard geblieben, an dem alle anderen Smartphones gemessen werden. F\u00fcr viele von uns ist das iPhone das wichtigste Ger\u00e4t in unserem Leben geworden &#8211; und wir lieben es. iPhone ist, wie wir FaceTime Anrufe t\u00e4tigen, wie wir Live-Fotos und 4K-Videos aufnehmen und teilen, wie wir Musik h\u00f6ren und streamen, wie wir Social Media verwenden, wie wir Spiele spielen, wie wir Wegbeschreibungen und neue Orte finden, wie wir bezahlen, wie wir im Web surfen, E-Mails schreiben, unsere Kontakte und Kalender verwalten, wie wir Podcasts h\u00f6ren, fernsehen und wie wir unsere Fitness und Gesundheit \u00fcberblicken. Und ich bin der Meinung: Wir haben gerade erst begonnen.<\/p><\/blockquote>\n<p><a href=\"https:\/\/images.iphone-ticker.de\/wp-content\/uploads\/2017\/01\/iphon-1-iphone-7.jpg\"><img loading=\"lazy\" decoding=\"async\" src=\"https:\/\/images.iphone-ticker.de\/wp-content\/uploads\/2017\/01\/iphon-1-iphone-7.jpg\" alt=\"Iphon 1 Iphone 7\" width=\"700\" height=\"625\" class=\"aligncenter size-full wp-image-106682\" srcset=\"https:\/\/images.iphone-ticker.de\/wp-content\/uploads\/2017\/01\/iphon-1-iphone-7.jpg 700w, https:\/\/images.iphone-ticker.de\/wp-content\/uploads\/2017\/01\/iphon-1-iphone-7-300x268.jpg 300w\" sizes=\"auto, (max-width: 700px) 100vw, 700px\" \/><\/a><\/p>\n","protected":false},"excerpt":{"rendered":"<a href=\"https:\/\/www.iphone-ticker.de\/wir-haben-gerade-erst-begonnen-cook-kommentiert-iphone-jubilaeum-106679\/\"><img width=\"150\" height=\"150\" src=\"https:\/\/images.iphone-ticker.de\/wp-content\/uploads\/2017\/01\/iphon-1-iphone-7-150x150.jpg\" class=\"alignright tfe wp-post-image\" alt=\"Iphon 1 Iphone 7\" decoding=\"async\" loading=\"lazy\" \/><\/a><p>10 Jahre iPhone. Mittlerweile hat sich auch Apple zu Wort gemeldet. In einer kurzen Pressenotiz kommentiert die Chefetage Cupertinos jetzt die genau 10 Jahre zur\u00fcckliegende Pr\u00e4sentation des ersten iPhones auf der Macworld 2007 in San Francisco und l\u00e4sst nicht nur den Apple-CEO Tim Cook zu Wort kommen, sondern zitiert auch Philip Schiller, Apples Senior Vice [&hellip;]<\/p>\n","protected":false},"author":1,"featured_media":106682,"comment_status":"open","ping_status":"closed","sticky":false,"template":"","format":"standard","meta":{"footnotes":""},"categories":[14,1975],"tags":[3912,344],"class_list":["post-106679","post","type-post","status-publish","format-standard","has-post-thumbnail","hentry","category-apple","category-feature","tag-apple","tag-iphone"],"aioseo_notices":[],"aioseo_head":"\n\t\t<!-- All in One SEO Pro 5.0.1 - aioseo.com -->\n\t<meta name=\"description\" content=\"10 Jahre iPhone. Mittlerweile hat sich auch Apple zu Wort gemeldet. In einer kurzen Pressenotiz kommentiert die Chefetage Cupertinos jetzt die genau 10 Jahre zur\u00fcckliegende Pr\u00e4sentation des ersten iPhones auf der Macworld 2007 in San Francisco und l\u00e4sst nicht nur den Apple-CEO Tim Cook zu Wort kommen, sondern zitiert auch Philip Schiller, Apples Senior Vice\" \/>\n\t<meta name=\"robots\" content=\"max-image-preview:large\" \/>\n\t<meta name=\"author\" content=\"Nicolas\"\/>\n\t<meta name=\"google-site-verification\" content=\"bRuV4_wqNuoQLypC9HVKibZ0X7EtNyELtju97qgyflM\" \/>\n\t<link rel=\"canonical\" href=\"https:\/\/www.iphone-ticker.de\/wir-haben-gerade-erst-begonnen-cook-kommentiert-iphone-jubilaeum-106679\/\" \/>\n\t<meta name=\"generator\" content=\"All in One SEO Pro (AIOSEO) 5.0.1\" \/>\n\t\t<meta property=\"og:locale\" content=\"de_DE\" \/>\n\t\t<meta property=\"og:site_name\" content=\"iphone-ticker.de | Alles zum iPhone. Seit 2007.\" \/>\n\t\t<meta property=\"og:type\" content=\"article\" \/>\n\t\t<meta property=\"og:title\" content=\"Wir haben gerade erst begonnen: Cook kommentiert iPhone-Jubil\u00e4um | iphone-ticker.de\" \/>\n\t\t<meta property=\"og:description\" content=\"10 Jahre iPhone. Mittlerweile hat sich auch Apple zu Wort gemeldet. In einer kurzen Pressenotiz kommentiert die Chefetage Cupertinos jetzt die genau 10 Jahre zur\u00fcckliegende Pr\u00e4sentation des ersten iPhones auf der Macworld 2007 in San Francisco und l\u00e4sst nicht nur den Apple-CEO Tim Cook zu Wort kommen, sondern zitiert auch Philip Schiller, Apples Senior Vice\" \/>\n\t\t<meta property=\"og:url\" content=\"https:\/\/www.iphone-ticker.de\/wir-haben-gerade-erst-begonnen-cook-kommentiert-iphone-jubilaeum-106679\/\" \/>\n\t\t<meta property=\"article:published_time\" content=\"2017-01-09T11:30:09+00:00\" \/>\n\t\t<meta property=\"article:modified_time\" content=\"2017-01-10T06:53:35+00:00\" \/>\n\t\t<meta property=\"article:publisher\" content=\"https:\/\/facebook.com\/ifun.de\" \/>\n\t\t<meta name=\"twitter:card\" content=\"summary_large_image\" \/>\n\t\t<meta name=\"twitter:site\" content=\"@iphoneticker\" \/>\n\t\t<meta name=\"twitter:title\" content=\"Wir haben gerade erst begonnen: Cook kommentiert iPhone-Jubil\u00e4um | iphone-ticker.de\" \/>\n\t\t<meta name=\"twitter:description\" content=\"10 Jahre iPhone. Mittlerweile hat sich auch Apple zu Wort gemeldet. In einer kurzen Pressenotiz kommentiert die Chefetage Cupertinos jetzt die genau 10 Jahre zur\u00fcckliegende Pr\u00e4sentation des ersten iPhones auf der Macworld 2007 in San Francisco und l\u00e4sst nicht nur den Apple-CEO Tim Cook zu Wort kommen, sondern zitiert auch Philip Schiller, Apples Senior Vice\" \/>\n\t\t<meta name=\"twitter:creator\" content=\"@iphoneticker\" \/>\n\t\t<script type=\"application\/ld+json\" class=\"aioseo-schema\">\n\t\t\t{\"@context\":\"https:\\\/\\\/schema.org\",\"@graph\":[{\"@type\":\"BreadcrumbList\",\"@id\":\"https:\\\/\\\/www.iphone-ticker.de\\\/wir-haben-gerade-erst-begonnen-cook-kommentiert-iphone-jubilaeum-106679\\\/#breadcrumblist\",\"itemListElement\":[{\"@type\":\"ListItem\",\"@id\":\"https:\\\/\\\/www.iphone-ticker.de#listItem\",\"position\":1,\"name\":\"Home\",\"item\":\"https:\\\/\\\/www.iphone-ticker.de\",\"nextItem\":{\"@type\":\"ListItem\",\"@id\":\"https:\\\/\\\/www.iphone-ticker.de\\\/category\\\/apple\\\/#listItem\",\"name\":\"Apple\"}},{\"@type\":\"ListItem\",\"@id\":\"https:\\\/\\\/www.iphone-ticker.de\\\/category\\\/apple\\\/#listItem\",\"position\":2,\"name\":\"Apple\",\"item\":\"https:\\\/\\\/www.iphone-ticker.de\\\/category\\\/apple\\\/\",\"nextItem\":{\"@type\":\"ListItem\",\"@id\":\"https:\\\/\\\/www.iphone-ticker.de\\\/wir-haben-gerade-erst-begonnen-cook-kommentiert-iphone-jubilaeum-106679\\\/#listItem\",\"name\":\"Wir haben gerade erst begonnen: Cook kommentiert iPhone-Jubil\\u00e4um\"},\"previousItem\":{\"@type\":\"ListItem\",\"@id\":\"https:\\\/\\\/www.iphone-ticker.de#listItem\",\"name\":\"Home\"}},{\"@type\":\"ListItem\",\"@id\":\"https:\\\/\\\/www.iphone-ticker.de\\\/wir-haben-gerade-erst-begonnen-cook-kommentiert-iphone-jubilaeum-106679\\\/#listItem\",\"position\":3,\"name\":\"Wir haben gerade erst begonnen: Cook kommentiert iPhone-Jubil\\u00e4um\",\"previousItem\":{\"@type\":\"ListItem\",\"@id\":\"https:\\\/\\\/www.iphone-ticker.de\\\/category\\\/apple\\\/#listItem\",\"name\":\"Apple\"}}]},{\"@type\":\"NewsArticle\",\"@id\":\"https:\\\/\\\/www.iphone-ticker.de\\\/wir-haben-gerade-erst-begonnen-cook-kommentiert-iphone-jubilaeum-106679\\\/#newsarticle\",\"name\":\"Wir haben gerade erst begonnen: Cook kommentiert iPhone-Jubil\\u00e4um | iphone-ticker.de\",\"headline\":\"Wir haben gerade erst begonnen: Cook kommentiert iPhone-Jubil\\u00e4um\",\"author\":{\"@id\":\"https:\\\/\\\/www.iphone-ticker.de\\\/author\\\/admin\\\/#author\"},\"publisher\":{\"@id\":\"https:\\\/\\\/www.iphone-ticker.de\\\/#organization\"},\"image\":{\"@type\":\"ImageObject\",\"url\":\"https:\\\/\\\/images.iphone-ticker.de\\\/wp-content\\\/uploads\\\/2017\\\/01\\\/iphon-1-iphone-7.jpg\",\"width\":700,\"height\":625,\"caption\":\"Iphon 1 Iphone 7\"},\"datePublished\":\"2017-01-09T12:30:09+01:00\",\"dateModified\":\"2017-01-10T07:53:35+01:00\",\"inLanguage\":\"de-DE\",\"commentCount\":159,\"mainEntityOfPage\":{\"@id\":\"https:\\\/\\\/www.iphone-ticker.de\\\/wir-haben-gerade-erst-begonnen-cook-kommentiert-iphone-jubilaeum-106679\\\/#webpage\"},\"isPartOf\":{\"@id\":\"https:\\\/\\\/www.iphone-ticker.de\\\/wir-haben-gerade-erst-begonnen-cook-kommentiert-iphone-jubilaeum-106679\\\/#webpage\"},\"articleSection\":\"Apple, zz1A, Apple, iPhone\",\"dateline\":\"Ver\\u00f6ffentlicht am Januar 9, 2017.\"},{\"@type\":\"Organization\",\"@id\":\"https:\\\/\\\/www.iphone-ticker.de\\\/#organization\",\"name\":\"aketo GmbH\",\"description\":\"Die aketo GmbH versorgt das deutschsprachige Internet mit den f\\u00fchrenden Nachrichtenangeboten zu Apple, dem iPhone, dem iPad und Apples Lifestyle-Produkten. Konzepte, Redaktion, Recherchen und Archiv.\",\"url\":\"https:\\\/\\\/www.iphone-ticker.de\\\/\",\"email\":\"ifun.de@gmail.com\",\"telephone\":\"+493057707123\",\"foundingDate\":\"2007-01-01\",\"logo\":{\"@type\":\"ImageObject\",\"url\":\"https:\\\/\\\/images.iphone-ticker.de\\\/wp-content\\\/uploads\\\/2026\\\/02\\\/apple-touch-icon.png\",\"@id\":\"https:\\\/\\\/www.iphone-ticker.de\\\/wir-haben-gerade-erst-begonnen-cook-kommentiert-iphone-jubilaeum-106679\\\/#organizationLogo\",\"width\":1024,\"height\":1024,\"caption\":\"Apple Touch Icon\"},\"image\":{\"@id\":\"https:\\\/\\\/www.iphone-ticker.de\\\/wir-haben-gerade-erst-begonnen-cook-kommentiert-iphone-jubilaeum-106679\\\/#organizationLogo\"},\"sameAs\":[\"https:\\\/\\\/facebook.com\\\/ifun.de\",\"https:\\\/\\\/x.com\\\/iphoneticker\"]},{\"@type\":\"Person\",\"@id\":\"https:\\\/\\\/www.iphone-ticker.de\\\/author\\\/admin\\\/#author\",\"url\":\"https:\\\/\\\/www.iphone-ticker.de\\\/author\\\/admin\\\/\",\"name\":\"Nicolas\"},{\"@type\":\"WebPage\",\"@id\":\"https:\\\/\\\/www.iphone-ticker.de\\\/wir-haben-gerade-erst-begonnen-cook-kommentiert-iphone-jubilaeum-106679\\\/#webpage\",\"url\":\"https:\\\/\\\/www.iphone-ticker.de\\\/wir-haben-gerade-erst-begonnen-cook-kommentiert-iphone-jubilaeum-106679\\\/\",\"name\":\"Wir haben gerade erst begonnen: Cook kommentiert iPhone-Jubil\\u00e4um | iphone-ticker.de\",\"description\":\"10 Jahre iPhone. Mittlerweile hat sich auch Apple zu Wort gemeldet. In einer kurzen Pressenotiz kommentiert die Chefetage Cupertinos jetzt die genau 10 Jahre zur\\u00fcckliegende Pr\\u00e4sentation des ersten iPhones auf der Macworld 2007 in San Francisco und l\\u00e4sst nicht nur den Apple-CEO Tim Cook zu Wort kommen, sondern zitiert auch Philip Schiller, Apples Senior Vice\",\"inLanguage\":\"de-DE\",\"isPartOf\":{\"@id\":\"https:\\\/\\\/www.iphone-ticker.de\\\/#website\"},\"breadcrumb\":{\"@id\":\"https:\\\/\\\/www.iphone-ticker.de\\\/wir-haben-gerade-erst-begonnen-cook-kommentiert-iphone-jubilaeum-106679\\\/#breadcrumblist\"},\"author\":{\"@id\":\"https:\\\/\\\/www.iphone-ticker.de\\\/author\\\/admin\\\/#author\"},\"creator\":{\"@id\":\"https:\\\/\\\/www.iphone-ticker.de\\\/author\\\/admin\\\/#author\"},\"image\":{\"@type\":\"ImageObject\",\"url\":\"https:\\\/\\\/images.iphone-ticker.de\\\/wp-content\\\/uploads\\\/2017\\\/01\\\/iphon-1-iphone-7.jpg\",\"@id\":\"https:\\\/\\\/www.iphone-ticker.de\\\/wir-haben-gerade-erst-begonnen-cook-kommentiert-iphone-jubilaeum-106679\\\/#mainImage\",\"width\":700,\"height\":625,\"caption\":\"Iphon 1 Iphone 7\"},\"primaryImageOfPage\":{\"@id\":\"https:\\\/\\\/www.iphone-ticker.de\\\/wir-haben-gerade-erst-begonnen-cook-kommentiert-iphone-jubilaeum-106679\\\/#mainImage\"},\"datePublished\":\"2017-01-09T12:30:09+01:00\",\"dateModified\":\"2017-01-10T07:53:35+01:00\"},{\"@type\":\"WebSite\",\"@id\":\"https:\\\/\\\/www.iphone-ticker.de\\\/#website\",\"url\":\"https:\\\/\\\/www.iphone-ticker.de\\\/\",\"name\":\"iphone-ticker.de\",\"description\":\"Alles zum iPhone. Seit 2007.\",\"inLanguage\":\"de-DE\",\"publisher\":{\"@id\":\"https:\\\/\\\/www.iphone-ticker.de\\\/#organization\"}}]}\n\t\t<\/script>\n\t\t<!-- All in One SEO Pro -->\r\n\t\t<title>Wir haben gerade erst begonnen: Cook kommentiert iPhone-Jubil\u00e4um | iphone-ticker.de<\/title>\n\n","aioseo_head_json":{"title":"Wir haben gerade erst begonnen: Cook kommentiert iPhone-Jubil\u00e4um | iphone-ticker.de","description":"10 Jahre iPhone. Mittlerweile hat sich auch Apple zu Wort gemeldet. In einer kurzen Pressenotiz kommentiert die Chefetage Cupertinos jetzt die genau 10 Jahre zur\u00fcckliegende Pr\u00e4sentation des ersten iPhones auf der Macworld 2007 in San Francisco und l\u00e4sst nicht nur den Apple-CEO Tim Cook zu Wort kommen, sondern zitiert auch Philip Schiller, Apples Senior Vice","canonical_url":"https:\/\/www.iphone-ticker.de\/wir-haben-gerade-erst-begonnen-cook-kommentiert-iphone-jubilaeum-106679\/","robots":"max-image-preview:large","keywords":"","webmasterTools":{"google-site-verification":"bRuV4_wqNuoQLypC9HVKibZ0X7EtNyELtju97qgyflM","miscellaneous":""},"schema":{"@context":"https:\/\/schema.org","@graph":[{"@type":"BreadcrumbList","@id":"https:\/\/www.iphone-ticker.de\/wir-haben-gerade-erst-begonnen-cook-kommentiert-iphone-jubilaeum-106679\/#breadcrumblist","itemListElement":[{"@type":"ListItem","@id":"https:\/\/www.iphone-ticker.de#listItem","position":1,"name":"Home","item":"https:\/\/www.iphone-ticker.de","nextItem":{"@type":"ListItem","@id":"https:\/\/www.iphone-ticker.de\/category\/apple\/#listItem","name":"Apple"}},{"@type":"ListItem","@id":"https:\/\/www.iphone-ticker.de\/category\/apple\/#listItem","position":2,"name":"Apple","item":"https:\/\/www.iphone-ticker.de\/category\/apple\/","nextItem":{"@type":"ListItem","@id":"https:\/\/www.iphone-ticker.de\/wir-haben-gerade-erst-begonnen-cook-kommentiert-iphone-jubilaeum-106679\/#listItem","name":"Wir haben gerade erst begonnen: Cook kommentiert iPhone-Jubil\u00e4um"},"previousItem":{"@type":"ListItem","@id":"https:\/\/www.iphone-ticker.de#listItem","name":"Home"}},{"@type":"ListItem","@id":"https:\/\/www.iphone-ticker.de\/wir-haben-gerade-erst-begonnen-cook-kommentiert-iphone-jubilaeum-106679\/#listItem","position":3,"name":"Wir haben gerade erst begonnen: Cook kommentiert iPhone-Jubil\u00e4um","previousItem":{"@type":"ListItem","@id":"https:\/\/www.iphone-ticker.de\/category\/apple\/#listItem","name":"Apple"}}]},{"@type":"NewsArticle","@id":"https:\/\/www.iphone-ticker.de\/wir-haben-gerade-erst-begonnen-cook-kommentiert-iphone-jubilaeum-106679\/#newsarticle","name":"Wir haben gerade erst begonnen: Cook kommentiert iPhone-Jubil\u00e4um | iphone-ticker.de","headline":"Wir haben gerade erst begonnen: Cook kommentiert iPhone-Jubil\u00e4um","author":{"@id":"https:\/\/www.iphone-ticker.de\/author\/admin\/#author"},"publisher":{"@id":"https:\/\/www.iphone-ticker.de\/#organization"},"image":{"@type":"ImageObject","url":"https:\/\/images.iphone-ticker.de\/wp-content\/uploads\/2017\/01\/iphon-1-iphone-7.jpg","width":700,"height":625,"caption":"Iphon 1 Iphone 7"},"datePublished":"2017-01-09T12:30:09+01:00","dateModified":"2017-01-10T07:53:35+01:00","inLanguage":"de-DE","commentCount":159,"mainEntityOfPage":{"@id":"https:\/\/www.iphone-ticker.de\/wir-haben-gerade-erst-begonnen-cook-kommentiert-iphone-jubilaeum-106679\/#webpage"},"isPartOf":{"@id":"https:\/\/www.iphone-ticker.de\/wir-haben-gerade-erst-begonnen-cook-kommentiert-iphone-jubilaeum-106679\/#webpage"},"articleSection":"Apple, zz1A, Apple, iPhone","dateline":"Ver\u00f6ffentlicht am Januar 9, 2017."},{"@type":"Organization","@id":"https:\/\/www.iphone-ticker.de\/#organization","name":"aketo GmbH","description":"Die aketo GmbH versorgt das deutschsprachige Internet mit den f\u00fchrenden Nachrichtenangeboten zu Apple, dem iPhone, dem iPad und Apples Lifestyle-Produkten. Konzepte, Redaktion, Recherchen und Archiv.","url":"https:\/\/www.iphone-ticker.de\/","email":"ifun.de@gmail.com","telephone":"+493057707123","foundingDate":"2007-01-01","logo":{"@type":"ImageObject","url":"https:\/\/images.iphone-ticker.de\/wp-content\/uploads\/2026\/02\/apple-touch-icon.png","@id":"https:\/\/www.iphone-ticker.de\/wir-haben-gerade-erst-begonnen-cook-kommentiert-iphone-jubilaeum-106679\/#organizationLogo","width":1024,"height":1024,"caption":"Apple Touch Icon"},"image":{"@id":"https:\/\/www.iphone-ticker.de\/wir-haben-gerade-erst-begonnen-cook-kommentiert-iphone-jubilaeum-106679\/#organizationLogo"},"sameAs":["https:\/\/facebook.com\/ifun.de","https:\/\/x.com\/iphoneticker"]},{"@type":"Person","@id":"https:\/\/www.iphone-ticker.de\/author\/admin\/#author","url":"https:\/\/www.iphone-ticker.de\/author\/admin\/","name":"Nicolas"},{"@type":"WebPage","@id":"https:\/\/www.iphone-ticker.de\/wir-haben-gerade-erst-begonnen-cook-kommentiert-iphone-jubilaeum-106679\/#webpage","url":"https:\/\/www.iphone-ticker.de\/wir-haben-gerade-erst-begonnen-cook-kommentiert-iphone-jubilaeum-106679\/","name":"Wir haben gerade erst begonnen: Cook kommentiert iPhone-Jubil\u00e4um | iphone-ticker.de","description":"10 Jahre iPhone. Mittlerweile hat sich auch Apple zu Wort gemeldet. In einer kurzen Pressenotiz kommentiert die Chefetage Cupertinos jetzt die genau 10 Jahre zur\u00fcckliegende Pr\u00e4sentation des ersten iPhones auf der Macworld 2007 in San Francisco und l\u00e4sst nicht nur den Apple-CEO Tim Cook zu Wort kommen, sondern zitiert auch Philip Schiller, Apples Senior Vice","inLanguage":"de-DE","isPartOf":{"@id":"https:\/\/www.iphone-ticker.de\/#website"},"breadcrumb":{"@id":"https:\/\/www.iphone-ticker.de\/wir-haben-gerade-erst-begonnen-cook-kommentiert-iphone-jubilaeum-106679\/#breadcrumblist"},"author":{"@id":"https:\/\/www.iphone-ticker.de\/author\/admin\/#author"},"creator":{"@id":"https:\/\/www.iphone-ticker.de\/author\/admin\/#author"},"image":{"@type":"ImageObject","url":"https:\/\/images.iphone-ticker.de\/wp-content\/uploads\/2017\/01\/iphon-1-iphone-7.jpg","@id":"https:\/\/www.iphone-ticker.de\/wir-haben-gerade-erst-begonnen-cook-kommentiert-iphone-jubilaeum-106679\/#mainImage","width":700,"height":625,"caption":"Iphon 1 Iphone 7"},"primaryImageOfPage":{"@id":"https:\/\/www.iphone-ticker.de\/wir-haben-gerade-erst-begonnen-cook-kommentiert-iphone-jubilaeum-106679\/#mainImage"},"datePublished":"2017-01-09T12:30:09+01:00","dateModified":"2017-01-10T07:53:35+01:00"},{"@type":"WebSite","@id":"https:\/\/www.iphone-ticker.de\/#website","url":"https:\/\/www.iphone-ticker.de\/","name":"iphone-ticker.de","description":"Alles zum iPhone. Seit 2007.","inLanguage":"de-DE","publisher":{"@id":"https:\/\/www.iphone-ticker.de\/#organization"}}]},"og:locale":"de_DE","og:site_name":"iphone-ticker.de | Alles zum iPhone. Seit 2007.","og:type":"article","og:title":"Wir haben gerade erst begonnen: Cook kommentiert iPhone-Jubil\u00e4um | iphone-ticker.de","og:description":"10 Jahre iPhone. Mittlerweile hat sich auch Apple zu Wort gemeldet. In einer kurzen Pressenotiz kommentiert die Chefetage Cupertinos jetzt die genau 10 Jahre zur\u00fcckliegende Pr\u00e4sentation des ersten iPhones auf der Macworld 2007 in San Francisco und l\u00e4sst nicht nur den Apple-CEO Tim Cook zu Wort kommen, sondern zitiert auch Philip Schiller, Apples Senior Vice","og:url":"https:\/\/www.iphone-ticker.de\/wir-haben-gerade-erst-begonnen-cook-kommentiert-iphone-jubilaeum-106679\/","article:published_time":"2017-01-09T11:30:09+00:00","article:modified_time":"2017-01-10T06:53:35+00:00","article:publisher":"https:\/\/facebook.com\/ifun.de","twitter:card":"summary_large_image","twitter:site":"@iphoneticker","twitter:title":"Wir haben gerade erst begonnen: Cook kommentiert iPhone-Jubil\u00e4um | iphone-ticker.de","twitter:description":"10 Jahre iPhone. Mittlerweile hat sich auch Apple zu Wort gemeldet. In einer kurzen Pressenotiz kommentiert die Chefetage Cupertinos jetzt die genau 10 Jahre zur\u00fcckliegende Pr\u00e4sentation des ersten iPhones auf der Macworld 2007 in San Francisco und l\u00e4sst nicht nur den Apple-CEO Tim Cook zu Wort kommen, sondern zitiert auch Philip Schiller, Apples Senior Vice","twitter:creator":"@iphoneticker"},"aioseo_meta_data":{"post_id":"106679","title":null,"description":null,"keywords":null,"keyphrases":null,"primary_term":null,"canonical_url":null,"og_title":null,"og_description":null,"og_object_type":"default","og_image_type":"default","og_image_url":null,"og_image_width":null,"og_image_height":null,"og_image_custom_url":null,"og_image_custom_fields":null,"og_video":null,"og_custom_url":null,"og_article_section":null,"og_article_tags":null,"twitter_use_og":false,"twitter_card":"default","twitter_image_type":"default","twitter_image_url":null,"twitter_image_custom_url":null,"twitter_image_custom_fields":null,"twitter_title":null,"twitter_description":null,"schema":{"blockGraphs":[],"customGraphs":[],"default":{"data":{"Article":[],"Course":[],"Dataset":[],"FAQPage":[],"Movie":[],"Person":[],"Product":[],"ProductReview":[],"Car":[],"Recipe":[],"Service":[],"SoftwareApplication":[],"WebPage":[]},"graphName":"NewsArticle","isEnabled":true},"graphs":[]},"schema_type":"default","schema_type_options":null,"pillar_content":false,"robots_default":true,"robots_noindex":false,"robots_noarchive":false,"robots_nosnippet":false,"robots_nofollow":false,"robots_noimageindex":false,"robots_noodp":false,"robots_notranslate":false,"robots_max_snippet":null,"robots_max_videopreview":null,"robots_max_imagepreview":"large","priority":null,"frequency":null,"local_seo":null,"seo_analyzer_scan_date":"2026-07-03 03:05:55","breadcrumb_settings":null,"limit_modified_date":false,"open_ai":null,"ai":null,"created":"2026-02-20 05:57:06","updated":"2026-07-03 03:05:55","focus_keyword":null,"additional_keywords":null,"truseo_locale":null},"aioseo_breadcrumb":"<div class=\"aioseo-breadcrumbs\"><span class=\"aioseo-breadcrumb\">\n\t<a href=\"https:\/\/www.iphone-ticker.de\" title=\"Home\">Home<\/a>\n<\/span><span class=\"aioseo-breadcrumb-separator\">\u00bb<\/span><span class=\"aioseo-breadcrumb\">\n\t<a href=\"https:\/\/www.iphone-ticker.de\/category\/apple\/\" title=\"Apple\">Apple<\/a>\n<\/span><span class=\"aioseo-breadcrumb-separator\">\u00bb<\/span><span class=\"aioseo-breadcrumb\">\n\tWir haben gerade erst begonnen: Cook kommentiert iPhone-Jubil\u00e4um\n<\/span><\/div>","aioseo_breadcrumb_json":[{"label":"Home","link":"https:\/\/www.iphone-ticker.de"},{"label":"Apple","link":"https:\/\/www.iphone-ticker.de\/category\/apple\/"},{"label":"Wir haben gerade erst begonnen: Cook kommentiert iPhone-Jubil\u00e4um","link":"https:\/\/www.iphone-ticker.de\/wir-haben-gerade-erst-begonnen-cook-kommentiert-iphone-jubilaeum-106679\/"}],"subheadline":["10 Jahre iPhone"],"featured_image":["https:\/\/images.iphone-ticker.de\/wp-content\/uploads\/2017\/01\/10-jahre-iphone.jpg"],"rest_api_enabler":{"subheadline":"10 Jahre iPhone","featured_image":"https:\/\/images.iphone-ticker.de\/wp-content\/uploads\/2017\/01\/10-jahre-iphone.jpg"},"_links":{"self":[{"href":"https:\/\/www.iphone-ticker.de\/apiv2\/wp\/v2\/posts\/106679","targetHints":{"allow":["GET"]}}],"collection":[{"href":"https:\/\/www.iphone-ticker.de\/apiv2\/wp\/v2\/posts"}],"about":[{"href":"https:\/\/www.iphone-ticker.de\/apiv2\/wp\/v2\/types\/post"}],"author":[{"embeddable":true,"href":"https:\/\/www.iphone-ticker.de\/apiv2\/wp\/v2\/users\/1"}],"replies":[{"embeddable":true,"href":"https:\/\/www.iphone-ticker.de\/apiv2\/wp\/v2\/comments?post=106679"}],"version-history":[{"count":2,"href":"https:\/\/www.iphone-ticker.de\/apiv2\/wp\/v2\/posts\/106679\/revisions"}],"predecessor-version":[{"id":106683,"href":"https:\/\/www.iphone-ticker.de\/apiv2\/wp\/v2\/posts\/106679\/revisions\/106683"}],"wp:featuredmedia":[{"embeddable":true,"href":"https:\/\/www.iphone-ticker.de\/apiv2\/wp\/v2\/media\/106682"}],"wp:attachment":[{"href":"https:\/\/www.iphone-ticker.de\/apiv2\/wp\/v2\/media?parent=106679"}],"wp:term":[{"taxonomy":"category","embeddable":true,"href":"https:\/\/www.iphone-ticker.de\/apiv2\/wp\/v2\/categories?post=106679"},{"taxonomy":"post_tag","embeddable":true,"href":"https:\/\/www.iphone-ticker.de\/apiv2\/wp\/v2\/tags?post=106679"}],"curies":[{"name":"wp","href":"https:\/\/api.w.org\/{rel}","templated":true}]}}