{"id":106359,"date":"2016-12-29T14:10:10","date_gmt":"2016-12-29T13:10:10","guid":{"rendered":"https:\/\/www.iphone-ticker.de\/?p=106359"},"modified":"2017-01-05T23:06:53","modified_gmt":"2017-01-05T22:06:53","slug":"airpods-im-video-zwei-kritikpunkte-ansonsten-rundum-zufrieden","status":"publish","type":"post","link":"https:\/\/www.iphone-ticker.de\/airpods-im-video-zwei-kritikpunkte-ansonsten-rundum-zufrieden-106359\/","title":{"rendered":"AirPods im Video: Zwei Kritikpunkte, ansonsten rundum zufrieden"},"content":{"rendered":"<p>Nachdem wir Apples neue Drahtlos-Kopfh\u00f6rer nun rund eine Woche im Dauereinsatz genutzt haben, steht f\u00fcr uns fest: Mit den AirPods hat Cupertino eine, wenn nicht sogar DIE interessanteste Produkt-Neuvorstellungen des zur\u00fcckliegenden Jahres abgeliefert.<\/p>\n<p><a href=\"https:\/\/images.iphone-ticker.de\/wp-content\/uploads\/2016\/12\/airpods-einrichten.jpg\"><img loading=\"lazy\" decoding=\"async\" class=\"aligncenter size-full wp-image-106246\" src=\"https:\/\/images.iphone-ticker.de\/wp-content\/uploads\/2016\/12\/airpods-einrichten.jpg\" alt=\"Airpods Einrichten\" width=\"500\" height=\"500\" srcset=\"https:\/\/images.iphone-ticker.de\/wp-content\/uploads\/2016\/12\/airpods-einrichten.jpg 500w, https:\/\/images.iphone-ticker.de\/wp-content\/uploads\/2016\/12\/airpods-einrichten-150x150.jpg 150w, https:\/\/images.iphone-ticker.de\/wp-content\/uploads\/2016\/12\/airpods-einrichten-300x300.jpg 300w\" sizes=\"auto, (max-width: 500px) 100vw, 500px\" \/><\/a><\/p>\n<p>Allein der relativ steile Preis h\u00e4lt uns derzeit noch davon ab, eine uneingeschr\u00e4nkte Kaufempfehlung auszusprechen. W\u00fcrde Apple die kleinen Ohrstecker etwa f\u00fcr 99 Euro \u00fcber den Tresen reichen, solltet ihr keine Sekunde z\u00f6gern. Aktuell jedoch d\u00fcrfte der Preise viele der potentiell interessierten Nutzer jedoch noch von einer Spontanbestellung abhalten.<\/p>\n<p>Und wirklich: Andere Gr\u00fcnde, die gegen die AirPods sprechen, haben wir bislang noch nicht zusammentragen k\u00f6nnen. Weder die fehlende Lautst\u00e4rke-Kontrolle noch die Passform, die Akku-Laufzeit oder die Klangwiedergabe bieten Grund zur Kritik.<\/p>\n<h2><\/h2>\n<h2>Zwei Kritikpunkte<\/h2>\n<p>Zwei Kleinigkeiten k\u00f6nnen wir dennoch anf\u00fchren. Zum einen gef\u00e4llt uns die Klopf-Geste, mit deren Hilfe sich Siri starten bzw. die laufenden Musikwiedergabe pausieren l\u00e4sst, \u00fcberhaupt nicht. Der dumpfe &#8222;Klopfer&#8220; &#8211; der \u00fcbrigens eher unzuverl\u00e4ssig erkannt wird &#8211; wird \u00fcber den AirPod direkt in den Geh\u00f6rgang \u00fcbertragen und f\u00fchlt sich einfach nicht sonderlich angenehm an. Unsere L\u00f6sung: Zum Pausieren entfernen wir einen der AirPods aus dem Ohr &#8211; um die Wiedergabe erneut zu starten, ziehen wir nach wie vor das iPhone aus der Tasche.<\/p>\n<p>Nicklichkeit Nummer 2: Wer seine AirPods aus dem Ohr nimmt, anschlie\u00dfend aber nicht in die Aufbewahrungsbox, sondern einfach nur auf den Schreib- oder den Nachttisch legt, muss damit rechnen, dass sich der Akku relativ schnell entl\u00e4dt. Die Ohrh\u00f6rer verf\u00fcgen (au\u00dferhalb ihrer H\u00fclle) leider nicht \u00fcber einen Standby-Modus. Nicht weiter wild, aber erw\u00e4hnenswert.<\/p>\n<h2>Nutzer-Berichte fast ausschlie\u00dflich positiv<\/h2>\n<p>Auch eure R\u00fcckmeldungen zu den AirPods sind fast ausschlie\u00dflich positiv. Eine der wenigen Ausnahmen: Der Bericht von Denis.<\/p>\n<p><a href=\"https:\/\/images.iphone-ticker.de\/wp-content\/uploads\/2016\/12\/airpods-verarbeitung.jpg\"><img loading=\"lazy\" decoding=\"async\" class=\"aligncenter size-full wp-image-106360\" src=\"https:\/\/images.iphone-ticker.de\/wp-content\/uploads\/2016\/12\/airpods-verarbeitung.jpg\" alt=\"Airpods Verarbeitung\" width=\"700\" height=\"337\" srcset=\"https:\/\/images.iphone-ticker.de\/wp-content\/uploads\/2016\/12\/airpods-verarbeitung.jpg 700w, https:\/\/images.iphone-ticker.de\/wp-content\/uploads\/2016\/12\/airpods-verarbeitung-300x144.jpg 300w\" sizes=\"auto, (max-width: 700px) 100vw, 700px\" \/><\/a>So hat uns der ifun.de-Leser auf einen sichtbaren Verarbeitungsfehler seiner Ohrh\u00f6rer hingewiesen und schreibt:<\/p>\n<blockquote><p>Hallo ifun.de-Team. Ich habe meine AirPods nun auch seit ein paar Tagen. Im Grossen und Ganzen bin ich zufrieden damit, da sie sehr kompakt und mit der Ladeh\u00fclle einfach genial portabel sind. Allerdings hatte ich bislang einmal das Problem dass beide AirPods nicht synchron liefen. Ich musste dann beide aus den Ohren nehmen und wieder einsetzen, damit sie beide neu starteten. Dann war es wieder gut. Ich hoffe dass das nicht noch ein generelles Problem war. Aber wie gesagt, bislang nur einmal.<\/p>\n<p>Was mich mehr st\u00f6rt ist die Verarbeitungsqualit\u00e4t. Einer der beiden AirPods hat eine sehr gut sichtbare Kante, wo Ober- und Unterteil verklebt sind. (Im Bild am rechten AirPods sehr gut sichtbar) Sie st\u00f6rt zwar nicht im Ohr, weswegen ich sie auch behalten werde, aber f\u00fcr 180\u20ac sollte man eigentlich mehr erwarten k\u00f6nnen. Bin noch nicht sicher wie ich damit umgehe und ob ich mich nicht mal noch bei Apple deswegen melde.<\/p><\/blockquote>\n<h2>AirPods im Video<\/h2>\n<p>Das <a href=\"http:\/\/youtu.be\/BrfOYWq4j-s\">deutsche Video<\/a> des Youtubers Robin Schmid passt hervorragend zum Thema und zeigt die AirPods noch mal in aller Ausf\u00fchrlichkeit. Robin ver\u00f6ffentlicht seine Clips sonst auf <a href=\"http:\/\/robin.tv\/\">Robin.tv<\/a> und setzt sich im eingebetteten Video auf rund 15 Minuten mit Apples drahtlose Bluetooth In-Ear-Kopfh\u00f6rern und der Ladeh\u00fclle auseinander.<\/p>\n<p><div class=\"responsive-video\"><iframe loading=\"lazy\" width=\"700\" height=\"371\" src=\"https:\/\/www.youtube-nocookie.com\/embed\/BrfOYWq4j-s\" frameborder=\"0\" allowfullscreen><\/iframe><\/div><\/p>\n","protected":false},"excerpt":{"rendered":"<a href=\"https:\/\/www.iphone-ticker.de\/airpods-im-video-zwei-kritikpunkte-ansonsten-rundum-zufrieden-106359\/\"><img width=\"150\" height=\"150\" src=\"https:\/\/images.iphone-ticker.de\/wp-content\/uploads\/2016\/12\/airpods-verarbeitung-150x150.jpg\" class=\"alignright tfe wp-post-image\" alt=\"Airpods Verarbeitung\" decoding=\"async\" loading=\"lazy\" \/><\/a><p>Nachdem wir Apples neue Drahtlos-Kopfh\u00f6rer nun rund eine Woche im Dauereinsatz genutzt haben, steht f\u00fcr uns fest: Mit den AirPods hat Cupertino eine, wenn nicht sogar DIE interessanteste Produkt-Neuvorstellungen des zur\u00fcckliegenden Jahres abgeliefert. Allein der relativ steile Preis h\u00e4lt uns derzeit noch davon ab, eine uneingeschr\u00e4nkte Kaufempfehlung auszusprechen. W\u00fcrde Apple die kleinen Ohrstecker etwa f\u00fcr [&hellip;]<\/p>\n","protected":false},"author":1,"featured_media":106360,"comment_status":"open","ping_status":"closed","sticky":false,"template":"","format":"standard","meta":{"footnotes":""},"categories":[1,1975],"tags":[3567,3912,32,5239],"class_list":["post-106359","post","type-post","status-publish","format-standard","has-post-thumbnail","hentry","category-news","category-feature","tag-airpods","tag-apple","tag-kritik","tag-zubehoer"],"aioseo_notices":[],"subheadline":["Unser Fazit"],"featured_image":["https:\/\/images.iphone-ticker.de\/wp-content\/uploads\/2016\/12\/airpods-mit-iphone-header.jpg"],"rest_api_enabler":{"subheadline":"Unser Fazit","featured_image":"https:\/\/images.iphone-ticker.de\/wp-content\/uploads\/2016\/12\/airpods-mit-iphone-header.jpg"},"_links":{"self":[{"href":"https:\/\/www.iphone-ticker.de\/apiv2\/wp\/v2\/posts\/106359","targetHints":{"allow":["GET"]}}],"collection":[{"href":"https:\/\/www.iphone-ticker.de\/apiv2\/wp\/v2\/posts"}],"about":[{"href":"https:\/\/www.iphone-ticker.de\/apiv2\/wp\/v2\/types\/post"}],"author":[{"embeddable":true,"href":"https:\/\/www.iphone-ticker.de\/apiv2\/wp\/v2\/users\/1"}],"replies":[{"embeddable":true,"href":"https:\/\/www.iphone-ticker.de\/apiv2\/wp\/v2\/comments?post=106359"}],"version-history":[{"count":3,"href":"https:\/\/www.iphone-ticker.de\/apiv2\/wp\/v2\/posts\/106359\/revisions"}],"predecessor-version":[{"id":106602,"href":"https:\/\/www.iphone-ticker.de\/apiv2\/wp\/v2\/posts\/106359\/revisions\/106602"}],"wp:featuredmedia":[{"embeddable":true,"href":"https:\/\/www.iphone-ticker.de\/apiv2\/wp\/v2\/media\/106360"}],"wp:attachment":[{"href":"https:\/\/www.iphone-ticker.de\/apiv2\/wp\/v2\/media?parent=106359"}],"wp:term":[{"taxonomy":"category","embeddable":true,"href":"https:\/\/www.iphone-ticker.de\/apiv2\/wp\/v2\/categories?post=106359"},{"taxonomy":"post_tag","embeddable":true,"href":"https:\/\/www.iphone-ticker.de\/apiv2\/wp\/v2\/tags?post=106359"}],"curies":[{"name":"wp","href":"https:\/\/api.w.org\/{rel}","templated":true}]}}