{"id":106076,"date":"2016-12-21T11:34:46","date_gmt":"2016-12-21T10:34:46","guid":{"rendered":"https:\/\/www.iphone-ticker.de\/?p=106076"},"modified":"2016-12-21T19:05:12","modified_gmt":"2016-12-21T18:05:12","slug":"codename-ferrari-2017-soll-iphone-top-modell-begleitet-von-7s-varianten-bringen","status":"publish","type":"post","link":"https:\/\/www.iphone-ticker.de\/codename-ferrari-2017-soll-iphone-top-modell-begleitet-von-7s-varianten-bringen-106076\/","title":{"rendered":"2017: Ein iPhone 7s und ein neues Top-Modell"},"content":{"rendered":"<p>Wenn wir auf dem chinesischen Twitter-Pendant Sina Weibo aufgetauchten Dokumenten Glauben schenken, pr\u00e4sentiert Apple im kommenden Jahr neben technisch aktualisierten Modellen von iPhone 7 und iPhone 7 Plus ein komplett neu entwickeltes iPhone-Top-Modell, das derzeit unter dem Codenamen \u201eFerrari\u201c entwickelt wird. \u00dcber besagten Weibo-Account wurden auch in der Vergangenheit schon interne Dokumente und Fotos aus Apple-Zulieferbetrieben in Asien ver\u00f6ffentlicht.<\/p>\n<p><a href=\"https:\/\/images.iphone-ticker.de\/wp-content\/uploads\/2016\/12\/iphone-ferrari-sina-weibo.jpg\"><img loading=\"lazy\" decoding=\"async\" src=\"https:\/\/images.iphone-ticker.de\/wp-content\/uploads\/2016\/12\/iphone-ferrari-sina-weibo.jpg\" alt=\"Iphone Ferrari Sina Weibo\" width=\"500\" height=\"338\" class=\"alignnone size-full wp-image-106078\" srcset=\"https:\/\/images.iphone-ticker.de\/wp-content\/uploads\/2016\/12\/iphone-ferrari-sina-weibo.jpg 500w, https:\/\/images.iphone-ticker.de\/wp-content\/uploads\/2016\/12\/iphone-ferrari-sina-weibo-300x203.jpg 300w\" sizes=\"auto, (max-width: 500px) 100vw, 500px\" \/><\/a><\/p>\n<p>Einem Bericht der chinesischen Webseite cnBeta zufolge (<a href=\"https:\/\/translate.google.com\/translate?sl=auto&amp;tl=de&amp;js=y&amp;prev=_t&amp;hl=de&amp;ie=UTF-8&amp;u=http%3A%2F%2Fwww.cnbeta.com%2Farticles%2F569111.htm&amp;edit-text=\">Google \u00dcbersetzer<\/a>) wird Apple im Herbst 2017 sogenannte \u201eS-Versionen\u201c des iPhone 7 und iPhone 7 Plus ver\u00f6ffentlichen, die vermutlich im \u00fcblichen Rahmen Verbesserungen wie etwa schnellere Prozessoren, mehr Speicher oder eine verbesserte Kamera erhalten. Parallel dazu soll allerdings ein komplett neues High-End-Modell auf den Markt kommen, das dann mit <a href=\"https:\/\/www.iphone-ticker.de\/iphone-8-soll-gewoelbten-oled-bildschirm-aus-kunststoff-erhalten-106021\/\">besagtem<\/a> gew\u00f6lbten OLED-Bildschirm ausgestattet ist, auf die klassische Home-Taste verzichtet und zudem kabellos geladen werden kann.<\/p>\n<p>Im Inneren des \u201eFerrari-iPhone\u201c soll dem Bericht zufolge eine geteilte Hauptplatine arbeiten. Auf die eine der beiden mit Flachbandkabeln verbundenen H\u00e4lften packe Apple die Rechen- und Speicherbausteine, w\u00e4hrend s\u00e4mtliche Kommunikationsmodule auf einer separaten Platine verbaut werden. Diese \u00c4nderungen d\u00fcrften designtechnische Hintergr\u00fcnde haben. Ebenso erw\u00e4gt Apple dem Bericht zufolge, das SIM-Kartenfach nach unten zu verschieben, um im oberen Bereich mehr Platz f\u00fcr interne Komponenten zu schaffen.<\/p>\n<p><h8>Via <a href=\"http:\/\/appleinsider.com\/articles\/16\/12\/20\/supposedly-leaked-apple-document-pegs-three-iphones-for-release-in-2017-top-model-dubbed-ferrari\">AppleInsider<\/a><\/h8><\/p>\n","protected":false},"excerpt":{"rendered":"<a href=\"https:\/\/www.iphone-ticker.de\/codename-ferrari-2017-soll-iphone-top-modell-begleitet-von-7s-varianten-bringen-106076\/\"><img width=\"150\" height=\"150\" src=\"https:\/\/images.iphone-ticker.de\/wp-content\/uploads\/2016\/12\/iphone-ferrari-sina-weibo-150x150.jpg\" class=\"alignright tfe wp-post-image\" alt=\"Iphone Ferrari Sina Weibo\" decoding=\"async\" loading=\"lazy\" \/><\/a><p>Wenn wir auf dem chinesischen Twitter-Pendant Sina Weibo aufgetauchten Dokumenten Glauben schenken, pr\u00e4sentiert Apple im kommenden Jahr neben technisch aktualisierten Modellen von iPhone 7 und iPhone 7 Plus ein komplett neu entwickeltes iPhone-Top-Modell, das derzeit unter dem Codenamen \u201eFerrari\u201c entwickelt wird. \u00dcber besagten Weibo-Account wurden auch in der Vergangenheit schon interne Dokumente und Fotos aus [&hellip;]<\/p>\n","protected":false},"author":2,"featured_media":106078,"comment_status":"open","ping_status":"closed","sticky":false,"template":"","format":"standard","meta":{"footnotes":""},"categories":[6,1975],"tags":[2479,2064,3364],"class_list":["post-106076","post","type-post","status-publish","format-standard","has-post-thumbnail","hentry","category-rumors","category-feature","tag-ferrari","tag-geruechte","tag-iphone-8"],"aioseo_notices":[],"featured_image":["https:\/\/images.iphone-ticker.de\/wp-content\/uploads\/2016\/09\/iphone-7-header.jpg"],"subheadline":["Codename \"Ferrari\""],"rest_api_enabler":{"featured_image":"https:\/\/images.iphone-ticker.de\/wp-content\/uploads\/2016\/09\/iphone-7-header.jpg","subheadline":"Codename \"Ferrari\""},"_links":{"self":[{"href":"https:\/\/www.iphone-ticker.de\/apiv2\/wp\/v2\/posts\/106076","targetHints":{"allow":["GET"]}}],"collection":[{"href":"https:\/\/www.iphone-ticker.de\/apiv2\/wp\/v2\/posts"}],"about":[{"href":"https:\/\/www.iphone-ticker.de\/apiv2\/wp\/v2\/types\/post"}],"author":[{"embeddable":true,"href":"https:\/\/www.iphone-ticker.de\/apiv2\/wp\/v2\/users\/2"}],"replies":[{"embeddable":true,"href":"https:\/\/www.iphone-ticker.de\/apiv2\/wp\/v2\/comments?post=106076"}],"version-history":[{"count":4,"href":"https:\/\/www.iphone-ticker.de\/apiv2\/wp\/v2\/posts\/106076\/revisions"}],"predecessor-version":[{"id":106118,"href":"https:\/\/www.iphone-ticker.de\/apiv2\/wp\/v2\/posts\/106076\/revisions\/106118"}],"wp:featuredmedia":[{"embeddable":true,"href":"https:\/\/www.iphone-ticker.de\/apiv2\/wp\/v2\/media\/106078"}],"wp:attachment":[{"href":"https:\/\/www.iphone-ticker.de\/apiv2\/wp\/v2\/media?parent=106076"}],"wp:term":[{"taxonomy":"category","embeddable":true,"href":"https:\/\/www.iphone-ticker.de\/apiv2\/wp\/v2\/categories?post=106076"},{"taxonomy":"post_tag","embeddable":true,"href":"https:\/\/www.iphone-ticker.de\/apiv2\/wp\/v2\/tags?post=106076"}],"curies":[{"name":"wp","href":"https:\/\/api.w.org\/{rel}","templated":true}]}}