{"id":10603,"date":"2010-04-22T23:03:47","date_gmt":"2010-04-22T21:03:47","guid":{"rendered":"http:\/\/www.iphone-ticker.de\/2010\/04\/22\/vermeintliche-telekom-interna-ipad-nur-bei-apple-extra-tarife-in-planung\/"},"modified":"2010-04-22T23:39:43","modified_gmt":"2010-04-22T21:39:43","slug":"vermeintliche-telekom-interna-ipad-nur-bei-apple-extra-tarife-in-planung","status":"publish","type":"post","link":"https:\/\/www.iphone-ticker.de\/vermeintliche-telekom-interna-ipad-nur-bei-apple-extra-tarife-in-planung-10603\/","title":{"rendered":"Vermeintliche Telekom-Interna: iPad nur bei Apple &#8211; Extra Tarife in Planung"},"content":{"rendered":"<p>Die wohl interessanteste Information des heute Abend von <a href=\"http:\/\/www.apfeltalk.de\/forum\/content\/456-ipadtele.html\">Apfeltalk<\/a> ver\u00f6ffentlichten Entwurfes einer noch <a href=\"http:\/\/img13.abload.de\/img\/news-pressk2up.jpg\">undatierten Telekom-Pressemitteilung<\/a> taucht erst im Kleingedruckten auf Seite drei auf. Demnach, wird das iPad vorerst nicht \u00fcber die \u00fcblichen Telekom-Vertriebskan\u00e4le erh\u00e4ltlich sein. Subventionierte Ger\u00e4te f\u00fcr Kunden die mit dem iPad-Kauf auch einen Datenvertrag abschlie\u00dfen wollen,  wird es vorl\u00e4ufig also nicht geben. Der Alleinvertrieb \u00fcber Apple und ausgew\u00e4hlte Distributionspartner (wie z.B. Saturn oder Mediamarkt)  d\u00fcrfte damit so gut wie sicher sein.<\/p>\n<p>Unabh\u00e4ngig davon scheint die Telekom jedoch an einem eigenen Tarif-Portfolio zu arbeiten, dass &#8211; solange die Authentizit\u00e4t des Schreibens noch nicht gekl\u00e4rt ist &#8211; jedoch mit Vorsicht genossen werden sollte.<\/p>\n<p>So wird es mit der CombiCard Connect S der, CombiCard Connect M und der  CombiCard Connect L drei neue Datenoptionen im Angebot des Mobilfunkproviders geben, die sich in erster Linie durch ihr inkludiertes Datenvolumen unterscheiden.<\/p>\n<p>Die CombiCard Connect S kostet 2,95\u20ac am Tag der Nutzung und beinhaltet 500 Megabyte Datenvolumen. Die CombiCard Connect M (19,95\u20ac) kommt mit 300MB monatlichem Volumen, und erlaubt zudem die Nutzung der Telekom Hotspot-Infrastruktur. Beide Tarife setzen einen (mindestens 29,95\u20ac teuren T-Mobile Tarif voraus).<\/p>\n<p>Die CombiCard Connect L richtet sich an Telekom-Kunden die bereits \u00fcber ein bestehenden Complete-Tarife verf\u00fcgen und bietet f\u00fcr 19,95\u20ac eine auf 3GB begrenzte Monats-Flatrate<\/p>\n","protected":false},"excerpt":{"rendered":"<p>Die wohl interessanteste Information des heute Abend von Apfeltalk ver\u00f6ffentlichten Entwurfes einer noch undatierten Telekom-Pressemitteilung taucht erst im Kleingedruckten auf Seite drei auf. Demnach, wird das iPad vorerst nicht \u00fcber die \u00fcblichen Telekom-Vertriebskan\u00e4le erh\u00e4ltlich sein. Subventionierte Ger\u00e4te f\u00fcr Kunden die mit dem iPad-Kauf auch einen Datenvertrag abschlie\u00dfen wollen, wird es vorl\u00e4ufig also nicht geben. Der [&hellip;]<\/p>\n","protected":false},"author":1,"featured_media":0,"comment_status":"open","ping_status":"closed","sticky":false,"template":"","format":"standard","meta":{"footnotes":""},"categories":[1],"tags":[3912,48,2064,532,3910,37,124,12],"class_list":["post-10603","post","type-post","status-publish","format-standard","hentry","category-news","tag-apple","tag-geld","tag-geruechte","tag-ipad","tag-rumors","tag-t-mobile","tag-tarif","tag-vertrag"],"aioseo_notices":[],"aioseo_head":"\n\t\t<!-- All in One SEO Pro 5.0.1.1 - aioseo.com -->\n\t<meta name=\"description\" content=\"Die wohl interessanteste Information des heute Abend von Apfeltalk ver\u00f6ffentlichten Entwurfes einer noch undatierten Telekom-Pressemitteilung taucht erst im Kleingedruckten auf Seite drei auf. Demnach, wird das iPad vorerst nicht \u00fcber die \u00fcblichen Telekom-Vertriebskan\u00e4le erh\u00e4ltlich sein. Subventionierte Ger\u00e4te f\u00fcr Kunden die mit dem iPad-Kauf auch einen Datenvertrag abschlie\u00dfen wollen, wird es vorl\u00e4ufig also nicht geben. Der\" \/>\n\t<meta name=\"robots\" content=\"max-image-preview:large\" \/>\n\t<meta name=\"author\" content=\"Nicolas\"\/>\n\t<meta name=\"google-site-verification\" content=\"bRuV4_wqNuoQLypC9HVKibZ0X7EtNyELtju97qgyflM\" \/>\n\t<link rel=\"canonical\" href=\"https:\/\/www.iphone-ticker.de\/vermeintliche-telekom-interna-ipad-nur-bei-apple-extra-tarife-in-planung-10603\/\" \/>\n\t<meta name=\"generator\" content=\"All in One SEO Pro (AIOSEO) 5.0.1.1\" \/>\n\t\t<meta property=\"og:locale\" content=\"de_DE\" \/>\n\t\t<meta property=\"og:site_name\" content=\"iphone-ticker.de | Alles zum iPhone. Seit 2007.\" \/>\n\t\t<meta property=\"og:type\" content=\"article\" \/>\n\t\t<meta property=\"og:title\" content=\"Vermeintliche Telekom-Interna: iPad nur bei Apple \u2013 Extra Tarife in Planung | iphone-ticker.de\" \/>\n\t\t<meta property=\"og:description\" content=\"Die wohl interessanteste Information des heute Abend von Apfeltalk ver\u00f6ffentlichten Entwurfes einer noch undatierten Telekom-Pressemitteilung taucht erst im Kleingedruckten auf Seite drei auf. Demnach, wird das iPad vorerst nicht \u00fcber die \u00fcblichen Telekom-Vertriebskan\u00e4le erh\u00e4ltlich sein. Subventionierte Ger\u00e4te f\u00fcr Kunden die mit dem iPad-Kauf auch einen Datenvertrag abschlie\u00dfen wollen, wird es vorl\u00e4ufig also nicht geben. Der\" \/>\n\t\t<meta property=\"og:url\" content=\"https:\/\/www.iphone-ticker.de\/vermeintliche-telekom-interna-ipad-nur-bei-apple-extra-tarife-in-planung-10603\/\" \/>\n\t\t<meta property=\"article:published_time\" content=\"2010-04-22T21:03:47+00:00\" \/>\n\t\t<meta property=\"article:modified_time\" content=\"2010-04-22T21:39:43+00:00\" \/>\n\t\t<meta property=\"article:publisher\" content=\"https:\/\/facebook.com\/ifun.de\" \/>\n\t\t<meta name=\"twitter:card\" content=\"summary_large_image\" \/>\n\t\t<meta name=\"twitter:site\" content=\"@iphoneticker\" \/>\n\t\t<meta name=\"twitter:title\" content=\"Vermeintliche Telekom-Interna: iPad nur bei Apple \u2013 Extra Tarife in Planung | iphone-ticker.de\" \/>\n\t\t<meta name=\"twitter:description\" content=\"Die wohl interessanteste Information des heute Abend von Apfeltalk ver\u00f6ffentlichten Entwurfes einer noch undatierten Telekom-Pressemitteilung taucht erst im Kleingedruckten auf Seite drei auf. Demnach, wird das iPad vorerst nicht \u00fcber die \u00fcblichen Telekom-Vertriebskan\u00e4le erh\u00e4ltlich sein. Subventionierte Ger\u00e4te f\u00fcr Kunden die mit dem iPad-Kauf auch einen Datenvertrag abschlie\u00dfen wollen, wird es vorl\u00e4ufig also nicht geben. Der\" \/>\n\t\t<meta name=\"twitter:creator\" content=\"@iphoneticker\" \/>\n\t\t<script type=\"application\/ld+json\" class=\"aioseo-schema\">\n\t\t\t{\"@context\":\"https:\\\/\\\/schema.org\",\"@graph\":[{\"@type\":\"BreadcrumbList\",\"@id\":\"https:\\\/\\\/www.iphone-ticker.de\\\/vermeintliche-telekom-interna-ipad-nur-bei-apple-extra-tarife-in-planung-10603\\\/#breadcrumblist\",\"itemListElement\":[{\"@type\":\"ListItem\",\"@id\":\"https:\\\/\\\/www.iphone-ticker.de#listItem\",\"position\":1,\"name\":\"Home\",\"item\":\"https:\\\/\\\/www.iphone-ticker.de\",\"nextItem\":{\"@type\":\"ListItem\",\"@id\":\"https:\\\/\\\/www.iphone-ticker.de\\\/category\\\/news\\\/#listItem\",\"name\":\"News\"}},{\"@type\":\"ListItem\",\"@id\":\"https:\\\/\\\/www.iphone-ticker.de\\\/category\\\/news\\\/#listItem\",\"position\":2,\"name\":\"News\",\"item\":\"https:\\\/\\\/www.iphone-ticker.de\\\/category\\\/news\\\/\",\"nextItem\":{\"@type\":\"ListItem\",\"@id\":\"https:\\\/\\\/www.iphone-ticker.de\\\/vermeintliche-telekom-interna-ipad-nur-bei-apple-extra-tarife-in-planung-10603\\\/#listItem\",\"name\":\"Vermeintliche Telekom-Interna: iPad nur bei Apple &#8211; Extra Tarife in Planung\"},\"previousItem\":{\"@type\":\"ListItem\",\"@id\":\"https:\\\/\\\/www.iphone-ticker.de#listItem\",\"name\":\"Home\"}},{\"@type\":\"ListItem\",\"@id\":\"https:\\\/\\\/www.iphone-ticker.de\\\/vermeintliche-telekom-interna-ipad-nur-bei-apple-extra-tarife-in-planung-10603\\\/#listItem\",\"position\":3,\"name\":\"Vermeintliche Telekom-Interna: iPad nur bei Apple &#8211; Extra Tarife in Planung\",\"previousItem\":{\"@type\":\"ListItem\",\"@id\":\"https:\\\/\\\/www.iphone-ticker.de\\\/category\\\/news\\\/#listItem\",\"name\":\"News\"}}]},{\"@type\":\"NewsArticle\",\"@id\":\"https:\\\/\\\/www.iphone-ticker.de\\\/vermeintliche-telekom-interna-ipad-nur-bei-apple-extra-tarife-in-planung-10603\\\/#newsarticle\",\"name\":\"Vermeintliche Telekom-Interna: iPad nur bei Apple \\u2013 Extra Tarife in Planung | iphone-ticker.de\",\"headline\":\"Vermeintliche Telekom-Interna: iPad nur bei Apple &#8211; Extra Tarife in Planung\",\"author\":{\"@id\":\"https:\\\/\\\/www.iphone-ticker.de\\\/author\\\/admin\\\/#author\"},\"publisher\":{\"@id\":\"https:\\\/\\\/www.iphone-ticker.de\\\/#organization\"},\"image\":{\"@type\":\"ImageObject\",\"url\":\"https:\\\/\\\/images.iphone-ticker.de\\\/wp-content\\\/uploads\\\/2026\\\/02\\\/apple-touch-icon.png\",\"@id\":\"https:\\\/\\\/www.iphone-ticker.de\\\/#articleImage\",\"width\":1024,\"height\":1024,\"caption\":\"Apple Touch Icon\"},\"datePublished\":\"2010-04-22T23:03:47+02:00\",\"dateModified\":\"2010-04-22T23:39:43+02:00\",\"inLanguage\":\"de-DE\",\"commentCount\":56,\"mainEntityOfPage\":{\"@id\":\"https:\\\/\\\/www.iphone-ticker.de\\\/vermeintliche-telekom-interna-ipad-nur-bei-apple-extra-tarife-in-planung-10603\\\/#webpage\"},\"isPartOf\":{\"@id\":\"https:\\\/\\\/www.iphone-ticker.de\\\/vermeintliche-telekom-interna-ipad-nur-bei-apple-extra-tarife-in-planung-10603\\\/#webpage\"},\"articleSection\":\"News, Apple, Geld, Ger\\u00fcchte, iPad, Rumors, T-Mobile, Tarif, Vertrag\",\"dateline\":\"Ver\\u00f6ffentlicht am April 22, 2010.\"},{\"@type\":\"Organization\",\"@id\":\"https:\\\/\\\/www.iphone-ticker.de\\\/#organization\",\"name\":\"aketo GmbH\",\"description\":\"Die aketo GmbH versorgt das deutschsprachige Internet mit den f\\u00fchrenden Nachrichtenangeboten zu Apple, dem iPhone, dem iPad und Apples Lifestyle-Produkten. Konzepte, Redaktion, Recherchen und Archiv.\",\"url\":\"https:\\\/\\\/www.iphone-ticker.de\\\/\",\"email\":\"ifun.de@gmail.com\",\"telephone\":\"+493057707123\",\"foundingDate\":\"2007-01-01\",\"logo\":{\"@type\":\"ImageObject\",\"url\":\"https:\\\/\\\/images.iphone-ticker.de\\\/wp-content\\\/uploads\\\/2026\\\/02\\\/apple-touch-icon.png\",\"@id\":\"https:\\\/\\\/www.iphone-ticker.de\\\/vermeintliche-telekom-interna-ipad-nur-bei-apple-extra-tarife-in-planung-10603\\\/#organizationLogo\",\"width\":1024,\"height\":1024,\"caption\":\"Apple Touch Icon\"},\"image\":{\"@id\":\"https:\\\/\\\/www.iphone-ticker.de\\\/vermeintliche-telekom-interna-ipad-nur-bei-apple-extra-tarife-in-planung-10603\\\/#organizationLogo\"},\"sameAs\":[\"https:\\\/\\\/facebook.com\\\/ifun.de\",\"https:\\\/\\\/x.com\\\/iphoneticker\"]},{\"@type\":\"Person\",\"@id\":\"https:\\\/\\\/www.iphone-ticker.de\\\/author\\\/admin\\\/#author\",\"url\":\"https:\\\/\\\/www.iphone-ticker.de\\\/author\\\/admin\\\/\",\"name\":\"Nicolas\"},{\"@type\":\"WebPage\",\"@id\":\"https:\\\/\\\/www.iphone-ticker.de\\\/vermeintliche-telekom-interna-ipad-nur-bei-apple-extra-tarife-in-planung-10603\\\/#webpage\",\"url\":\"https:\\\/\\\/www.iphone-ticker.de\\\/vermeintliche-telekom-interna-ipad-nur-bei-apple-extra-tarife-in-planung-10603\\\/\",\"name\":\"Vermeintliche Telekom-Interna: iPad nur bei Apple \\u2013 Extra Tarife in Planung | iphone-ticker.de\",\"description\":\"Die wohl interessanteste Information des heute Abend von Apfeltalk ver\\u00f6ffentlichten Entwurfes einer noch undatierten Telekom-Pressemitteilung taucht erst im Kleingedruckten auf Seite drei auf. Demnach, wird das iPad vorerst nicht \\u00fcber die \\u00fcblichen Telekom-Vertriebskan\\u00e4le erh\\u00e4ltlich sein. Subventionierte Ger\\u00e4te f\\u00fcr Kunden die mit dem iPad-Kauf auch einen Datenvertrag abschlie\\u00dfen wollen, wird es vorl\\u00e4ufig also nicht geben. Der\",\"inLanguage\":\"de-DE\",\"isPartOf\":{\"@id\":\"https:\\\/\\\/www.iphone-ticker.de\\\/#website\"},\"breadcrumb\":{\"@id\":\"https:\\\/\\\/www.iphone-ticker.de\\\/vermeintliche-telekom-interna-ipad-nur-bei-apple-extra-tarife-in-planung-10603\\\/#breadcrumblist\"},\"author\":{\"@id\":\"https:\\\/\\\/www.iphone-ticker.de\\\/author\\\/admin\\\/#author\"},\"creator\":{\"@id\":\"https:\\\/\\\/www.iphone-ticker.de\\\/author\\\/admin\\\/#author\"},\"datePublished\":\"2010-04-22T23:03:47+02:00\",\"dateModified\":\"2010-04-22T23:39:43+02:00\"},{\"@type\":\"WebSite\",\"@id\":\"https:\\\/\\\/www.iphone-ticker.de\\\/#website\",\"url\":\"https:\\\/\\\/www.iphone-ticker.de\\\/\",\"name\":\"iphone-ticker.de\",\"description\":\"Alles zum iPhone. Seit 2007.\",\"inLanguage\":\"de-DE\",\"publisher\":{\"@id\":\"https:\\\/\\\/www.iphone-ticker.de\\\/#organization\"}}]}\n\t\t<\/script>\n\t\t<!-- All in One SEO Pro -->\r\n\t\t<title>Vermeintliche Telekom-Interna: iPad nur bei Apple \u2013 Extra Tarife in Planung | iphone-ticker.de<\/title>\n\n","aioseo_head_json":{"title":"Vermeintliche Telekom-Interna: iPad nur bei Apple \u2013 Extra Tarife in Planung | iphone-ticker.de","description":"Die wohl interessanteste Information des heute Abend von Apfeltalk ver\u00f6ffentlichten Entwurfes einer noch undatierten Telekom-Pressemitteilung taucht erst im Kleingedruckten auf Seite drei auf. Demnach, wird das iPad vorerst nicht \u00fcber die \u00fcblichen Telekom-Vertriebskan\u00e4le erh\u00e4ltlich sein. Subventionierte Ger\u00e4te f\u00fcr Kunden die mit dem iPad-Kauf auch einen Datenvertrag abschlie\u00dfen wollen, wird es vorl\u00e4ufig also nicht geben. Der","canonical_url":"https:\/\/www.iphone-ticker.de\/vermeintliche-telekom-interna-ipad-nur-bei-apple-extra-tarife-in-planung-10603\/","robots":"max-image-preview:large","keywords":"","webmasterTools":{"google-site-verification":"bRuV4_wqNuoQLypC9HVKibZ0X7EtNyELtju97qgyflM","miscellaneous":""},"schema":{"@context":"https:\/\/schema.org","@graph":[{"@type":"BreadcrumbList","@id":"https:\/\/www.iphone-ticker.de\/vermeintliche-telekom-interna-ipad-nur-bei-apple-extra-tarife-in-planung-10603\/#breadcrumblist","itemListElement":[{"@type":"ListItem","@id":"https:\/\/www.iphone-ticker.de#listItem","position":1,"name":"Home","item":"https:\/\/www.iphone-ticker.de","nextItem":{"@type":"ListItem","@id":"https:\/\/www.iphone-ticker.de\/category\/news\/#listItem","name":"News"}},{"@type":"ListItem","@id":"https:\/\/www.iphone-ticker.de\/category\/news\/#listItem","position":2,"name":"News","item":"https:\/\/www.iphone-ticker.de\/category\/news\/","nextItem":{"@type":"ListItem","@id":"https:\/\/www.iphone-ticker.de\/vermeintliche-telekom-interna-ipad-nur-bei-apple-extra-tarife-in-planung-10603\/#listItem","name":"Vermeintliche Telekom-Interna: iPad nur bei Apple &#8211; Extra Tarife in Planung"},"previousItem":{"@type":"ListItem","@id":"https:\/\/www.iphone-ticker.de#listItem","name":"Home"}},{"@type":"ListItem","@id":"https:\/\/www.iphone-ticker.de\/vermeintliche-telekom-interna-ipad-nur-bei-apple-extra-tarife-in-planung-10603\/#listItem","position":3,"name":"Vermeintliche Telekom-Interna: iPad nur bei Apple &#8211; Extra Tarife in Planung","previousItem":{"@type":"ListItem","@id":"https:\/\/www.iphone-ticker.de\/category\/news\/#listItem","name":"News"}}]},{"@type":"NewsArticle","@id":"https:\/\/www.iphone-ticker.de\/vermeintliche-telekom-interna-ipad-nur-bei-apple-extra-tarife-in-planung-10603\/#newsarticle","name":"Vermeintliche Telekom-Interna: iPad nur bei Apple \u2013 Extra Tarife in Planung | iphone-ticker.de","headline":"Vermeintliche Telekom-Interna: iPad nur bei Apple &#8211; Extra Tarife in Planung","author":{"@id":"https:\/\/www.iphone-ticker.de\/author\/admin\/#author"},"publisher":{"@id":"https:\/\/www.iphone-ticker.de\/#organization"},"image":{"@type":"ImageObject","url":"https:\/\/images.iphone-ticker.de\/wp-content\/uploads\/2026\/02\/apple-touch-icon.png","@id":"https:\/\/www.iphone-ticker.de\/#articleImage","width":1024,"height":1024,"caption":"Apple Touch Icon"},"datePublished":"2010-04-22T23:03:47+02:00","dateModified":"2010-04-22T23:39:43+02:00","inLanguage":"de-DE","commentCount":56,"mainEntityOfPage":{"@id":"https:\/\/www.iphone-ticker.de\/vermeintliche-telekom-interna-ipad-nur-bei-apple-extra-tarife-in-planung-10603\/#webpage"},"isPartOf":{"@id":"https:\/\/www.iphone-ticker.de\/vermeintliche-telekom-interna-ipad-nur-bei-apple-extra-tarife-in-planung-10603\/#webpage"},"articleSection":"News, Apple, Geld, Ger\u00fcchte, iPad, Rumors, T-Mobile, Tarif, Vertrag","dateline":"Ver\u00f6ffentlicht am April 22, 2010."},{"@type":"Organization","@id":"https:\/\/www.iphone-ticker.de\/#organization","name":"aketo GmbH","description":"Die aketo GmbH versorgt das deutschsprachige Internet mit den f\u00fchrenden Nachrichtenangeboten zu Apple, dem iPhone, dem iPad und Apples Lifestyle-Produkten. Konzepte, Redaktion, Recherchen und Archiv.","url":"https:\/\/www.iphone-ticker.de\/","email":"ifun.de@gmail.com","telephone":"+493057707123","foundingDate":"2007-01-01","logo":{"@type":"ImageObject","url":"https:\/\/images.iphone-ticker.de\/wp-content\/uploads\/2026\/02\/apple-touch-icon.png","@id":"https:\/\/www.iphone-ticker.de\/vermeintliche-telekom-interna-ipad-nur-bei-apple-extra-tarife-in-planung-10603\/#organizationLogo","width":1024,"height":1024,"caption":"Apple Touch Icon"},"image":{"@id":"https:\/\/www.iphone-ticker.de\/vermeintliche-telekom-interna-ipad-nur-bei-apple-extra-tarife-in-planung-10603\/#organizationLogo"},"sameAs":["https:\/\/facebook.com\/ifun.de","https:\/\/x.com\/iphoneticker"]},{"@type":"Person","@id":"https:\/\/www.iphone-ticker.de\/author\/admin\/#author","url":"https:\/\/www.iphone-ticker.de\/author\/admin\/","name":"Nicolas"},{"@type":"WebPage","@id":"https:\/\/www.iphone-ticker.de\/vermeintliche-telekom-interna-ipad-nur-bei-apple-extra-tarife-in-planung-10603\/#webpage","url":"https:\/\/www.iphone-ticker.de\/vermeintliche-telekom-interna-ipad-nur-bei-apple-extra-tarife-in-planung-10603\/","name":"Vermeintliche Telekom-Interna: iPad nur bei Apple \u2013 Extra Tarife in Planung | iphone-ticker.de","description":"Die wohl interessanteste Information des heute Abend von Apfeltalk ver\u00f6ffentlichten Entwurfes einer noch undatierten Telekom-Pressemitteilung taucht erst im Kleingedruckten auf Seite drei auf. Demnach, wird das iPad vorerst nicht \u00fcber die \u00fcblichen Telekom-Vertriebskan\u00e4le erh\u00e4ltlich sein. Subventionierte Ger\u00e4te f\u00fcr Kunden die mit dem iPad-Kauf auch einen Datenvertrag abschlie\u00dfen wollen, wird es vorl\u00e4ufig also nicht geben. Der","inLanguage":"de-DE","isPartOf":{"@id":"https:\/\/www.iphone-ticker.de\/#website"},"breadcrumb":{"@id":"https:\/\/www.iphone-ticker.de\/vermeintliche-telekom-interna-ipad-nur-bei-apple-extra-tarife-in-planung-10603\/#breadcrumblist"},"author":{"@id":"https:\/\/www.iphone-ticker.de\/author\/admin\/#author"},"creator":{"@id":"https:\/\/www.iphone-ticker.de\/author\/admin\/#author"},"datePublished":"2010-04-22T23:03:47+02:00","dateModified":"2010-04-22T23:39:43+02:00"},{"@type":"WebSite","@id":"https:\/\/www.iphone-ticker.de\/#website","url":"https:\/\/www.iphone-ticker.de\/","name":"iphone-ticker.de","description":"Alles zum iPhone. Seit 2007.","inLanguage":"de-DE","publisher":{"@id":"https:\/\/www.iphone-ticker.de\/#organization"}}]},"og:locale":"de_DE","og:site_name":"iphone-ticker.de | Alles zum iPhone. Seit 2007.","og:type":"article","og:title":"Vermeintliche Telekom-Interna: iPad nur bei Apple \u2013 Extra Tarife in Planung | iphone-ticker.de","og:description":"Die wohl interessanteste Information des heute Abend von Apfeltalk ver\u00f6ffentlichten Entwurfes einer noch undatierten Telekom-Pressemitteilung taucht erst im Kleingedruckten auf Seite drei auf. Demnach, wird das iPad vorerst nicht \u00fcber die \u00fcblichen Telekom-Vertriebskan\u00e4le erh\u00e4ltlich sein. Subventionierte Ger\u00e4te f\u00fcr Kunden die mit dem iPad-Kauf auch einen Datenvertrag abschlie\u00dfen wollen, wird es vorl\u00e4ufig also nicht geben. Der","og:url":"https:\/\/www.iphone-ticker.de\/vermeintliche-telekom-interna-ipad-nur-bei-apple-extra-tarife-in-planung-10603\/","article:published_time":"2010-04-22T21:03:47+00:00","article:modified_time":"2010-04-22T21:39:43+00:00","article:publisher":"https:\/\/facebook.com\/ifun.de","twitter:card":"summary_large_image","twitter:site":"@iphoneticker","twitter:title":"Vermeintliche Telekom-Interna: iPad nur bei Apple \u2013 Extra Tarife in Planung | iphone-ticker.de","twitter:description":"Die wohl interessanteste Information des heute Abend von Apfeltalk ver\u00f6ffentlichten Entwurfes einer noch undatierten Telekom-Pressemitteilung taucht erst im Kleingedruckten auf Seite drei auf. Demnach, wird das iPad vorerst nicht \u00fcber die \u00fcblichen Telekom-Vertriebskan\u00e4le erh\u00e4ltlich sein. Subventionierte Ger\u00e4te f\u00fcr Kunden die mit dem iPad-Kauf auch einen Datenvertrag abschlie\u00dfen wollen, wird es vorl\u00e4ufig also nicht geben. Der","twitter:creator":"@iphoneticker"},"aioseo_meta_data":{"post_id":"10603","title":null,"description":null,"keywords":null,"keyphrases":null,"primary_term":null,"canonical_url":null,"og_title":null,"og_description":null,"og_object_type":"default","og_image_type":"default","og_image_url":null,"og_image_width":null,"og_image_height":null,"og_image_custom_url":null,"og_image_custom_fields":null,"og_video":null,"og_custom_url":null,"og_article_section":null,"og_article_tags":null,"twitter_use_og":false,"twitter_card":"default","twitter_image_type":"default","twitter_image_url":null,"twitter_image_custom_url":null,"twitter_image_custom_fields":null,"twitter_title":null,"twitter_description":null,"schema":{"blockGraphs":[],"customGraphs":[],"default":{"data":{"Article":[],"Course":[],"Dataset":[],"FAQPage":[],"Movie":[],"Person":[],"Product":[],"ProductReview":[],"Car":[],"Recipe":[],"Service":[],"SoftwareApplication":[],"WebPage":[]},"graphName":"NewsArticle","isEnabled":true},"graphs":[]},"schema_type":"default","schema_type_options":null,"pillar_content":false,"robots_default":true,"robots_noindex":false,"robots_noarchive":false,"robots_nosnippet":false,"robots_nofollow":false,"robots_noimageindex":false,"robots_noodp":false,"robots_notranslate":false,"robots_max_snippet":null,"robots_max_videopreview":null,"robots_max_imagepreview":"large","priority":null,"frequency":null,"local_seo":null,"seo_analyzer_scan_date":"2026-06-30 14:11:34","breadcrumb_settings":null,"limit_modified_date":false,"open_ai":null,"ai":null,"created":"2026-02-20 23:02:08","updated":"2026-06-30 14:11:34","focus_keyword":null,"additional_keywords":null,"truseo_locale":null},"aioseo_breadcrumb":"<div class=\"aioseo-breadcrumbs\"><span class=\"aioseo-breadcrumb\">\n\t<a href=\"https:\/\/www.iphone-ticker.de\" title=\"Home\">Home<\/a>\n<\/span><span class=\"aioseo-breadcrumb-separator\">\u00bb<\/span><span class=\"aioseo-breadcrumb\">\n\t<a href=\"https:\/\/www.iphone-ticker.de\/category\/news\/\" title=\"News\">News<\/a>\n<\/span><span class=\"aioseo-breadcrumb-separator\">\u00bb<\/span><span class=\"aioseo-breadcrumb\">\n\tVermeintliche Telekom-Interna: iPad nur bei Apple \u2013 Extra Tarife in Planung\n<\/span><\/div>","aioseo_breadcrumb_json":[{"label":"Home","link":"https:\/\/www.iphone-ticker.de"},{"label":"News","link":"https:\/\/www.iphone-ticker.de\/category\/news\/"},{"label":"Vermeintliche Telekom-Interna: iPad nur bei Apple &#8211; Extra Tarife in Planung","link":"https:\/\/www.iphone-ticker.de\/vermeintliche-telekom-interna-ipad-nur-bei-apple-extra-tarife-in-planung-10603\/"}],"rest_api_enabler":[],"_links":{"self":[{"href":"https:\/\/www.iphone-ticker.de\/apiv2\/wp\/v2\/posts\/10603","targetHints":{"allow":["GET"]}}],"collection":[{"href":"https:\/\/www.iphone-ticker.de\/apiv2\/wp\/v2\/posts"}],"about":[{"href":"https:\/\/www.iphone-ticker.de\/apiv2\/wp\/v2\/types\/post"}],"author":[{"embeddable":true,"href":"https:\/\/www.iphone-ticker.de\/apiv2\/wp\/v2\/users\/1"}],"replies":[{"embeddable":true,"href":"https:\/\/www.iphone-ticker.de\/apiv2\/wp\/v2\/comments?post=10603"}],"version-history":[{"count":0,"href":"https:\/\/www.iphone-ticker.de\/apiv2\/wp\/v2\/posts\/10603\/revisions"}],"wp:attachment":[{"href":"https:\/\/www.iphone-ticker.de\/apiv2\/wp\/v2\/media?parent=10603"}],"wp:term":[{"taxonomy":"category","embeddable":true,"href":"https:\/\/www.iphone-ticker.de\/apiv2\/wp\/v2\/categories?post=10603"},{"taxonomy":"post_tag","embeddable":true,"href":"https:\/\/www.iphone-ticker.de\/apiv2\/wp\/v2\/tags?post=10603"}],"curies":[{"name":"wp","href":"https:\/\/api.w.org\/{rel}","templated":true}]}}