{"id":10481,"date":"2010-04-12T22:53:21","date_gmt":"2010-04-12T20:53:21","guid":{"rendered":"http:\/\/www.iphone-ticker.de\/2010\/04\/12\/navigon-kundigt-losung-fur-d-a-ch-kaufer-und-euro-update-an\/"},"modified":"2010-04-13T00:40:18","modified_gmt":"2010-04-12T22:40:18","slug":"navigon-kundigt-losung-fur-d-a-ch-kaufer-und-euro-update-an","status":"publish","type":"post","link":"https:\/\/www.iphone-ticker.de\/navigon-kundigt-losung-fur-d-a-ch-kaufer-und-euro-update-an-10481\/","title":{"rendered":"Navigon k\u00fcndigt L\u00f6sung f\u00fcr DACH-K\u00e4ufer &#038; Euro-Update an"},"content":{"rendered":"<p>Eine gute Nachricht f\u00fcr alle Navigon D-A-CH-Kunden: Der Hersteller hat \u00fcber <a href=\"http:\/\/twitter.com\/NAVIGON_\/status\/12057241048\">Twitter<\/a> bekannt gegeben, dass es in ein paar Tagen eine &#8222;zukunftsf\u00e4hige L\u00f6sung&#8220; f\u00fcr das <a href=\"http:\/\/www.iphone-ticker.de\/2010\/04\/10\/navigon-arger-wegen-verschwundener-d-a-ch-version\/\">hier<\/a> ausgiebig diskutierte Update-Problem geben wird. <em>(Danke f\u00fcr eure Mails)<\/em><\/p>\n<p>Bei dieser Gelegenheit auch eine Info zum Stand der Dinge im Bezug auf die Audioprobleme mit der 1.5 Europaversion: Die Sache scheint recht komplex, aber wie jetzt von Navigon zu h\u00f6ren ist, laufen die letzten Tests &#8211; ein Update sollte bald bereitstehen.<\/p>\n<p style=\"text-align: center\"><img decoding=\"async\" src=\"http:\/\/www.iphone-ticker.de\/wp-content\/uploads\/2010\/04\/navigonentschuldigung.jpg\" alt=\"navigonentschuldigung.jpg\" \/><\/p>\n","protected":false},"excerpt":{"rendered":"<a href=\"https:\/\/www.iphone-ticker.de\/navigon-kundigt-losung-fur-d-a-ch-kaufer-und-euro-update-an-10481\/\"><img decoding=\"async\" width=\"150\" src=\"http:\/\/www.iphone-ticker.de\/wp-content\/uploads\/2010\/04\/navigonentschuldigung.jpg\" class=\"alignright wp-post-image tfe\" alt=\"navigonentschuldigung.jpg\" title=\"\" \/><\/a><p>Eine gute Nachricht f\u00fcr alle Navigon D-A-CH-Kunden: Der Hersteller hat \u00fcber Twitter bekannt gegeben, dass es in ein paar Tagen eine &#8222;zukunftsf\u00e4hige L\u00f6sung&#8220; f\u00fcr das hier ausgiebig diskutierte Update-Problem geben wird. (Danke f\u00fcr eure Mails) Bei dieser Gelegenheit auch eine Info zum Stand der Dinge im Bezug auf die Audioprobleme mit der 1.5 Europaversion: Die [&hellip;]<\/p>\n","protected":false},"author":2,"featured_media":0,"comment_status":"open","ping_status":"closed","sticky":false,"template":"","format":"standard","meta":{"footnotes":""},"categories":[1],"tags":[417,115],"class_list":["post-10481","post","type-post","status-publish","format-standard","hentry","category-news","tag-navigon","tag-update"],"aioseo_notices":[],"rest_api_enabler":[],"_links":{"self":[{"href":"https:\/\/www.iphone-ticker.de\/apiv2\/wp\/v2\/posts\/10481","targetHints":{"allow":["GET"]}}],"collection":[{"href":"https:\/\/www.iphone-ticker.de\/apiv2\/wp\/v2\/posts"}],"about":[{"href":"https:\/\/www.iphone-ticker.de\/apiv2\/wp\/v2\/types\/post"}],"author":[{"embeddable":true,"href":"https:\/\/www.iphone-ticker.de\/apiv2\/wp\/v2\/users\/2"}],"replies":[{"embeddable":true,"href":"https:\/\/www.iphone-ticker.de\/apiv2\/wp\/v2\/comments?post=10481"}],"version-history":[{"count":0,"href":"https:\/\/www.iphone-ticker.de\/apiv2\/wp\/v2\/posts\/10481\/revisions"}],"wp:attachment":[{"href":"https:\/\/www.iphone-ticker.de\/apiv2\/wp\/v2\/media?parent=10481"}],"wp:term":[{"taxonomy":"category","embeddable":true,"href":"https:\/\/www.iphone-ticker.de\/apiv2\/wp\/v2\/categories?post=10481"},{"taxonomy":"post_tag","embeddable":true,"href":"https:\/\/www.iphone-ticker.de\/apiv2\/wp\/v2\/tags?post=10481"}],"curies":[{"name":"wp","href":"https:\/\/api.w.org\/{rel}","templated":true}]}}