{"id":104740,"date":"2016-11-19T11:45:45","date_gmt":"2016-11-19T10:45:45","guid":{"rendered":"https:\/\/www.iphone-ticker.de\/?p=104740"},"modified":"2016-11-19T11:45:45","modified_gmt":"2016-11-19T10:45:45","slug":"wirtschafts-woche-der-apple-store-ist-der-arsch","status":"publish","type":"post","link":"https:\/\/www.iphone-ticker.de\/wirtschafts-woche-der-apple-store-ist-der-arsch-104740\/","title":{"rendered":"Wirtschafts Woche: &#8222;Der Apple Store ist der Arsch&#8230;&#8220;"},"content":{"rendered":"<p>&#8222;&#8230;mit dem Apple alles wieder einrei\u00dft, was der Konzern vorher mit Hochglanz-Marketing aufgebaut hat.&#8220;<\/p>\n<p>Unter der \u00dcberschrift <a href=\"http:\/\/www.wiwo.de\/unternehmen\/it\/werner-knallhart-service-im-apple-store-ueberfreundliche-ueberforderung\/14846614.html\">\u00dcberfreundliche \u00dcberforderung<\/a> hat der Handelsblatt-Redakteur und WDR-Moderator <a href=\"http:\/\/www.marcuswerner3000.de\/\">Marcus Werner<\/a> eine WiWo-Kolumne \u00fcber seinen Service-Besuch im Berliner Apple Store verfasst und l\u00e4sst hier nicht nur seinem Unmut \u00fcber den anvisierten aber fehlgeschlagenen iPhone-Tausch freien Lauf, sondern warnt auch vor einer Falle, in die man als Filial-Besucher tappen kann: Dem Apple-Store-Syndrom.<\/p>\n<p><a href=\"https:\/\/images.iphone-ticker.de\/wp-content\/uploads\/2016\/10\/apple-store-regent-street-6.jpg\"><img loading=\"lazy\" decoding=\"async\" class=\"aligncenter size-full wp-image-103136\" src=\"https:\/\/images.iphone-ticker.de\/wp-content\/uploads\/2016\/10\/apple-store-regent-street-6.jpg\" alt=\"Apple Store Regent Street 6\" width=\"500\" height=\"333\" srcset=\"https:\/\/images.iphone-ticker.de\/wp-content\/uploads\/2016\/10\/apple-store-regent-street-6.jpg 500w, https:\/\/images.iphone-ticker.de\/wp-content\/uploads\/2016\/10\/apple-store-regent-street-6-300x200.jpg 300w\" sizes=\"auto, (max-width: 500px) 100vw, 500px\" \/><\/a><br \/>\nZwar sind weite Teile des kritischen Erfahrungsberichtes eher belanglos denn als Beleg f\u00fcr eine gescheiterte Kundenkommunikation zu werten &#8211; ohne Termin wird man auch in der Autowerkstatt warten m\u00fcssen &#8211; zwischen den Zeilen offenbart der Text jedoch auch ganz substanzielle Probleme der Hauptstadt-Filiale.<\/p>\n<p>So zitiert Werner die Store-Managerin mit den Worten:<\/p>\n<blockquote><p>Wir m\u00fcssen in diesem Store halb Osteuropa mit abdecken. Wir sind einfach zu wenig Leute. Guck dich um. Wenn du dringend bedient werden willst, dann empfehle ich dir: Geh zu Gravis. Allerdings bekommst du da kein Ersatzger\u00e4t.<\/p><\/blockquote>\n<p>Zum eigentlichen Problem: Das Ger\u00e4t des Kolumnisten hat mit <a href=\"https:\/\/www.iphone-ticker.de\/akkuprobleme-mit-dem-iphone-6s-bestehen-auch-unter-ios-10-1-1-104096\/\">dem Akku-Problem<\/a> zu k\u00e4mpfen, das f\u00fcr den pl\u00f6tzlichen Shutdown betroffener iPhone-Modelle sorgt &#8211; <a href=\"https:\/\/www.iphone-ticker.de\/akkuprobleme-beim-iphone-6-chinesische-verbraucherschuetzer-machen-druck-104618\/\">ifun.de berichtete<\/a>.<\/p>\n<p>Da ihm der postalische Express-Austausch zu umst\u00e4ndlich erschien, wurde Werner, bewaffnet mit der Zusatzversicherung Apple Care+, im Store vorstellig und fordert den sofortigen Ger\u00e4tetausch sowie ein grunds\u00e4tzlich kulanteres Verhalten ein. Apples Angebote, einen der nur <a href=\"http:\/\/www.ifun.de\/genius-bar-im-apple-store-neue-terminvergabepraxis-82289\/\">schwer zu ergatternden<\/a> Termine zu vereinbaren, den Defekt innerhalb der n\u00e4chsten drei Stunden zu adressieren oder einfach doch auf den Express-Austausch zu setzen lehnte der Coach, Moderator und Buchautor ab.<\/p>\n<p><a href=\"http:\/\/www.wiwo.de\/unternehmen\/it\/werner-knallhart-service-im-apple-store-ueberfreundliche-ueberforderung\/14846614.html\">Werner diagnostiziert<\/a>: Der Apple Store ist die Achilles-Ferse Cupertinos.<\/p>\n<p><h8>Danke Daniel.<\/h8><\/p>\n","protected":false},"excerpt":{"rendered":"<a href=\"https:\/\/www.iphone-ticker.de\/wirtschafts-woche-der-apple-store-ist-der-arsch-104740\/\"><img decoding=\"async\" width=\"150\" src=\"https:\/\/images.iphone-ticker.de\/wp-content\/uploads\/2016\/10\/apple-store-regent-street-6.jpg\" class=\"alignright wp-post-image tfe\" alt=\"Apple Store Regent Street 6\" title=\"\" \/><\/a><p>&#8222;&#8230;mit dem Apple alles wieder einrei\u00dft, was der Konzern vorher mit Hochglanz-Marketing aufgebaut hat.&#8220; Unter der \u00dcberschrift \u00dcberfreundliche \u00dcberforderung hat der Handelsblatt-Redakteur und WDR-Moderator Marcus Werner eine WiWo-Kolumne \u00fcber seinen Service-Besuch im Berliner Apple Store verfasst und l\u00e4sst hier nicht nur seinem Unmut \u00fcber den anvisierten aber fehlgeschlagenen iPhone-Tausch freien Lauf, sondern warnt auch vor [&hellip;]<\/p>\n","protected":false},"author":1,"featured_media":0,"comment_status":"open","ping_status":"closed","sticky":false,"template":"","format":"standard","meta":{"footnotes":""},"categories":[14],"tags":[27,3912,200,32],"class_list":["post-104740","post","type-post","status-publish","format-standard","hentry","category-apple","tag-akku","tag-apple","tag-apple-store","tag-kritik"],"aioseo_notices":[],"featured_image":["https:\/\/images.iphone-ticker.de\/wp-content\/uploads\/2016\/01\/apple-store.jpg"],"subheadline":["\u00dcberfreundliche \u00dcberforderung"],"rest_api_enabler":{"featured_image":"https:\/\/images.iphone-ticker.de\/wp-content\/uploads\/2016\/01\/apple-store.jpg","subheadline":"\u00dcberfreundliche \u00dcberforderung"},"_links":{"self":[{"href":"https:\/\/www.iphone-ticker.de\/apiv2\/wp\/v2\/posts\/104740","targetHints":{"allow":["GET"]}}],"collection":[{"href":"https:\/\/www.iphone-ticker.de\/apiv2\/wp\/v2\/posts"}],"about":[{"href":"https:\/\/www.iphone-ticker.de\/apiv2\/wp\/v2\/types\/post"}],"author":[{"embeddable":true,"href":"https:\/\/www.iphone-ticker.de\/apiv2\/wp\/v2\/users\/1"}],"replies":[{"embeddable":true,"href":"https:\/\/www.iphone-ticker.de\/apiv2\/wp\/v2\/comments?post=104740"}],"version-history":[{"count":1,"href":"https:\/\/www.iphone-ticker.de\/apiv2\/wp\/v2\/posts\/104740\/revisions"}],"predecessor-version":[{"id":104741,"href":"https:\/\/www.iphone-ticker.de\/apiv2\/wp\/v2\/posts\/104740\/revisions\/104741"}],"wp:attachment":[{"href":"https:\/\/www.iphone-ticker.de\/apiv2\/wp\/v2\/media?parent=104740"}],"wp:term":[{"taxonomy":"category","embeddable":true,"href":"https:\/\/www.iphone-ticker.de\/apiv2\/wp\/v2\/categories?post=104740"},{"taxonomy":"post_tag","embeddable":true,"href":"https:\/\/www.iphone-ticker.de\/apiv2\/wp\/v2\/tags?post=104740"}],"curies":[{"name":"wp","href":"https:\/\/api.w.org\/{rel}","templated":true}]}}