{"id":10220,"date":"2010-03-19T16:40:04","date_gmt":"2010-03-19T15:40:04","guid":{"rendered":"http:\/\/www.iphone-ticker.de\/2010\/03\/19\/ab-april-mobilcom-debitel-steigt-in-den-iphone-verkauf-ein\/"},"modified":"2010-03-19T16:40:04","modified_gmt":"2010-03-19T15:40:04","slug":"ab-april-mobilcom-debitel-steigt-in-den-iphone-verkauf-ein","status":"publish","type":"post","link":"https:\/\/www.iphone-ticker.de\/ab-april-mobilcom-debitel-steigt-in-den-iphone-verkauf-ein-10220\/","title":{"rendered":"Ab April: mobilcom-debitel steigt in den iPhone-Verkauf ein"},"content":{"rendered":"<p><img decoding=\"async\" src=\"http:\/\/www.iphone-ticker.de\/wp-content\/uploads\/2010\/03\/freenet.png\" alt=\"freenet.png\" align=\"right\" \/>Wenig spektakul\u00e4r, hat <a href=\"http:\/\/freenet.de\">Freenet<\/a> soeben die bevorstehende Erweiterung des iPhone-Vertriebsnetzes bekanntgegeben. So soll das iPhone ab Anfang April  auch \u00fcber Deutschlands drittgr\u00f6\u00dften Mobilfunkanbieter, <a href=\"http:\/\/www.mobilcom-debitel.de\/\">mobilcom-debitel<\/a>, vermarktet werden.<\/p>\n<p>Ab dem 29. M\u00e4rz wird das iPhone deutschlandweit in \u00fcber 1000 mobilcom-debitel-Shops, in allen Media M\u00e4rkten und Saturn-Filialen verf\u00fcgbar sein &#8211; kann jedoch nach wie vor nur mit den bereits bekannten <a href=\"http:\/\/ad.zanox.com\/ppc\/?14706322C1620354521T\">Complete-Tarifen der Telekom<\/a> erworben werden. mobilcom-debitel ist eine Tochter der Freenet AG; Freenet selbst, bereits seit dem Verkaufsstart des ersten iPhone-Generation im Besitz der .de-Domain: <a href=\"http:\/\/www.iphone.de\">www.iphone.de<\/a><\/p>\n<p>Die von mobilcom-debitel ausgegebene Tarif-\u00dcbersicht haben wir im Anschluss hinterlegt, ansonsten bleibt alles beim Alten. <!--more--><\/p>\n<p style=\"text-align: center\"><img decoding=\"async\" src=\"http:\/\/www.iphone-ticker.de\/wp-content\/uploads\/2010\/03\/freenettarife.png\" alt=\"freenettarife.png\" \/><\/p>\n","protected":false},"excerpt":{"rendered":"<a href=\"https:\/\/www.iphone-ticker.de\/ab-april-mobilcom-debitel-steigt-in-den-iphone-verkauf-ein-10220\/\"><img decoding=\"async\" width=\"150\" src=\"http:\/\/www.iphone-ticker.de\/wp-content\/uploads\/2010\/03\/freenet.png\" class=\"alignright wp-post-image tfe\" alt=\"freenet.png\" title=\"\" \/><\/a><p>Wenig spektakul\u00e4r, hat Freenet soeben die bevorstehende Erweiterung des iPhone-Vertriebsnetzes bekanntgegeben. So soll das iPhone ab Anfang April auch \u00fcber Deutschlands drittgr\u00f6\u00dften Mobilfunkanbieter, mobilcom-debitel, vermarktet werden. Ab dem 29. M\u00e4rz wird das iPhone deutschlandweit in \u00fcber 1000 mobilcom-debitel-Shops, in allen Media M\u00e4rkten und Saturn-Filialen verf\u00fcgbar sein &#8211; kann jedoch nach wie vor nur mit den [&hellip;]<\/p>\n","protected":false},"author":1,"featured_media":0,"comment_status":"open","ping_status":"closed","sticky":false,"template":"","format":"standard","meta":{"footnotes":""},"categories":[1],"tags":[37,124,12],"class_list":["post-10220","post","type-post","status-publish","format-standard","hentry","category-news","tag-t-mobile","tag-tarif","tag-vertrag"],"aioseo_notices":[],"rest_api_enabler":[],"_links":{"self":[{"href":"https:\/\/www.iphone-ticker.de\/apiv2\/wp\/v2\/posts\/10220","targetHints":{"allow":["GET"]}}],"collection":[{"href":"https:\/\/www.iphone-ticker.de\/apiv2\/wp\/v2\/posts"}],"about":[{"href":"https:\/\/www.iphone-ticker.de\/apiv2\/wp\/v2\/types\/post"}],"author":[{"embeddable":true,"href":"https:\/\/www.iphone-ticker.de\/apiv2\/wp\/v2\/users\/1"}],"replies":[{"embeddable":true,"href":"https:\/\/www.iphone-ticker.de\/apiv2\/wp\/v2\/comments?post=10220"}],"version-history":[{"count":0,"href":"https:\/\/www.iphone-ticker.de\/apiv2\/wp\/v2\/posts\/10220\/revisions"}],"wp:attachment":[{"href":"https:\/\/www.iphone-ticker.de\/apiv2\/wp\/v2\/media?parent=10220"}],"wp:term":[{"taxonomy":"category","embeddable":true,"href":"https:\/\/www.iphone-ticker.de\/apiv2\/wp\/v2\/categories?post=10220"},{"taxonomy":"post_tag","embeddable":true,"href":"https:\/\/www.iphone-ticker.de\/apiv2\/wp\/v2\/tags?post=10220"}],"curies":[{"name":"wp","href":"https:\/\/api.w.org\/{rel}","templated":true}]}}