{"id":101565,"date":"2016-09-09T16:50:46","date_gmt":"2016-09-09T14:50:46","guid":{"rendered":"http:\/\/www.iphone-ticker.de\/?p=101565"},"modified":"2016-09-09T17:30:57","modified_gmt":"2016-09-09T15:30:57","slug":"iphone-7-lieblingsfarbe-14-000-leser-stimmen-ab","status":"publish","type":"post","link":"https:\/\/www.iphone-ticker.de\/iphone-7-lieblingsfarbe-14-000-leser-stimmen-ab-101565\/","title":{"rendered":"iPhone 7 Lieblingsfarbe: 14.000 Leser stimmen ab"},"content":{"rendered":"<p>Kurzer Nachtrag zu unserer spontanen iPhone 7-Umfrage, die wir <a href=\"http:\/\/www.iphone-ticker.de\/schon-entschieden-umfrage-zur-iphone-7-vorbestellung-101484\/\">gestern Nachmittag<\/a> gestartet und euch darin nach den pers\u00f6nlichen Ger\u00e4te-Vorlieben befragt haben. <\/p>\n<p><a href=\"https:\/\/images.iphone-ticker.de\/wp-content\/uploads\/2016\/09\/order-1.jpg\"><img loading=\"lazy\" decoding=\"async\" src=\"https:\/\/images.iphone-ticker.de\/wp-content\/uploads\/2016\/09\/order-1.jpg\" alt=\"Order\" width=\"500\" height=\"409\" class=\"aligncenter size-full wp-image-101567\" srcset=\"https:\/\/images.iphone-ticker.de\/wp-content\/uploads\/2016\/09\/order-1.jpg 500w, https:\/\/images.iphone-ticker.de\/wp-content\/uploads\/2016\/09\/order-1-300x245.jpg 300w\" sizes=\"auto, (max-width: 500px) 100vw, 500px\" \/><\/a><\/p>\n<p>Wir wollten Wissen: Habt ihr vor ein iPhone 7 oder ein iPhone 7 Plus zu bestellen? Welche Speichergr\u00f6\u00dfe fasst ihr dabei ins Auge? Und: Welche Farbvariante soll es sein?<\/p>\n<p>Nach der Abgabe von knapp 14.500 Leserstimmen stehen die Ergebnisse <a href=\"https:\/\/docs.google.com\/forms\/d\/e\/1FAIpQLSfYzoHUjMfA2RUMXqlvzMqorHZMorCajx2gMMhB3eiZwYTXxA\/viewanalytics?usp=form_confirm\">inzwischen fest<\/a>. Aus dem Pool der Fragebogen-Teilnehmer haben sich 38,8% gegen eine Bestellung entschieden. Gut ein Viertel (25,6%) wollte das iPhone 7 Plus bestellen, 35,6% hatten sich auf das iPhone 7 eingestellt. <\/p>\n<h2>Schwarz dominiert<\/h2>\n<p>Bei den beliebtesten Farben dominiert das schlichte Schwarz eindeutig. Deutlich mehr als die H\u00e4lfte (60,2%) aller iPhone 7-Interessenten bevorzugen Apples mattes schwarz. Das neue Diamantschwarz wird von 26,9% der potentiellen Kunden pr\u00e4feriert und liegt damit auf dem zweiten Platz. W\u00e4hrend Silber immerhin noch auf 9,7% kommt, sind Gold und Ros\u00e9gold mit 2% bzw. 1,3% deutlich abgeschlagen. <\/p>\n<p><a href=\"https:\/\/images.iphone-ticker.de\/wp-content\/uploads\/2016\/09\/farben.jpg\"><img loading=\"lazy\" decoding=\"async\" src=\"https:\/\/images.iphone-ticker.de\/wp-content\/uploads\/2016\/09\/farben.jpg\" alt=\"Farben\" width=\"700\" height=\"509\" class=\"aligncenter size-full wp-image-101568\" srcset=\"https:\/\/images.iphone-ticker.de\/wp-content\/uploads\/2016\/09\/farben.jpg 700w, https:\/\/images.iphone-ticker.de\/wp-content\/uploads\/2016\/09\/farben-300x218.jpg 300w\" sizes=\"auto, (max-width: 700px) 100vw, 700px\" \/><\/a><\/p>\n<p>Eine \u00e4hnliche Verteilung gilt auch f\u00fcr das iPhone 7 Plus. Hier Diamantschwarz (38,2%) und Silber (8,5%) k\u00f6nnen dem schlichten Schwarz (48,5%) jedoch ein paar Prozentpunkte streitig machen. <\/p>\n<h2>Klarer Speicher-Favorit: 128GB <\/h2>\n<p>Was den Ger\u00e4tespeicher angeht dominiert die goldene Mitte von 128GB. Diese wird von 74,7% aller iPhone 7 und 65,6% aller iPhone 7 Plus K\u00e4ufer pr\u00e4feriert. W\u00e4hrend sich die restlichen Anwender beim iPhone 7 zu fast gleichen Teilen zwischen 32GB (14,3%) und 256GB (11%) entscheiden, greifen iPhone 7 Plus-Kunden h\u00e4ufiger (27,4%) zur gro\u00dfen 256GB-Variante. <\/p>\n<p><a href=\"https:\/\/images.iphone-ticker.de\/wp-content\/uploads\/2016\/09\/speicher.jpg\"><img loading=\"lazy\" decoding=\"async\" src=\"https:\/\/images.iphone-ticker.de\/wp-content\/uploads\/2016\/09\/speicher.jpg\" alt=\"Speicher\" width=\"700\" height=\"444\" class=\"aligncenter size-full wp-image-101570\" srcset=\"https:\/\/images.iphone-ticker.de\/wp-content\/uploads\/2016\/09\/speicher.jpg 700w, https:\/\/images.iphone-ticker.de\/wp-content\/uploads\/2016\/09\/speicher-300x190.jpg 300w\" sizes=\"auto, (max-width: 700px) 100vw, 700px\" \/><\/a><\/p>\n","protected":false},"excerpt":{"rendered":"<a href=\"https:\/\/www.iphone-ticker.de\/iphone-7-lieblingsfarbe-14-000-leser-stimmen-ab-101565\/\"><img width=\"150\" height=\"150\" src=\"https:\/\/images.iphone-ticker.de\/wp-content\/uploads\/2016\/09\/speicher-150x150.jpg\" class=\"alignright tfe wp-post-image\" alt=\"Speicher\" decoding=\"async\" loading=\"lazy\" \/><\/a><p>Kurzer Nachtrag zu unserer spontanen iPhone 7-Umfrage, die wir gestern Nachmittag gestartet und euch darin nach den pers\u00f6nlichen Ger\u00e4te-Vorlieben befragt haben. Wir wollten Wissen: Habt ihr vor ein iPhone 7 oder ein iPhone 7 Plus zu bestellen? Welche Speichergr\u00f6\u00dfe fasst ihr dabei ins Auge? Und: Welche Farbvariante soll es sein? Nach der Abgabe von knapp [&hellip;]<\/p>\n","protected":false},"author":1,"featured_media":101570,"comment_status":"open","ping_status":"closed","sticky":false,"template":"","format":"standard","meta":{"footnotes":""},"categories":[749],"tags":[1710,2903,497,49],"class_list":["post-101565","post","type-post","status-publish","format-standard","has-post-thumbnail","hentry","category-iphone-2","tag-farben","tag-iphone-7","tag-speicher","tag-zahlen"],"aioseo_notices":[],"subheadline":["Speicher-Favorit 128GB"],"featured_image":["https:\/\/images.iphone-ticker.de\/wp-content\/uploads\/2016\/09\/iPhone-7-farben.jpg"],"rest_api_enabler":{"subheadline":"Speicher-Favorit 128GB","featured_image":"https:\/\/images.iphone-ticker.de\/wp-content\/uploads\/2016\/09\/iPhone-7-farben.jpg"},"_links":{"self":[{"href":"https:\/\/www.iphone-ticker.de\/apiv2\/wp\/v2\/posts\/101565","targetHints":{"allow":["GET"]}}],"collection":[{"href":"https:\/\/www.iphone-ticker.de\/apiv2\/wp\/v2\/posts"}],"about":[{"href":"https:\/\/www.iphone-ticker.de\/apiv2\/wp\/v2\/types\/post"}],"author":[{"embeddable":true,"href":"https:\/\/www.iphone-ticker.de\/apiv2\/wp\/v2\/users\/1"}],"replies":[{"embeddable":true,"href":"https:\/\/www.iphone-ticker.de\/apiv2\/wp\/v2\/comments?post=101565"}],"version-history":[{"count":3,"href":"https:\/\/www.iphone-ticker.de\/apiv2\/wp\/v2\/posts\/101565\/revisions"}],"predecessor-version":[{"id":101572,"href":"https:\/\/www.iphone-ticker.de\/apiv2\/wp\/v2\/posts\/101565\/revisions\/101572"}],"wp:featuredmedia":[{"embeddable":true,"href":"https:\/\/www.iphone-ticker.de\/apiv2\/wp\/v2\/media\/101570"}],"wp:attachment":[{"href":"https:\/\/www.iphone-ticker.de\/apiv2\/wp\/v2\/media?parent=101565"}],"wp:term":[{"taxonomy":"category","embeddable":true,"href":"https:\/\/www.iphone-ticker.de\/apiv2\/wp\/v2\/categories?post=101565"},{"taxonomy":"post_tag","embeddable":true,"href":"https:\/\/www.iphone-ticker.de\/apiv2\/wp\/v2\/tags?post=101565"}],"curies":[{"name":"wp","href":"https:\/\/api.w.org\/{rel}","templated":true}]}}