{"id":101310,"date":"2016-09-06T14:39:10","date_gmt":"2016-09-06T12:39:10","guid":{"rendered":"http:\/\/www.iphone-ticker.de\/?p=101310"},"modified":"2016-09-06T19:15:02","modified_gmt":"2016-09-06T17:15:02","slug":"roaming-ende-2017-maximal-90-tage-pro-jahr","status":"publish","type":"post","link":"https:\/\/www.iphone-ticker.de\/roaming-ende-2017-maximal-90-tage-pro-jahr-101310\/","title":{"rendered":"Roaming-Ende 2017: Maximal 90 Tage pro Jahr"},"content":{"rendered":"<p>Der endg\u00fcltige Abschied von den europaweit g\u00fcltigen <a href=\"http:\/\/www.iphone-ticker.de\/tag\/Roaming\/\">Roaming-Geb\u00fchren<\/a> war eigentlich f\u00fcr 2017 geplant. Ab dem kommenden Sommer, so die Pl\u00e4ne der EU-Kommission, sollten Verbraucher nach nunmehr drei Tarif-Anpassungen, endlich nicht mehr extra zahlen m\u00fcssen, wenn sie im EU-Ausland mobil telefonieren, im Netz surfen oder SMS versenden.<\/p>\n<p><a href=\"https:\/\/images.iphone-ticker.de\/wp-content\/uploads\/2015\/05\/roaming.jpg\"><img loading=\"lazy\" decoding=\"async\" class=\"aligncenter size-full wp-image-81871\" src=\"https:\/\/images.iphone-ticker.de\/wp-content\/uploads\/2015\/05\/roaming.jpg\" alt=\"roaming\" width=\"500\" height=\"313\" srcset=\"https:\/\/images.iphone-ticker.de\/wp-content\/uploads\/2015\/05\/roaming.jpg 500w, https:\/\/images.iphone-ticker.de\/wp-content\/uploads\/2015\/05\/roaming-300x188.jpg 300w\" sizes=\"auto, (max-width: 500px) 100vw, 500px\" \/><\/a><\/p>\n<p>Zum 30. April 2016 wurden die Geb\u00fchren f\u00fcr die Nutzung von Mobilfunkdiensten im EU-Ausland ein weiteres Mal gesenkt und sollten damit die letzte Stufe vor ihrer geplanten Abschaffung im Sommer 2017 erreicht haben.<\/p>\n<p>Doch so richtig wegfallen werden die Roaming-Geb\u00fchren wohl auch im kommenden Jahr nicht. Dies geht aus <a href=\"http:\/\/ec.europa.eu\/info\/law\/better-regulation\/initiatives\/ares20164977189_en\">einem 14-seitigen Entwurf<\/a> der EU-Kommission hervor, der sich unter der \u00dcberschrift &#8222;Implementing Regulation Fair Use Policy sustainability&#8220; jetzt auf dem Online-Portal der Kommission einsehen und kommentieren l\u00e4sst.<\/p>\n<p>So scheint sich die Kommission auf eine &#8222;Fair Use&#8220;-Richtlinie verst\u00e4ndigen zu wollen, die die Roamingkosten-freie Nutzung des eigenen Mobiltelefons f\u00fcr maximal 30 Tage am St\u00fcck vorsieht.<\/p>\n<p>Zudem soll die Obergrenze von 90 Tagen pro Jahr nicht \u00fcberschritten werden d\u00fcrfen. Mit der Regelung will die EU-Kommission hiesige Mobilfunknutzer davon abhalten, g\u00fcnstigen Handy-Tarif im Ausland abzuschlie\u00dfen und diese dann wie einen innerdeutschen Vertrag 365 Tage im Jahr zu nutzen.<\/p>\n<blockquote><p>Data on travelling patterns across the Union indicate that a fair use policy enabling roaming customers to use regulated retail roaming services at the applicable domestic price for at least 90 days in any one year would cover virtually all communications needs of Union customers travelling periodically for holidays and professional purposes.<\/p><\/blockquote>\n<p>Die Tagesschau macht auf eine ganz praktische H\u00fcrde des Roaming-Abschiedes <a href=\"http:\/\/www.tagesschau.de\/wirtschaft\/eu-roaming-101.html\">aufmerksam<\/a>, der diese Bezeichnung eigentlich nicht verdient hat: &#8222;Ein l\u00e4ngerer Aufenthalt im EU-Ausland, zum Beispiel w\u00e4hrend eines Praktikums, w\u00fcrde damit schon zu Problemen f\u00fchren.&#8220;<\/p>\n","protected":false},"excerpt":{"rendered":"<a href=\"https:\/\/www.iphone-ticker.de\/roaming-ende-2017-maximal-90-tage-pro-jahr-101310\/\"><img width=\"150\" height=\"150\" src=\"https:\/\/images.iphone-ticker.de\/wp-content\/uploads\/2016\/09\/roaming-150x150.jpg\" class=\"alignright tfe wp-post-image\" alt=\"Roaming\" decoding=\"async\" loading=\"lazy\" \/><\/a><p>Der endg\u00fcltige Abschied von den europaweit g\u00fcltigen Roaming-Geb\u00fchren war eigentlich f\u00fcr 2017 geplant. Ab dem kommenden Sommer, so die Pl\u00e4ne der EU-Kommission, sollten Verbraucher nach nunmehr drei Tarif-Anpassungen, endlich nicht mehr extra zahlen m\u00fcssen, wenn sie im EU-Ausland mobil telefonieren, im Netz surfen oder SMS versenden. Zum 30. April 2016 wurden die Geb\u00fchren f\u00fcr die [&hellip;]<\/p>\n","protected":false},"author":1,"featured_media":101312,"comment_status":"open","ping_status":"closed","sticky":false,"template":"","format":"standard","meta":{"footnotes":""},"categories":[1,1975],"tags":[48,869,124,12],"class_list":["post-101310","post","type-post","status-publish","format-standard","has-post-thumbnail","hentry","category-news","category-feature","tag-geld","tag-roaming","tag-tarif","tag-vertrag"],"aioseo_notices":[],"subheadline":["Gegen Auslandsvertr\u00e4ge"],"featured_image":["https:\/\/images.iphone-ticker.de\/wp-content\/uploads\/2016\/09\/roaming.jpg"],"rest_api_enabler":{"subheadline":"Gegen Auslandsvertr\u00e4ge","featured_image":"https:\/\/images.iphone-ticker.de\/wp-content\/uploads\/2016\/09\/roaming.jpg"},"_links":{"self":[{"href":"https:\/\/www.iphone-ticker.de\/apiv2\/wp\/v2\/posts\/101310","targetHints":{"allow":["GET"]}}],"collection":[{"href":"https:\/\/www.iphone-ticker.de\/apiv2\/wp\/v2\/posts"}],"about":[{"href":"https:\/\/www.iphone-ticker.de\/apiv2\/wp\/v2\/types\/post"}],"author":[{"embeddable":true,"href":"https:\/\/www.iphone-ticker.de\/apiv2\/wp\/v2\/users\/1"}],"replies":[{"embeddable":true,"href":"https:\/\/www.iphone-ticker.de\/apiv2\/wp\/v2\/comments?post=101310"}],"version-history":[{"count":2,"href":"https:\/\/www.iphone-ticker.de\/apiv2\/wp\/v2\/posts\/101310\/revisions"}],"predecessor-version":[{"id":101313,"href":"https:\/\/www.iphone-ticker.de\/apiv2\/wp\/v2\/posts\/101310\/revisions\/101313"}],"wp:featuredmedia":[{"embeddable":true,"href":"https:\/\/www.iphone-ticker.de\/apiv2\/wp\/v2\/media\/101312"}],"wp:attachment":[{"href":"https:\/\/www.iphone-ticker.de\/apiv2\/wp\/v2\/media?parent=101310"}],"wp:term":[{"taxonomy":"category","embeddable":true,"href":"https:\/\/www.iphone-ticker.de\/apiv2\/wp\/v2\/categories?post=101310"},{"taxonomy":"post_tag","embeddable":true,"href":"https:\/\/www.iphone-ticker.de\/apiv2\/wp\/v2\/tags?post=101310"}],"curies":[{"name":"wp","href":"https:\/\/api.w.org\/{rel}","templated":true}]}}